{"id":67331,"date":"2021-06-10T10:41:00","date_gmt":"2021-06-10T10:41:00","guid":{"rendered":"https:\/\/www.rent.is\/non-classifiee\/lislande-en-ete-un-guide-saisonnier\/"},"modified":"2025-05-16T15:12:19","modified_gmt":"2025-05-16T15:12:19","slug":"lislande-en-ete-un-guide-saisonnier","status":"publish","type":"post","link":"https:\/\/www.rent.is\/fr\/blog-fr\/lislande-en-ete-un-guide-saisonnier\/","title":{"rendered":"L&#8217;Islande en \u00e9t\u00e9 : Un guide saisonnier"},"content":{"rendered":"\n<p>L&#8217;\u00e9t\u00e9 transforme l&#8217;Islande de la plus belle des mani\u00e8res. Le manteau neigeux s&#8217;amenuise et vous pouvez voir la beaut\u00e9 de la r\u00e9gion sous son vrai jour ! Lors de mon voyage, j&#8217;ai particuli\u00e8rement aim\u00e9 les vall\u00e9es \u00e9meraude et les chutes d&#8217;eau en cascade de l&#8217;Islande. Il ne serait pas exag\u00e9r\u00e9 de dire que j&#8217;ai laiss\u00e9 une partie de mon c\u0153ur dans les magnifiques champs de fleurs sauvages de l&#8217;\u00eele.     <\/p>\n\n<p>J&#8217;aimerais profiter de cet article de blog pour partager mon exp\u00e9rience de visite de l&#8217;Islande en \u00e9t\u00e9, en particulier des Fjords de l&#8217;Ouest et du Nord. De la m\u00e9t\u00e9o aux activit\u00e9s, en passant par la liste de choses \u00e0 faire en Islande en \u00e9t\u00e9, parlons-en !   <\/p>\n\n<figure class=\"wp-block-image is-resized\"><img decoding=\"async\" src=\"https:\/\/lh7-us.googleusercontent.com\/WtfIj1yCb1jE0xGiQjTESwKKmwAVW8QEDR6mbGnEc88X3QfhRIDMrPJacKZCPULy0RKhHpIoXUUY_RLk6aoWT2WcDzWcUjOr99EwyYtQGiapHmu63s53MIDsj70cAiYtuX8viz12IkcGo5TAbX2KqcY\" alt=\"Chutes d'eau et montagnes en Islande\" style=\"width:838px;height:auto\"\/><\/figure>\n\n<h2 class=\"wp-block-heading\">\u00c0 quoi ressemble l&#8217;Islande en \u00e9t\u00e9 ?  <\/h2>\n\n<p>L&#8217;Islande peut en effet devenir tr\u00e8s touristique de juin \u00e0 ao\u00fbt, mais c&#8217;est l&#8217;un des rares endroits que je recommanderais de visiter pendant ces mois de forte affluence.  <em>Parce que l&#8217;Islande est si belle en \u00e9t\u00e9 !<\/em><\/p>\n\n<h2 class=\"wp-block-heading\">M\u00e9t\u00e9o en Islande en \u00e9t\u00e9  <\/h2>\n\n<p>En Islande, les temp\u00e9ratures estivales correspondent \u00e0 ce que j&#8217;appellerais un &#8220;\u00e9t\u00e9 froid&#8221;. En g\u00e9n\u00e9ral, vous pouvez vous attendre \u00e0 des temp\u00e9ratures comprises entre 10 et 13 \u00b0C (50 et 55 \u00b0F). Certains jours, elles peuvent atteindre 20 \u00e0 25 \u00b0C (68 \u00e0 77 \u00b0F). Cela signifie qu&#8217;il fait suffisamment chaud pour profiter de l&#8217;ext\u00e9rieur, mais suffisamment frais pour ne pas surchauffer pendant les activit\u00e9s.     <\/p>\n\n<p>Quand est l&#8217;\u00e9t\u00e9 en Islande ? L&#8217;\u00e9t\u00e9 islandais s&#8217;\u00e9tend de la mi-juin \u00e0 la fin ao\u00fbt, les mois les plus chauds \u00e9tant juillet et ao\u00fbt. Situ\u00e9 juste en dessous du cercle polaire arctique, le pays conna\u00eet de longues heures de clart\u00e9 pendant l&#8217;\u00e9t\u00e9. Le c\u00e9l\u00e8bre <a href=\"https:\/\/www.rent.is\/camperstories\/trip-land-midnight-sun\/\">soleil de minuit<\/a> illumine le <a href=\"https:\/\/www.rent.is\/blog\/iceland-night-sky\/\">ciel nocturne islandais<\/a> pendant pr\u00e8s de 24 heures par jour de la mi-juin au d\u00e9but du mois de juillet : un spectacle vraiment spectaculaire que je recommande \u00e0 tout le monde de d\u00e9couvrir au moins une fois dans sa vie !    <\/p>\n\n<h3 class=\"wp-block-heading\">Juin<\/h3>\n\n<p>Le mois de juin marque le d\u00e9but de l&#8217;\u00e9t\u00e9 en Islande. Les jours commencent \u00e0 s&#8217;allonger et le soleil de minuit commence \u00e0 \u00e9clairer le paysage tout au long de la journ\u00e9e. Avec la fonte lente des glaces et le r\u00e9chauffement des temp\u00e9ratures, le paysage se pare de verts \u00e9clatants, parsem\u00e9s de quelques plaques de neige. Les temp\u00e9ratures restent relativement froides, allant g\u00e9n\u00e9ralement de 8\u00b0C \u00e0 13\u00b0C (46\u00b0F \u00e0 55\u00b0F), mais avec des v\u00eatements appropri\u00e9s, c&#8217;est le moment id\u00e9al pour des aventures en plein air comme la randonn\u00e9e, l&#8217;observation des baleines et l&#8217;exploration des magnifiques <a href=\"https:\/\/www.rent.is\/blog\/waterfalls-in-iceland\/\">chutes d&#8217;eau<\/a> et des merveilles g\u00e9othermiques de l&#8217;Islande.   <\/p>\n\n<h3 class=\"wp-block-heading\">L&#8217;Islande en juillet<\/h3>\n\n<p>Le mois de juillet est le c\u0153ur de l&#8217;\u00e9t\u00e9 en Islande, avec de longues journ\u00e9es remplies d&#8217;un soleil infini. En juillet, le climat islandais est g\u00e9n\u00e9ralement doux, avec des temp\u00e9ratures comprises entre 10\u00b0C et 15\u00b0C (50\u00b0F et 59\u00b0F) en moyenne. C&#8217;est l&#8217;un des mois les plus populaires pour visiter l&#8217;Islande, car la campagne est en pleine floraison, offrant des paysages spectaculaires pour la randonn\u00e9e, le camping et la photographie. C&#8217;est \u00e9galement une excellente p\u00e9riode pour assister aux \u00e9v\u00e9nements et aux festivals d&#8217;\u00e9t\u00e9 et s&#8217;immerger dans la culture locale.     <\/p>\n\n<h3 class=\"wp-block-heading\">L&#8217;Islande en ao\u00fbt<\/h3>\n\n<p>Alors que l&#8217;\u00e9t\u00e9 touche \u00e0 sa fin, les journ\u00e9es d&#8217;ao\u00fbt restent longues et le temps agr\u00e9able, m\u00eame si les temp\u00e9ratures commencent \u00e0 se rafra\u00eechir l\u00e9g\u00e8rement, allant de 9\u00b0C \u00e0 14\u00b0C (48\u00b0F \u00e0 57\u00b0F) en moyenne. Malgr\u00e9 la l\u00e9g\u00e8re baisse des temp\u00e9ratures, le mois d&#8217;ao\u00fbt reste id\u00e9al pour explorer les sites naturels de l&#8217;Islande, des glaciers aux sites volcaniques. C&#8217;est aussi le moment id\u00e9al pour faire de l&#8217;\u00e9quitation, observer les oiseaux, admirer les couchers de soleil et se baigner dans les sources d&#8217;eau chaude g\u00e9othermiques.  <\/p>\n\n<h2 class=\"wp-block-heading\">Les fjords de l&#8217;ouest en \u00e9t\u00e9  <\/h2>\n\n<p>Les Westfjords sont le r\u00eave de tout photographe paysagiste. Les pics montagneux escarp\u00e9s escaladent le ciel et leurs pentes sont tapiss\u00e9es d&#8217;un vert \u00e9clatant en \u00e9t\u00e9. L&#8217;Islande est connue pour ses fjords majestueux, qui s&#8217;enfoncent profond\u00e9ment dans la terre, cr\u00e9ant d&#8217;imposants panoramas o\u00f9 les falaises imposantes rencontrent la mer. Vous d\u00e9couvrirez ici l&#8217;un des littoraux les plus spectaculaires que j&#8217;aie jamais vus !     <\/p>\n\n<p>Oubliez les <a href=\"https:\/\/www.rent.is\/fr\/blog-fr\/plages-de-sable-noir-en-islande-une-merveille-naturelle-a-visiter\/\">plages de sable noir<\/a> (bien qu&#8217;elles existent ici aussi !). Les Westfjords sont c\u00e9l\u00e8bres pour leurs longues \u00e9tendues de sable dor\u00e9. La plage de Rau\u00f0asandur, par exemple, s&#8217;enorgueillit d&#8217;un sable rouge-or qui scintille sous les rayons du soleil. Imaginez un peu : vous vous promenez le long de ces c\u00f4tes immacul\u00e9es, les vagues fra\u00eeches de l&#8217;Atlantique clapotent sur vos orteils et l&#8217;\u00e9tendue de l&#8217;oc\u00e9an s&#8217;\u00e9tend \u00e0 l&#8217;horizon.     <\/p>\n\n<figure class=\"wp-block-image is-resized\"><img decoding=\"async\" src=\"https:\/\/lh7-us.googleusercontent.com\/ZF716YrCkIf9czkkIM2gLBX3mBLBujeaGdoV07uWXqk1-FpbLqiCFBl4utS8O8FPjLNTMcMVT871DgYZJUEF3wR8qcBcyVkrVDZF5hj_xcxpiNwnkjiPm1b9s20GIP-T6cMtiml7rqCK5y1ebwUa-Sg\" alt=\"Plage de Rau&#xF0;asandur\" style=\"width:839px;height:auto\"\/><\/figure>\n\n<p>Et n&#8217;oubliez pas les champs ! Les fjords de l&#8217;Ouest s&#8217;enorgueillissent de superbes champs verdoyants, un spectacle que vous ne verrez que dans cette destination.   <\/p>\n\n<h2 class=\"wp-block-heading\">Le nord de l&#8217;Islande en \u00e9t\u00e9<\/h2>\n\n<p>Si les Westfjords impressionnent par leurs c\u00f4tes spectaculaires, le nord de l&#8217;Islande offre une magie diff\u00e9rente. Ici, le paysage est domin\u00e9 par les parcs nationaux, les chutes d&#8217;eau et une touche de froid arctique. <\/p>\n\n<p>Des montagnes volcaniques, peintes dans des tons noirs, bruns et rouges, s&#8217;\u00e9l\u00e8vent des plaines. D&#8217;\u00e9normes glaciers se frayent un chemin \u00e0 travers le paysage. Ils laissent derri\u00e8re eux des icebergs qui pars\u00e8ment des lacs glaciaires turquoise (voir ci-dessous pour une vue appropri\u00e9e !). Cette beaut\u00e9 brute et indompt\u00e9e fait plaisir \u00e0 voir.     <\/p>\n\n<p>La travers\u00e9e du nord de l&#8217;Islande est une exp\u00e9rience en soi. De longues routes sinueuses serpentent \u00e0 travers les plaines. Parfois, vous apercevrez un village islandais en chemin. Le sentiment d&#8217;isolement est si exaltant que la nature brute qui m&#8217;entourait pendant mon voyage m&#8217;a vraiment donn\u00e9 des ailes ! (Vous devez cependant \u00eatre pr\u00eat \u00e0 affronter l&#8217;air frais que vous ressentirez lorsque vous baisserez la vitre).      <\/p>\n\n<figure class=\"wp-block-image is-resized\"><img decoding=\"async\" src=\"https:\/\/lh7-us.googleusercontent.com\/5nYbPb4Ms1s0BzxIPNdY0nw5jE9MAgtaNsKFW4mmhthNwQPRzzx-WgU1OQ3jnLOUBdE7FhT5ZWRhmXVBPjxA8BMPBeXFlqSeiNfFb9EEHMHEAyJFliy38J3P0JafKZXs9c2MFfBLdrJup1GRX9ImY_I\" alt=\"Queue de baleine dans l'oc&#xE9;an\" style=\"width:840px;height:auto\"\/><\/figure>\n\n<h2 class=\"wp-block-heading\">Que faut-il emporter en Islande en \u00e9t\u00e9 ?  <\/h2>\n\n<p>Comme vous pouvez vous en douter, faire ses valises pour l&#8217;Islande en \u00e9t\u00e9 n&#8217;est pas la m\u00eame chose que faire ses valises pour les Cara\u00efbes en \u00e9t\u00e9. Lorsque vous faites vos valises pour le climat estival de l&#8217;Islande, assurez-vous d&#8217;ajouter des couches de chemises \u00e0 manches courtes et longues et de pulls afin d&#8217;\u00eatre pr\u00eat \u00e0 faire face \u00e0 des changements soudains de temp\u00e9rature. Vous pouvez \u00e9galement vous attendre \u00e0 des averses, c&#8217;est pourquoi il est conseill\u00e9 d&#8217;emporter des vestes imperm\u00e9ables et des chaussures de randonn\u00e9e. Vous devez \u00e9galement emporter d&#8217;autres articles de voyage essentiels. Maillots de bain, protection solaire, cr\u00e8mes hydratantes&#8230; vous connaissez la chanson.    <\/p>\n\n<p>Voici ce qu&#8217;il faut emporter pour une aventure estivale en Islande :<\/p>\n\n<p><strong>V\u00eatements<\/strong><\/p>\n\n<ul class=\"wp-block-list\">\n<li>Couches de base l\u00e9g\u00e8res et absorbant l&#8217;humidit\u00e9  <\/li>\n\n\n\n<li>Veste polaire<\/li>\n\n\n\n<li>Veste imperm\u00e9able et coupe-vent<\/li>\n\n\n\n<li>Pantalon imperm\u00e9able<\/li>\n\n\n\n<li>Pantalon de randonn\u00e9e confortable (jeans, leggings, etc.) et short  <\/li>\n\n\n\n<li>Chemises \u00e0 manches longues \u00e0 superposer<\/li>\n\n\n\n<li>T-shirts<\/li>\n\n\n\n<li>Maillot de bain (pour les sources thermales ou les piscines)<\/li>\n\n\n\n<li>Chaussettes \u00e9paisses (laine ou synth\u00e9tique pour la randonn\u00e9e)<\/li>\n\n\n\n<li>Chaussures de randonn\u00e9e imperm\u00e9ables, de pr\u00e9f\u00e9rence avec une cheville plus haute pour plus de stabilit\u00e9 (n&#8217;oubliez pas de les roder avant de partir !).  <\/li>\n\n\n\n<li>Des chaussures de marche confortables ou des chaussures plates pour aller d\u00eener ou explorer la ville.<\/li>\n\n\n\n<li>Chaussures d&#8217;eau ou tongs<\/li>\n\n\n\n<li>Bonnets, gants et \u00e9charpe pour les nuits froides<\/li>\n<\/ul>\n\n<p><strong>Mat\u00e9riel et accessoires<\/strong><\/p>\n\n<ul class=\"wp-block-list\">\n<li>Chapeau et lunettes de soleil pour se prot\u00e9ger du soleil<\/li>\n\n\n\n<li>Sac de jour pour la <a href=\"https:\/\/www.rent.is\/blog\/hiking-in-iceland\/\">randonn\u00e9e<\/a> et l&#8217;exploration<\/li>\n\n\n\n<li>Bouteille d&#8217;eau r\u00e9utilisable  <\/li>\n\n\n\n<li>Masque pour les yeux, si vous pr\u00e9voyez de visiter pendant le soleil de minuit ou le solstice d&#8217;\u00e9t\u00e9.<\/li>\n\n\n\n<li>Jumelles<\/li>\n\n\n\n<li>Banc d&#8217;alimentation portable  <\/li>\n\n\n\n<li>Mat\u00e9riel photo et piles<\/li>\n\n\n\n<li>Adaptateur de voyage et convertisseur pour les prises islandaises<\/li>\n\n\n\n<li>Serviettes l\u00e9g\u00e8res (\u00e0 s\u00e9chage rapide)<\/li>\n\n\n\n<li>Articles de toilette et m\u00e9dicaments<\/li>\n\n\n\n<li>R\u00e9pulsif contre les insectes (surtout pour les randonn\u00e9es dans les zones herbeuses)<\/li>\n\n\n\n<li>Cr\u00e8me solaire avec un indice de protection \u00e9lev\u00e9<\/li>\n\n\n\n<li>Baume \u00e0 l\u00e8vres avec SPF<\/li>\n\n\n\n<li>Trousse de premiers secours<\/li>\n\n\n\n<li>Liquidit\u00e9s en couronnes islandaises<\/li>\n<\/ul>\n\n<figure class=\"wp-block-image is-resized\"><img decoding=\"async\" src=\"https:\/\/lh7-us.googleusercontent.com\/7m3uLXRokBP1ZLeLc1rnPHm0n0WtCmFaMawqE0UXi7X8yW7HaKeu3xmfhwf4Xwdg3re8KuplbWXSGugc3alVUQIbhNnYZtz8MytcDJBhP49-jZls6Bkw1jIt-cptCmHN-IMYgXSWllLA7j_y6Ch6UP8\" alt=\"Champs verts, oc&#xE9;an et montagnes en Islande\" style=\"width:841px;height:auto\"\/><\/figure>\n\n<h2 class=\"wp-block-heading\">Que faire en Islande en \u00e9t\u00e9 ?  <\/h2>\n\n<p>En Islande, les activit\u00e9s \u00e0 faire en \u00e9t\u00e9 sont nombreuses. Quelle que soit la dur\u00e9e de votre s\u00e9jour, vous ne manquerez jamais d&#8217;activit\u00e9s de plein air. J&#8217;ai particuli\u00e8rement aim\u00e9 les fjords de l&#8217;Ouest et l&#8217;\u00eele du Nord pour leurs paysages \u00e9poustouflants. Toutes mes recommandations visent donc \u00e0 vous faire profiter au maximum de la beaut\u00e9 naturelle de l&#8217;Islande.    <\/p>\n\n<h3 class=\"wp-block-heading\">Observation des baleines  <\/h3>\n\n<p>La ville de Holmavik est nich\u00e9e au milieu de fjords spectaculaires. Mais ce sont ses eaux sereines qui font sa particularit\u00e9. Vous pouvez y faire une excursion en bateau et observer d&#8217;\u00e9normes baleines dans leur habitat naturel. Vous apercevrez le plus souvent une baleine \u00e0 bosse enjou\u00e9e. Lors de mon excursion, j&#8217;ai eu de la chance et j&#8217;ai m\u00eame pu apercevoir une baleine bleue g\u00e9ante qui sortait de l&#8217;eau en faisant du breaching ! J&#8217;aimerais \u00e9galement mentionner que j&#8217;ai parfois tendance \u00e0 avoir le mal de mer lorsque je suis en mer. Mais les eaux de Holmavik \u00e9taient si calmes que je n&#8217;ai pratiquement pas ressenti de malaise.      <\/p>\n\n<figure class=\"wp-block-image is-resized\"><img decoding=\"async\" src=\"https:\/\/lh7-us.googleusercontent.com\/nEjdth3MwdoPZsSZRWquQcAqVjjQdBdd2MOfRt_aK9yBDZHkt2Uj95ptdHe-W1n8QgqJsfWj8eThygjpY1CwiwOrj2OYRC-E3OTv4hepaMyt4os3SVLdwN79RPjvSRc-qlhq2YzVMnmwpbkLnmDGffw\" alt=\"Baleine sautant de l'oc&#xE9;an\" style=\"width:839px;height:auto\"\/><\/figure>\n\n<p>Si vous \u00eates \u00e0 la recherche d&#8217;une exp\u00e9rience, Laki Tours a de nombreux avis prometteurs sur TripAdvisor.<\/p>\n\n<figure class=\"wp-block-image is-resized\"><img decoding=\"async\" src=\"https:\/\/lh7-us.googleusercontent.com\/355v_WPYzbHxffJMyN6YmDwNs9yMHI8BF2eKUVDguoqIROLtlJsfaYLeUdaglBZrYmy-ASouxEoj7ujm2uAXinrioHPVnQVWhFwwD6VhhhQFZI09BfT-EMQCEcaz-MCWIASHqbtZrpbLS-anTXWgas4\" alt=\"&#xC9;glise sur une colline verdoyante en Islande\" style=\"width:839px;height:auto\"\/><\/figure>\n\n<h3 class=\"wp-block-heading\">Exp\u00e9rience du kayak  <\/h3>\n\n<p>Les Westfjords portent bien leur nom. De profonds fjords s&#8217;enfoncent dans la terre, leurs eaux \u00e9meraude refl\u00e9tant les sommets enneig\u00e9s qui se profilent souvent au loin. Imaginez-vous en train de faire du kayak dans ces fjords tranquilles, entour\u00e9s de falaises imposantes qui abritent d&#8217;innombrables oiseaux de mer. Gardez l&#8217;\u0153il ouvert pour apercevoir les phoques qui se pr\u00e9lassent sur les rochers.   <\/p>\n\n<figure class=\"wp-block-image is-resized\"><img decoding=\"async\" src=\"https:\/\/lh7-us.googleusercontent.com\/z1eEPT3yKqnwUlubJUyaEBI8BvgRW_Nwag1Y-KFUCZjkHigxtnLV7xlKGLxLZnEO4gGAp1NaViHHFOioMPlgtkqzt0uDG55ZIp2d7a5o9PL_u-l70WWbt2iYAf9KAouw6a_FCu6SMd5NmKNfsl7YeZA\" alt=\"Homme en kayak en Islande\" style=\"width:839px;height:auto\"\/><\/figure>\n\n<h3 class=\"wp-block-heading\">Faites trempette dans des piscines g\u00e9othermiques  <\/h3>\n\n<p>Vous oublierez un spa cinq \u00e9toiles en vous plongeant dans les sources d&#8217;eau chaude naturelles d&#8217;Islande ! Et la bonne nouvelle, c&#8217;est que les fjords de l&#8217;Ouest sont truff\u00e9s de ces merveilles. Au Drangsnes Hot Pot, les sources chaudes fumantes vous permettent de d\u00e9tendre les muscles endoloris apr\u00e8s une journ\u00e9e d&#8217;aventure. De plus, les piscines sont \u00e0 ciel ouvert et entour\u00e9es d&#8217;un terrain accident\u00e9. C&#8217;est une exp\u00e9rience relaxante dans la nature que je recommande \u00e0 tous les voyageurs.      <\/p>\n\n<p>Toutefois, comme l&#8217;activit\u00e9 est gratuite, le choix du moment est primordial ! Veillez \u00e0 faire l&#8217;exp\u00e9rience du bain tard le soir ou t\u00f4t le matin pour vous assurer qu&#8217;il n&#8217;y a pas trop de monde. Et pendant que vous y \u00eates, n&#8217;h\u00e9sitez pas \u00e0 discuter avec les habitants.    <\/p>\n\n<figure class=\"wp-block-image is-resized\"><img decoding=\"async\" src=\"https:\/\/lh7-us.googleusercontent.com\/gEuWcVi-plfiAkmaG3gD6NiTuFB9x8TVu3WYh7Uc7rqPM6pcUkzZkYd5RPtPp7HEb9KQ0BMFFrme82I0ZdBQIhuYl3N_Zj7ib_B-qxLCQGEJG1v1lNM1tPOMgti85TojCdjEbjc-hnGNXbqeLccsqGM\" alt=\"trois jacuzzis avec vue sur l'oc&#xE9;an\" style=\"width:840px;height:auto\"\/><\/figure>\n\n<h3 class=\"wp-block-heading\">Faites des amis aux macareux  <\/h3>\n\n<p>Apr\u00e8s huit mois pass\u00e9s en mer, les macareux retournent sur le rivage pour l&#8217;\u00e9t\u00e9 afin de retrouver leur compagnon. Ils arrivent \u00e0 la fin du mois d&#8217;avril et restent pendant les mois d&#8217;\u00e9t\u00e9. Fait amusant : 60 % de la population de macareux de l&#8217;Atlantique vit en Islande ! Vous avez donc de bonnes chances de les apercevoir et de prendre de jolies photos.     <\/p>\n\n<p>Bien que les macareux puissent \u00eatre observ\u00e9s dans tout le pays, c&#8217;est le long des fjords de l&#8217;ouest et dans le nord de l&#8217;Islande que vous avez le plus de chances de les trouver. J&#8217;en ai rep\u00e9r\u00e9 plusieurs lors de ma randonn\u00e9e vers les falaises de Latrabjarg, dans les fjords de l&#8217;Ouest. (Ce n&#8217;est pas pour rien que cette destination est appel\u00e9e &#8220;les falaises \u00e0 oiseaux d&#8217;Europe&#8221;).  <\/p>\n\n<figure class=\"wp-block-image is-resized\"><img decoding=\"async\" src=\"https:\/\/lh7-us.googleusercontent.com\/cWpI0nlTd7jgyovY40uh9HDYbfKetc5__Q07XQtbILZ6uwbsmFHriHE7CZQGOLSowM5HRi_ytMPg0vOEGKlWJn9S9VQxtWLwPC2W-luSqJFqcYBn_vjLdGk3mSTe07-U7n5XOGyCHaym5o-FmF4DOuE\" alt=\"Macareux et fleurs en Islande\" style=\"width:840px;height:auto\"\/><\/figure>\n\n<h3 class=\"wp-block-heading\">Admirez le Dettifoss  <\/h3>\n\n<p>Dans le nord de l&#8217;Islande, Dettifoss, la &#8220;B\u00eate de l&#8217;Est&#8221;, est tout simplement incontournable. Je dis cela parce qu&#8217;il s&#8217;agit de <em>la <a href=\"https:\/\/www.rent.is\/blog\/waterfalls-in-iceland\/\">chute d&#8217;eau<\/a> la plus puissante d&#8217;Europe<\/em>. Elle est situ\u00e9e dans le parc national du Vatnaj\u00f6kull, le plus grand parc national d&#8217;Europe. Ici, vous pouvez admirer des paysages spectaculaires autour de l&#8217;\u00e9norme volume d&#8217;eau. J&#8217;ai oubli\u00e9 mon imperm\u00e9able lors de ma visite, et j&#8217;ai donc re\u00e7u une bonne gicl\u00e9e de brume. N&#8217;h\u00e9sitez pas \u00e0 prendre le v\u00f4tre pour rester au sec.     <\/p>\n\n<p>\u00c0 proximit\u00e9 se trouve \u00e9galement la lagune glaciaire de J\u00f6kuls\u00e1rl\u00f3n, o\u00f9 vous pourrez naviguer au milieu des icebergs. (Et peut-\u00eatre m\u00eame apercevoir des phoques). <\/p>\n\n<figure class=\"wp-block-image is-resized\"><img decoding=\"async\" src=\"https:\/\/lh7-us.googleusercontent.com\/p2P0nmbnMCmSPerV267yhVXt7V1U43ynz4enKHAMm94sYrA6rMTtPIGpD1Dv6AdKYisVD4YfGsqBWIuqZbb6aXv4oyaA2U45ep_j4NKXWSAVfZLPFTsqkvRkRPduH_mKSWzsOiFxfPiaW495GIMWGmI\" alt=\"Grande chute d'eau en Islande\" style=\"width:840px;height:auto\"\/><\/figure>\n\n<h3 class=\"wp-block-heading\">D\u00e9couvrez ses villes  <\/h3>\n\n<p>Pour d\u00e9couvrir le charme d&#8217;une ville du nord de l&#8217;Islande, rendez-vous \u00e0 Akureyri. Il s&#8217;agit de la deuxi\u00e8me plus grande ville du pays. Elle se distingue par son port color\u00e9, son centre-ville anim\u00e9 et ses joyaux culturels. Ici, vous pouvez vous promener dans des boutiques, des caf\u00e9s et des restaurants islandais. Et pour une dose de culture, rendez-vous au mus\u00e9e d&#8217;art d&#8217;Akureyri ou \u00e0 l&#8217;impressionnante \u00e9glise Akureyrarkirkja.      <\/p>\n\n<p>Akureyri est \u00e9galement un lieu id\u00e9al pour des excursions d&#8217;une journ\u00e9e vers les attractions des environs. Fait amusant : la maison de No\u00ebl de la ville est ouverte toute l&#8217;ann\u00e9e aux visiteurs ! <\/p>\n\n<h3 class=\"wp-block-heading\">Visitez l&#8217;\u00eele Flatey<\/h3>\n\n<p>L&#8217;\u00eele de Flatey, dans l&#8217;ouest de l&#8217;Islande, est un joyau cach\u00e9 qui vaut la peine d&#8217;\u00eatre visit\u00e9, surtout en \u00e9t\u00e9. L&#8217;\u00eele, parsem\u00e9e de petites maisons pittoresques construites il y a plus de cent ans, offre un aper\u00e7u de la riche histoire et de la beaut\u00e9 naturelle de l&#8217;Islande.   <\/p>\n\n<p>Une fois que vous aurez d\u00e9barqu\u00e9 du ferry, qui met environ une heure \u00e0 partir de Brjanslaekur, vous serez accueilli par quelques moutons et poulets au lieu de voitures. Mais ne vous inqui\u00e9tez pas, il y a un petit chariot motoris\u00e9 qui emm\u00e8ne les visiteurs au seul et unique h\u00f4tel de la ville. Autres choses que l&#8217;on ne trouve qu&#8217;en une seule fois \u00e0 Flatey : une \u00e9glise, un caf\u00e9, un magasin, un camping, un cimeti\u00e8re et, para\u00eet-il, un seul chien. La ville est compl\u00e8tement isol\u00e9e, ce qui en fait l&#8217;endroit id\u00e9al pour se d\u00e9connecter, se d\u00e9tendre et renouer avec les choses simples de la vie.     <\/p>\n\n<h3 class=\"wp-block-heading\">Dormir \u00e0 la belle \u00e9toile<\/h3>\n\n<p>Dormir \u00e0 la belle \u00e9toile en Islande est une exp\u00e9rience inoubliable \u00e0 ne pas manquer, et la <a href=\"https:\/\/www.rent.is\/fr\/\">location d&#8217;un camping-car<\/a> vous donne la libert\u00e9 d&#8217;explorer le pays et de d\u00e9couvrir ses joyaux cach\u00e9s \u00e0 votre guise. Dans les Westfjords, vous pouvez garer votre camping-car le long de la c\u00f4te accident\u00e9e ou nich\u00e9 entre d&#8217;imposantes falaises et regarder l&#8217;incroyable soleil de minuit illuminer le ciel dans des teintes de rose et d&#8217;or.   <\/p>\n\n<p>Dans le nord de l&#8217;Islande, vous pouvez vous aventurer dans les vastes \u00e9tendues sauvages de la p\u00e9ninsule de Vatnsnes ou dans la beaut\u00e9 intacte de la p\u00e9ninsule de Tr\u00f6llaskagi, o\u00f9 vous pourrez installer votre campement sous une couverture d&#8217;\u00e9toiles. Si vous avez de la chance, vous pourrez m\u00eame assister \u00e0 la magie des aurores bor\u00e9ales !   <\/p>\n\n<figure class=\"wp-block-image is-resized\"><img decoding=\"async\" src=\"https:\/\/lh7-us.googleusercontent.com\/B0PNRFo5gcAPXY22Kn8DzCxCiGS6FEIC2lFtJzIJNngCtxziB826VWaiKA3_3b-aFfCTeEp5QWfnVqORAJzinRDyyRqcgFAUvN8XMV3ymLQpILWc_0P9DOA7Wdw5w6B7kW01gBEojIGaunFh-UJAfYo\" alt=\"la ville de H&#xFA;sav&#xED;k Islande\" style=\"width:839px;height:auto\"\/><\/figure>\n\n<p><\/p>\n\n<h2 class=\"wp-block-heading\">Frais de voyage pour l&#8217;Islande en \u00e9t\u00e9  <\/h2>\n\n<p>Lorsque vous planifiez un voyage, vous pouvez vous attendre \u00e0 ce que le <a href=\"https:\/\/www.rent.is\/blog\/iceland-trip-cost\/\">co\u00fbtmoyen d&#8217;un voyage en Islande<\/a>se situe aux alentours des lignes suivantes-  <\/p>\n\n<p><strong>H\u00e9bergement : <\/strong>Un voyageur \u00e0 petit budget d\u00e9pensera probablement entre 100 et 150 USD par nuit. Le milieu de gamme peut aller jusqu&#8217;\u00e0 300 USD. Il existe \u00e9galement des options de luxe qui co\u00fbtent plus de 300 USD.    <\/p>\n\n<p><strong>Nourriture : <\/strong>si vous cuisinez vous-m\u00eame vos repas, comptez entre 30 et 50 USD par jour. Les sorties au restaurant co\u00fbtent entre 50 et 100 USD, mais il est \u00e9galement possible de s&#8217;offrir des repas raffin\u00e9s et on\u00e9reux.   <\/p>\n\n<p><strong>Transport : <\/strong>Pour une voiture de location, comptez environ 50 USD par jour (plus l&#8217;essence). Prendre le bus est une option plus \u00e9conomique, mais moins flexible. <\/p>\n\n<h2 class=\"wp-block-heading\">Pr\u00eat \u00e0 visiter l&#8217;Islande ?<\/h2>\n\n<p><\/p>\n\n<h2 class=\"wp-block-heading\"><img loading=\"lazy\" decoding=\"async\" width=\"624\" height=\"587\" src=\"https:\/\/lh7-us.googleusercontent.com\/Acu-NDzmLAblPHWQRNtKOnryxwY57naaKZlh2gOdeR4E42IBPsE2H8aKHOi68Ar85zhHnLqpM4qArSjMHW5RdVkRqb_NFKkEbhTeB0KEDF1z0RaB33i0i2hCg55meZIZjaw5IlyHx4EsmqHhq5BzERw\"\/> <\/h2>\n\n<p>Et voil\u00e0, c&#8217;est termin\u00e9 ! J&#8217;esp\u00e8re que ce blog vous a \u00e9t\u00e9 utile et que vous savez maintenant mieux quels joyaux \u00e9poustouflants l&#8217;Islande vous r\u00e9serve.   <\/p>\n\n<p>Restez sauvage !  <\/p>\n\n<p><\/p>\n","protected":false},"excerpt":{"rendered":"<p>L&#8217;\u00e9t\u00e9 transforme l&#8217;Islande de la plus belle des mani\u00e8res. Le manteau neigeux s&#8217;amenuise et vous pouvez voir la beaut\u00e9 de la r\u00e9gion sous son vrai jour ! Lors de mon voyage, j&#8217;ai particuli\u00e8rement aim\u00e9 les vall\u00e9es \u00e9meraude et les chutes d&#8217;eau en cascade de l&#8217;Islande. Il ne serait pas exag\u00e9r\u00e9 de dire que j&#8217;ai laiss\u00e9 [&hellip;]<\/p>\n","protected":false},"author":14,"featured_media":56945,"comment_status":"closed","ping_status":"closed","sticky":false,"template":"","format":"standard","meta":{"_acf_changed":false,"footnotes":""},"categories":[762],"tags":[],"class_list":["post-67331","post","type-post","status-publish","format-standard","has-post-thumbnail","hentry","category-blog-fr"],"acf":[],"yoast_head":"<!-- This site is optimized with the Yoast SEO plugin v26.4 - https:\/\/yoast.com\/wordpress\/plugins\/seo\/ -->\n<title>L&#039;Islande en \u00e9t\u00e9 : Guide des choses \u00e0 faire et \u00e0 voir | Rent.is<\/title>\n<meta name=\"description\" content=\"Profitez de l&#039;Islande en \u00e9t\u00e9 pour profiter de la lumi\u00e8re du jour, de paysages \u00e9poustouflants et d&#039;activit\u00e9s de plein air. D\u00e9couvrez la saison la plus chaude de l&#039;Islande. \u2713 Explorez-en plus !\" \/>\n<meta name=\"robots\" content=\"index, follow, max-snippet:-1, max-image-preview:large, max-video-preview:-1\" \/>\n<link rel=\"canonical\" href=\"https:\/\/www.rent.is\/fr\/blog-fr\/lislande-en-ete-un-guide-saisonnier\/\" \/>\n<meta property=\"og:locale\" content=\"fr_FR\" \/>\n<meta property=\"og:type\" content=\"article\" \/>\n<meta property=\"og:title\" content=\"L&#039;Islande en \u00e9t\u00e9 : Guide des choses \u00e0 faire et \u00e0 voir | Rent.is\" \/>\n<meta property=\"og:description\" content=\"Profitez de l&#039;Islande en \u00e9t\u00e9 pour profiter de la lumi\u00e8re du jour, de paysages \u00e9poustouflants et d&#039;activit\u00e9s de plein air. D\u00e9couvrez la saison la plus chaude de l&#039;Islande. \u2713 Explorez-en plus !\" \/>\n<meta property=\"og:url\" content=\"https:\/\/www.rent.is\/fr\/blog-fr\/lislande-en-ete-un-guide-saisonnier\/\" \/>\n<meta property=\"og:site_name\" content=\"Rent.is\" \/>\n<meta property=\"article:publisher\" content=\"https:\/\/www.facebook.com\/campervansIceland\/\" \/>\n<meta property=\"article:published_time\" content=\"2021-06-10T10:41:00+00:00\" \/>\n<meta property=\"article:modified_time\" content=\"2025-05-16T15:12:19+00:00\" \/>\n<meta property=\"og:image\" content=\"https:\/\/www.rent.is\/wp-content\/uploads\/2023\/12\/Morning-in-Asbyrgi.jpg\" \/>\n\t<meta property=\"og:image:width\" content=\"1440\" \/>\n\t<meta property=\"og:image:height\" content=\"1080\" \/>\n\t<meta property=\"og:image:type\" content=\"image\/jpeg\" \/>\n<meta name=\"author\" content=\"Hlynur Gylfason\" \/>\n<meta name=\"twitter:card\" content=\"summary_large_image\" \/>\n<meta name=\"twitter:creator\" content=\"@CampersIceland\" \/>\n<meta name=\"twitter:site\" content=\"@CampersIceland\" \/>\n<meta name=\"twitter:label1\" content=\"\u00c9crit par\" \/>\n\t<meta name=\"twitter:data1\" content=\"Hlynur Gylfason\" \/>\n\t<meta name=\"twitter:label2\" content=\"Dur\u00e9e de lecture estim\u00e9e\" \/>\n\t<meta name=\"twitter:data2\" content=\"13 minutes\" \/>\n<script type=\"application\/ld+json\" class=\"yoast-schema-graph\">{\"@context\":\"https:\/\/schema.org\",\"@graph\":[{\"@type\":[\"Article\",\"BlogPosting\"],\"@id\":\"https:\/\/www.rent.is\/fr\/blog-fr\/lislande-en-ete-un-guide-saisonnier\/#article\",\"isPartOf\":{\"@id\":\"https:\/\/www.rent.is\/fr\/blog-fr\/lislande-en-ete-un-guide-saisonnier\/\"},\"author\":{\"name\":\"Hlynur Gylfason\",\"@id\":\"https:\/\/www.rent.is\/fr\/#\/schema\/person\/33cfd2d1c5d8c2a7c986badcfa44ceaa\"},\"headline\":\"L&#8217;Islande en \u00e9t\u00e9 : Un guide saisonnier\",\"datePublished\":\"2021-06-10T10:41:00+00:00\",\"dateModified\":\"2025-05-16T15:12:19+00:00\",\"mainEntityOfPage\":{\"@id\":\"https:\/\/www.rent.is\/fr\/blog-fr\/lislande-en-ete-un-guide-saisonnier\/\"},\"wordCount\":2729,\"publisher\":{\"@id\":\"https:\/\/www.rent.is\/fr\/#organization\"},\"image\":{\"@id\":\"https:\/\/www.rent.is\/fr\/blog-fr\/lislande-en-ete-un-guide-saisonnier\/#primaryimage\"},\"thumbnailUrl\":\"https:\/\/www.rent.is\/wp-content\/uploads\/2023\/12\/Morning-in-Asbyrgi.jpg\",\"articleSection\":[\"Blog\"],\"inLanguage\":\"fr-FR\"},{\"@type\":\"WebPage\",\"@id\":\"https:\/\/www.rent.is\/fr\/blog-fr\/lislande-en-ete-un-guide-saisonnier\/\",\"url\":\"https:\/\/www.rent.is\/fr\/blog-fr\/lislande-en-ete-un-guide-saisonnier\/\",\"name\":\"L'Islande en \u00e9t\u00e9 : Guide des choses \u00e0 faire et \u00e0 voir | Rent.is\",\"isPartOf\":{\"@id\":\"https:\/\/www.rent.is\/fr\/#website\"},\"primaryImageOfPage\":{\"@id\":\"https:\/\/www.rent.is\/fr\/blog-fr\/lislande-en-ete-un-guide-saisonnier\/#primaryimage\"},\"image\":{\"@id\":\"https:\/\/www.rent.is\/fr\/blog-fr\/lislande-en-ete-un-guide-saisonnier\/#primaryimage\"},\"thumbnailUrl\":\"https:\/\/www.rent.is\/wp-content\/uploads\/2023\/12\/Morning-in-Asbyrgi.jpg\",\"datePublished\":\"2021-06-10T10:41:00+00:00\",\"dateModified\":\"2025-05-16T15:12:19+00:00\",\"description\":\"Profitez de l'Islande en \u00e9t\u00e9 pour profiter de la lumi\u00e8re du jour, de paysages \u00e9poustouflants et d'activit\u00e9s de plein air. D\u00e9couvrez la saison la plus chaude de l'Islande. \u2713 Explorez-en plus !\",\"inLanguage\":\"fr-FR\",\"potentialAction\":[{\"@type\":\"ReadAction\",\"target\":[\"https:\/\/www.rent.is\/fr\/blog-fr\/lislande-en-ete-un-guide-saisonnier\/\"]}]},{\"@type\":\"ImageObject\",\"inLanguage\":\"fr-FR\",\"@id\":\"https:\/\/www.rent.is\/fr\/blog-fr\/lislande-en-ete-un-guide-saisonnier\/#primaryimage\",\"url\":\"https:\/\/www.rent.is\/wp-content\/uploads\/2023\/12\/Morning-in-Asbyrgi.jpg\",\"contentUrl\":\"https:\/\/www.rent.is\/wp-content\/uploads\/2023\/12\/Morning-in-Asbyrgi.jpg\",\"width\":1440,\"height\":1080,\"caption\":\"Morning in \u00c1sbyrgi\"},{\"@type\":\"WebSite\",\"@id\":\"https:\/\/www.rent.is\/fr\/#website\",\"url\":\"https:\/\/www.rent.is\/fr\/\",\"name\":\"Rent.is\",\"description\":\"Camper Van Iceland - Rent a camper, RV, or Motorhome\",\"publisher\":{\"@id\":\"https:\/\/www.rent.is\/fr\/#organization\"},\"alternateName\":\"Rent\",\"potentialAction\":[{\"@type\":\"SearchAction\",\"target\":{\"@type\":\"EntryPoint\",\"urlTemplate\":\"https:\/\/www.rent.is\/fr\/?s={search_term_string}\"},\"query-input\":{\"@type\":\"PropertyValueSpecification\",\"valueRequired\":true,\"valueName\":\"search_term_string\"}}],\"inLanguage\":\"fr-FR\"},{\"@type\":\"Organization\",\"@id\":\"https:\/\/www.rent.is\/fr\/#organization\",\"name\":\"Rent\",\"alternateName\":\"Rent Campervan Iceland\",\"url\":\"https:\/\/www.rent.is\/fr\/\",\"logo\":{\"@type\":\"ImageObject\",\"inLanguage\":\"fr-FR\",\"@id\":\"https:\/\/www.rent.is\/fr\/#\/schema\/logo\/image\/\",\"url\":\"https:\/\/www.rent.is\/wp-content\/uploads\/2023\/06\/Rent-logo__blue.svg\",\"contentUrl\":\"https:\/\/www.rent.is\/wp-content\/uploads\/2023\/06\/Rent-logo__blue.svg\",\"caption\":\"Rent\"},\"image\":{\"@id\":\"https:\/\/www.rent.is\/fr\/#\/schema\/logo\/image\/\"},\"sameAs\":[\"https:\/\/www.facebook.com\/campervansIceland\/\",\"https:\/\/x.com\/CampersIceland\"]},{\"@type\":\"Person\",\"@id\":\"https:\/\/www.rent.is\/fr\/#\/schema\/person\/33cfd2d1c5d8c2a7c986badcfa44ceaa\",\"name\":\"Hlynur Gylfason\",\"image\":{\"@type\":\"ImageObject\",\"inLanguage\":\"fr-FR\",\"@id\":\"https:\/\/www.rent.is\/fr\/#\/schema\/person\/image\/\",\"url\":\"https:\/\/www.rent.is\/wp-content\/uploads\/2024\/10\/hlynur-gylfason_avatar-96x96.jpg\",\"contentUrl\":\"https:\/\/www.rent.is\/wp-content\/uploads\/2024\/10\/hlynur-gylfason_avatar-96x96.jpg\",\"caption\":\"Hlynur Gylfason\"},\"description\":\"Hlynur, CEO of Rent, hails from Reykjavik. An avid enduro enthusiast, he has competed internationally and is passionate about the sport. He also has a deep love for Iceland\u2019s natural beauty and believes nothing beats a good fishing trip in the Icelandic countryside.\",\"url\":\"https:\/\/www.rent.is\/fr\/author\/hlynur\/\"}]}<\/script>\n<!-- \/ Yoast SEO plugin. -->","yoast_head_json":{"title":"L'Islande en \u00e9t\u00e9 : Guide des choses \u00e0 faire et \u00e0 voir | Rent.is","description":"Profitez de l'Islande en \u00e9t\u00e9 pour profiter de la lumi\u00e8re du jour, de paysages \u00e9poustouflants et d'activit\u00e9s de plein air. D\u00e9couvrez la saison la plus chaude de l'Islande. \u2713 Explorez-en plus !","robots":{"index":"index","follow":"follow","max-snippet":"max-snippet:-1","max-image-preview":"max-image-preview:large","max-video-preview":"max-video-preview:-1"},"canonical":"https:\/\/www.rent.is\/fr\/blog-fr\/lislande-en-ete-un-guide-saisonnier\/","og_locale":"fr_FR","og_type":"article","og_title":"L'Islande en \u00e9t\u00e9 : Guide des choses \u00e0 faire et \u00e0 voir | Rent.is","og_description":"Profitez de l'Islande en \u00e9t\u00e9 pour profiter de la lumi\u00e8re du jour, de paysages \u00e9poustouflants et d'activit\u00e9s de plein air. D\u00e9couvrez la saison la plus chaude de l'Islande. \u2713 Explorez-en plus !","og_url":"https:\/\/www.rent.is\/fr\/blog-fr\/lislande-en-ete-un-guide-saisonnier\/","og_site_name":"Rent.is","article_publisher":"https:\/\/www.facebook.com\/campervansIceland\/","article_published_time":"2021-06-10T10:41:00+00:00","article_modified_time":"2025-05-16T15:12:19+00:00","og_image":[{"width":1440,"height":1080,"url":"https:\/\/www.rent.is\/wp-content\/uploads\/2023\/12\/Morning-in-Asbyrgi.jpg","type":"image\/jpeg"}],"author":"Hlynur Gylfason","twitter_card":"summary_large_image","twitter_creator":"@CampersIceland","twitter_site":"@CampersIceland","twitter_misc":{"\u00c9crit par":"Hlynur Gylfason","Dur\u00e9e de lecture estim\u00e9e":"13 minutes"},"schema":{"@context":"https:\/\/schema.org","@graph":[{"@type":["Article","BlogPosting"],"@id":"https:\/\/www.rent.is\/fr\/blog-fr\/lislande-en-ete-un-guide-saisonnier\/#article","isPartOf":{"@id":"https:\/\/www.rent.is\/fr\/blog-fr\/lislande-en-ete-un-guide-saisonnier\/"},"author":{"name":"Hlynur Gylfason","@id":"https:\/\/www.rent.is\/fr\/#\/schema\/person\/33cfd2d1c5d8c2a7c986badcfa44ceaa"},"headline":"L&#8217;Islande en \u00e9t\u00e9 : Un guide saisonnier","datePublished":"2021-06-10T10:41:00+00:00","dateModified":"2025-05-16T15:12:19+00:00","mainEntityOfPage":{"@id":"https:\/\/www.rent.is\/fr\/blog-fr\/lislande-en-ete-un-guide-saisonnier\/"},"wordCount":2729,"publisher":{"@id":"https:\/\/www.rent.is\/fr\/#organization"},"image":{"@id":"https:\/\/www.rent.is\/fr\/blog-fr\/lislande-en-ete-un-guide-saisonnier\/#primaryimage"},"thumbnailUrl":"https:\/\/www.rent.is\/wp-content\/uploads\/2023\/12\/Morning-in-Asbyrgi.jpg","articleSection":["Blog"],"inLanguage":"fr-FR"},{"@type":"WebPage","@id":"https:\/\/www.rent.is\/fr\/blog-fr\/lislande-en-ete-un-guide-saisonnier\/","url":"https:\/\/www.rent.is\/fr\/blog-fr\/lislande-en-ete-un-guide-saisonnier\/","name":"L'Islande en \u00e9t\u00e9 : Guide des choses \u00e0 faire et \u00e0 voir | Rent.is","isPartOf":{"@id":"https:\/\/www.rent.is\/fr\/#website"},"primaryImageOfPage":{"@id":"https:\/\/www.rent.is\/fr\/blog-fr\/lislande-en-ete-un-guide-saisonnier\/#primaryimage"},"image":{"@id":"https:\/\/www.rent.is\/fr\/blog-fr\/lislande-en-ete-un-guide-saisonnier\/#primaryimage"},"thumbnailUrl":"https:\/\/www.rent.is\/wp-content\/uploads\/2023\/12\/Morning-in-Asbyrgi.jpg","datePublished":"2021-06-10T10:41:00+00:00","dateModified":"2025-05-16T15:12:19+00:00","description":"Profitez de l'Islande en \u00e9t\u00e9 pour profiter de la lumi\u00e8re du jour, de paysages \u00e9poustouflants et d'activit\u00e9s de plein air. D\u00e9couvrez la saison la plus chaude de l'Islande. \u2713 Explorez-en plus !","inLanguage":"fr-FR","potentialAction":[{"@type":"ReadAction","target":["https:\/\/www.rent.is\/fr\/blog-fr\/lislande-en-ete-un-guide-saisonnier\/"]}]},{"@type":"ImageObject","inLanguage":"fr-FR","@id":"https:\/\/www.rent.is\/fr\/blog-fr\/lislande-en-ete-un-guide-saisonnier\/#primaryimage","url":"https:\/\/www.rent.is\/wp-content\/uploads\/2023\/12\/Morning-in-Asbyrgi.jpg","contentUrl":"https:\/\/www.rent.is\/wp-content\/uploads\/2023\/12\/Morning-in-Asbyrgi.jpg","width":1440,"height":1080,"caption":"Morning in \u00c1sbyrgi"},{"@type":"WebSite","@id":"https:\/\/www.rent.is\/fr\/#website","url":"https:\/\/www.rent.is\/fr\/","name":"Rent.is","description":"Camper Van Iceland - Rent a camper, RV, or Motorhome","publisher":{"@id":"https:\/\/www.rent.is\/fr\/#organization"},"alternateName":"Rent","potentialAction":[{"@type":"SearchAction","target":{"@type":"EntryPoint","urlTemplate":"https:\/\/www.rent.is\/fr\/?s={search_term_string}"},"query-input":{"@type":"PropertyValueSpecification","valueRequired":true,"valueName":"search_term_string"}}],"inLanguage":"fr-FR"},{"@type":"Organization","@id":"https:\/\/www.rent.is\/fr\/#organization","name":"Rent","alternateName":"Rent Campervan Iceland","url":"https:\/\/www.rent.is\/fr\/","logo":{"@type":"ImageObject","inLanguage":"fr-FR","@id":"https:\/\/www.rent.is\/fr\/#\/schema\/logo\/image\/","url":"https:\/\/www.rent.is\/wp-content\/uploads\/2023\/06\/Rent-logo__blue.svg","contentUrl":"https:\/\/www.rent.is\/wp-content\/uploads\/2023\/06\/Rent-logo__blue.svg","caption":"Rent"},"image":{"@id":"https:\/\/www.rent.is\/fr\/#\/schema\/logo\/image\/"},"sameAs":["https:\/\/www.facebook.com\/campervansIceland\/","https:\/\/x.com\/CampersIceland"]},{"@type":"Person","@id":"https:\/\/www.rent.is\/fr\/#\/schema\/person\/33cfd2d1c5d8c2a7c986badcfa44ceaa","name":"Hlynur Gylfason","image":{"@type":"ImageObject","inLanguage":"fr-FR","@id":"https:\/\/www.rent.is\/fr\/#\/schema\/person\/image\/","url":"https:\/\/www.rent.is\/wp-content\/uploads\/2024\/10\/hlynur-gylfason_avatar-96x96.jpg","contentUrl":"https:\/\/www.rent.is\/wp-content\/uploads\/2024\/10\/hlynur-gylfason_avatar-96x96.jpg","caption":"Hlynur Gylfason"},"description":"Hlynur, CEO of Rent, hails from Reykjavik. An avid enduro enthusiast, he has competed internationally and is passionate about the sport. He also has a deep love for Iceland\u2019s natural beauty and believes nothing beats a good fishing trip in the Icelandic countryside.","url":"https:\/\/www.rent.is\/fr\/author\/hlynur\/"}]}},"_links":{"self":[{"href":"https:\/\/www.rent.is\/fr\/wp-json\/wp\/v2\/posts\/67331","targetHints":{"allow":["GET"]}}],"collection":[{"href":"https:\/\/www.rent.is\/fr\/wp-json\/wp\/v2\/posts"}],"about":[{"href":"https:\/\/www.rent.is\/fr\/wp-json\/wp\/v2\/types\/post"}],"author":[{"embeddable":true,"href":"https:\/\/www.rent.is\/fr\/wp-json\/wp\/v2\/users\/14"}],"replies":[{"embeddable":true,"href":"https:\/\/www.rent.is\/fr\/wp-json\/wp\/v2\/comments?post=67331"}],"version-history":[{"count":0,"href":"https:\/\/www.rent.is\/fr\/wp-json\/wp\/v2\/posts\/67331\/revisions"}],"wp:featuredmedia":[{"embeddable":true,"href":"https:\/\/www.rent.is\/fr\/wp-json\/wp\/v2\/media\/56945"}],"wp:attachment":[{"href":"https:\/\/www.rent.is\/fr\/wp-json\/wp\/v2\/media?parent=67331"}],"wp:term":[{"taxonomy":"category","embeddable":true,"href":"https:\/\/www.rent.is\/fr\/wp-json\/wp\/v2\/categories?post=67331"},{"taxonomy":"post_tag","embeddable":true,"href":"https:\/\/www.rent.is\/fr\/wp-json\/wp\/v2\/tags?post=67331"}],"curies":[{"name":"wp","href":"https:\/\/api.w.org\/{rel}","templated":true}]}}