{"id":67326,"date":"2021-07-09T00:00:00","date_gmt":"2021-07-09T00:00:00","guid":{"rendered":"https:\/\/www.rent.is\/non-classifiee\/les-belles-eglises-islandaises-histoire-et-informations\/"},"modified":"2021-07-09T00:00:00","modified_gmt":"2021-07-09T00:00:00","slug":"les-belles-eglises-islandaises-histoire-et-informations","status":"publish","type":"post","link":"https:\/\/www.rent.is\/fr\/blog-fr\/les-belles-eglises-islandaises-histoire-et-informations\/","title":{"rendered":"Les belles \u00e9glises islandaises : Histoire et informations"},"content":{"rendered":"<p><span style=\"font-weight: 400;\">En Islande, vous trouverez plus de 350 \u00e9glises r\u00e9parties sur l&#8217;ensemble de l&#8217;\u00eele. Avec une population d&#8217;environ 360 000 personnes en 2020, ce chiffre n&#8217;est pas n\u00e9gligeable.<br \/>\n<\/span><\/p>\n<p><span style=\"font-weight: 400;\">\u00c0 leur naissance, les Islandais sont g\u00e9n\u00e9ralement enregistr\u00e9s comme chr\u00e9tiens dans l&#8217;\u00c9glise luth\u00e9rienne d&#8217;Islande. \u00c0 l&#8217;\u00e2ge de 14 ans, ils sont confirm\u00e9s (en islandais &#8220;Ferming&#8221;) et entrent ainsi &#8220;dans l&#8217;\u00e2ge adulte&#8221;.   <\/span><span style=\"font-weight: 400;\">Que vous fassiez partie de cette<\/span> <span style=\"font-weight: 400;\">religion<\/span> <span style=\"font-weight: 400;\">ou non, ces <\/span><span style=\"font-weight: 400;\">b\u00e2timents<\/span> <span style=\"font-weight: 400;\">sont toujours<\/span> <span style=\"font-weight: 400;\">beaux<\/span> <span style=\"font-weight: 400;\">\u00e0 regarder.<\/span><\/p>\n<p><span style=\"font-weight: 400;\">En<\/span> <span style=\"font-weight: 400;\">Islande, les \u00e9glises<\/span> <span style=\"font-weight: 400;\">se trouvent partout<\/span><\/p>\n<p><span style=\"font-weight: 400;\"> <\/span><\/p>\n<p><span style=\"font-weight: 400;\">  &#8211; dans toutes les villes et m\u00eame dans les endroits les plus inattendus au milieu de nulle part&#8230;<\/span><\/p>\n<p><span style=\"font-weight: 400;\"><img loading=\"lazy\" decoding=\"async\" class=\"alignnone size-full wp-image-72960\" src=\"https:\/\/www.rent.is\/wp-content\/uploads\/2023\/07\/rent.is-pic-1-e1608240213271.png\" alt=\"\" width=\"356\" height=\"512\"><\/span><\/p>\n<p><span style=\"font-weight: 400;\">L&#8217;histoire du christianisme en Islande remonte aux premiers colons ermites irlandais au d\u00e9but du Moyen \u00c2ge, environ 100 ans avant l&#8217;arriv\u00e9e des hommes du Nord sur l&#8217;\u00eele. L&#8217;adoption du christianisme est le fruit d&#8217;un compromis entre les chefs pa\u00efens et chr\u00e9tiens. &#8220;Kirkja&#8221; est le mot qui d\u00e9signe l&#8217;\u00e9glise en islandais. M\u00eame si la plupart des Islandais n&#8217;assistent pas r\u00e9guli\u00e8rement aux offices religieux, ils accordent un grand respect \u00e0 leur r\u00f4le dans l&#8217;histoire de l&#8217;Islande, ainsi qu&#8217;\u00e0 la beaut\u00e9 et \u00e0 l&#8217;entretien de l&#8217;\u00e9glise.   <\/span><\/p>\n<p><span style=\"font-weight: 400;\">Pour avoir la chance de contempler certaines \u00e9glises islandaises de l&#8217;int\u00e9rieur, vous devez v\u00e9rifier les heures d&#8217;ouverture locales.  <\/span><\/p>\n<p><span style=\"font-weight: 400;\">L&#8217;une des plus anciennes \u00e9glises d&#8217;Islande se trouve \u00e0 <\/span><a href=\"https:\/\/en.wikipedia.org\/wiki\/%C3%9Eingvellir\"><span style=\"font-weight: 400;\">\u00deingvellir<\/span><\/a><span style=\"font-weight: 400;\">  Le parc national d&#8217;Islande est l&#8217;un des endroits les plus visit\u00e9s du pays. Elle a \u00e9t\u00e9 construite en 1859 et contient des cloches provenant de l&#8217;\u00e9glise originale en bois construite en 1015 par le roi Olaf II de Norv\u00e8ge. <\/span><br \/>\n<img loading=\"lazy\" decoding=\"async\" class=\"alignnone wp-image-72961 size-full\" src=\"https:\/\/www.rent.is\/wp-content\/uploads\/2023\/07\/rent.is-image-2-e1608240334999.png\" alt=\"est situ\u00e9e \u00e0 \u00deingvellir\" width=\"512\" height=\"240\"><\/p>\n<p><span style=\"font-weight: 400;\">Photo : Reykjavik Excursions Blog &#8211; \u00deingvellir<\/span><\/p>\n<p><span style=\"font-weight: 400;\">L&#8217;\u00e9glise &#8220;B\u00fa\u00f0akirkja&#8221;, l&#8217;\u00e9glise noire de B\u00fa\u00f0ir sur la p\u00e9ninsule de Sn\u00e6fellsnes, est tr\u00e8s souvent photographi\u00e9e. Les environs de B\u00fa\u00f0akirkja sont incroyablement pittoresques, en raison des champs de lave, de la plage et de l&#8217;herbe et de la mousse vertes islandaises qui les entourent. B\u00fa\u00f0ir \u00e9tait un riche hameau de p\u00eacheurs et un lieu de commerce depuis 1703.  <\/span><img loading=\"lazy\" decoding=\"async\" class=\"size-full wp-image-72962 alignleft\" src=\"https:\/\/www.rent.is\/wp-content\/uploads\/2023\/07\/rent.is-image-3.png\" alt=\"\u00c9glises islandaises 2\" width=\"512\" height=\"384\"><\/p>\n<p><span style=\"font-weight: 400;\">Plus \u00e0 l&#8217;est, \u00e0 Sey\u00f0isfj\u00f6r\u00f0ur<\/span> <span style=\"font-weight: 400;\">vous pouvez visiter l&#8217;un des <\/span><span style=\"font-weight: 400;\">l&#8217;\u00eele<\/span><span style=\"font-weight: 400;\"> l&#8217;\u00eele<\/span><span style=\"font-weight: 400;\"> plus belles \u00e9glises <\/span><span style=\"font-weight: 400;\">plus belles \u00e9glises de l&#8217;\u00eele.<\/span><span style=\"font-weight: 400;\">  L&#8217;\u00e9glise bleue, ou comme le disent les Islandais &#8220;Bl\u00e1an Kirkjan&#8221; ou &#8220;Sey\u00f0isfjar\u00f0arkirkja&#8221;. Le nom est explicite &#8211; voir la photo ci-dessous. L&#8217;\u00e9glise se trouvait d&#8217;abord sur une colline au-dessus de Vestdalseyri, mais en 1894, elle a \u00e9t\u00e9 renvers\u00e9e et endommag\u00e9e par une \u00e9norme temp\u00eate. L&#8217;\u00e9glise a \u00e9t\u00e9 reconstruite, mais plus tard, en 1920, il a \u00e9t\u00e9 d\u00e9cid\u00e9 de la d\u00e9placer \u00e0 son emplacement actuel. En 1989, l&#8217;\u00e9glise a \u00e9t\u00e9 endommag\u00e9e par un incendie lors de travaux de r\u00e9novation.      <\/span><span style=\"font-weight: 400;\">La nature<\/span> <span style=\"font-weight: 400;\">La nature a fait des ravages sur cette<\/span> <span style=\"font-weight: 400;\">sp\u00e9cial<\/span> <span style=\"font-weight: 400;\">religieux<\/span> <span style=\"font-weight: 400;\">religieux<\/span><span style=\"font-weight: 400;\">.<\/span><\/p>\n<p><span style=\"font-weight: 400;\">L&#8217;\u00e9glise bleue est ouverte aux visiteurs de juin \u00e0 ao\u00fbt. V\u00e9rifiez les heures d&#8217;ouverture sur   <\/span><a href=\"http:\/\/www.visitseydisfjordur.com\/activity\/blaa-kirkjan\/\"><span style=\"font-weight: 400;\">www.visitseydisfjordur.com\/activity\/blaa-kirkjan\/<\/span><\/a><\/p>\n<p><img loading=\"lazy\" decoding=\"async\" class=\"alignnone wp-image-72963 size-full\" src=\"https:\/\/www.rent.is\/wp-content\/uploads\/2023\/07\/rent.is-image-4-e1608240593469.jpg\" alt=\"\u00e9glise de sey\u00f0isfj\u00f6r\u00f0ur\" width=\"341\" height=\"512\"><\/p>\n<p><img loading=\"lazy\" decoding=\"async\" class=\"wp-image-72964 size-full alignleft\" src=\"https:\/\/www.rent.is\/wp-content\/uploads\/2023\/07\/rent.is-image-5-e1608240637791.png\" alt=\"l'int\u00e9rieur de l'\u00e9glise de sey\u00f0isfj\u00f6r\u00f0ur\" width=\"512\" height=\"342\"><\/p>\n<p><span style=\"font-weight: 400;\">Photos : TripAdvisor<\/span><\/p>\n<p><span style=\"font-weight: 400;\">L&#8217;\u00e9glise de V\u00edk est peut-\u00eatre l&#8217;une des plus c\u00e9l\u00e8bres d&#8217;Islande. Le village de V\u00edk (nom complet V\u00edk \u00ed M\u00fdrdal) est la ville la plus m\u00e9ridionale et la plus populaire d&#8217;Islande, juste au coin de Reynisfjara, l&#8217;\u00e9poustouflante plage de Blacksand. En raison de la proximit\u00e9 du volcan Katla, au sud du M\u00fdrdalsj\u00f6kull, la population est entra\u00een\u00e9e \u00e0 se pr\u00e9cipiter en premier lieu vers l&#8217;\u00e9glise en cas d&#8217;\u00e9ruption. En effet, V\u00edkurkirkja est situ\u00e9e sur le point le plus \u00e9lev\u00e9 de la r\u00e9gion et l&#8217;on pense que c&#8217;est aussi le seul b\u00e2timent qui survivrait \u00e0 l&#8217;inondation de lave de Katla.   <\/span><\/p>\n<p><img loading=\"lazy\" decoding=\"async\" class=\"aligncenter wp-image-72965 size-full\" src=\"https:\/\/www.rent.is\/wp-content\/uploads\/2023\/07\/rent.is-image-6-e1608240753297.png\" alt=\"\u00e9glise et village de v\u00edk\" width=\"512\" height=\"341\">  Photo : MishMoments<\/p>\n<p><span style=\"font-weight: 400;\">La &#8220;capitale du Nord&#8221; de l&#8217;Islande est sans aucun doute Akureyri. L'&#8221;Akureyrarkirkja&#8221;, symbole de la ville, est situ\u00e9e dans le centre. Il a \u00e9t\u00e9 con\u00e7u par le c\u00e9l\u00e8bre architecte    <\/span><a href=\"https:\/\/en.wikipedia.org\/wiki\/Gu%C3%B0j%C3%B3n_Sam%C3%BAelsson\"><span style=\"font-weight: 400;\">Gu\u00f0j\u00f3n Sam\u00faelsson<\/span><\/a><span style=\"font-weight: 400;\">  (1887-1950) et achev\u00e9e en 1940. \u00c0 l&#8217;int\u00e9rieur de l&#8217;\u00e9glise, un bateau est suspendu au plafond, refl\u00e9tant une ancienne image de l&#8217;\u00e9glise.   <\/span><a href=\"https:\/\/en.wikipedia.org\/wiki\/Nordic_countries\"><span style=\"font-weight: 400;\">Nordique<\/span><\/a><span style=\"font-weight: 400;\">  La tradition veut que l&#8217;on fasse des offrandes pour la protection des \u00eatres chers en mer et que l&#8217;on se souvienne de ceux qui ont perdu la vie en mer. L&#8217;\u00e9glise dispose \u00e9galement d&#8217;un grand orgue \u00e0 tuyaux, 3 200 tuyaux au total. Consultez les heures d&#8217;ouverture \u00e0 l&#8217;adresse suivante    <\/span><a href=\"http:\/\/www.visitakureyri.is\/en\/see-and-do\/attractions\/akureyri-church\"><span style=\"font-weight: 400;\">www.visitakureyri.is\/en\/see-and-do\/attractions\/akureyri-church<\/span><\/a><\/p>\n<p><img loading=\"lazy\" decoding=\"async\" class=\"alignleft wp-image-72966 size-full\" src=\"https:\/\/www.rent.is\/wp-content\/uploads\/2023\/07\/rent.is-image-7-e1608241056764.png\" alt=\"\u00c9glise d'Akureyri\" width=\"512\" height=\"350\"><\/p>\n<p><span style=\"font-weight: 400;\">Photo : visitakureyri.is<\/span><\/p>\n<p><span style=\"font-weight: 400;\">La Stafkirkjan de Heimaey a \u00e9t\u00e9 offerte par la Norv\u00e8ge \u00e0 l&#8217;Islande \u00e0 l&#8217;occasion du mill\u00e9naire de la conversion de l&#8217;Islande au christianisme par Olav Tryggvasson en l&#8217;an 1000. Il s&#8217;agit d&#8217;une r\u00e9plique de l&#8217;\u00e9glise de Haltdalen Stave en Norv\u00e8ge, situ\u00e9e dans le port de Heimaey, sur la c\u00f4te ouest de l&#8217;Islande.   <\/span><a href=\"https:\/\/en.wikipedia.org\/wiki\/Vestmannaeyjar\"><span style=\"font-weight: 400;\">Vestmannaeyjar<\/span><\/a><span style=\"font-weight: 400;\">  (\u00eeles Westmen), une zone form\u00e9e par la lave de l&#8217;\u00e9ruption du volcan Eldfell en 1973. Une galerie a \u00e9t\u00e9 ajout\u00e9e autour de l&#8217;ext\u00e9rieur du b\u00e2timent, inspir\u00e9e par d&#8217;autres \u00e9glises \u00e0 douves, pour prot\u00e9ger l&#8217;\u00e9difice des temp\u00eates du Vestmannaeyjar. <\/span><img loading=\"lazy\" decoding=\"async\" class=\"alignleft wp-image-72967 size-full\" src=\"https:\/\/www.rent.is\/wp-content\/uploads\/2023\/07\/image10-e1608241137967.jpg\" alt=\"Stafkirkjan, une r\u00e9plique de l'\u00e9glise de Haltdalen en Norv\u00e8ge\" width=\"970\" height=\"647\"><\/p>\n<p><span style=\"font-weight: 400;\">Stafkirkjan Heimaey, Photo : mbl.is<\/span><\/p>\n<p><img loading=\"lazy\" decoding=\"async\" class=\"alignleft wp-image-72968 size-full\" src=\"https:\/\/www.rent.is\/wp-content\/uploads\/2023\/07\/image1-e1608241402489.jpg\" alt=\"Haltdalen Stavkirke\" width=\"587\" height=\"587\"><\/p>\n<p><span style=\"font-weight: 400;\">Haltdalen Stavkirke, Photo : visitnorway.no<\/span><\/p>\n<p><span style=\"font-weight: 400;\">\u00c9glises \u00e0 Skagafj\u00f6r\u00f0ur<br \/>\n<\/span><\/p>\n<p><span style=\"font-weight: 400;\">V\u00ed\u00f0im\u00fdrarkirkja est l&#8217;une des rares \u00e9glises en gazon d&#8217;Islande encore en activit\u00e9. L&#8217;\u00e9glise a \u00e9t\u00e9 construite en 1834 par l&#8217;homme politique et membre de l&#8217;Althingi, J\u00f3n Samsonarsson. Les c\u00f4t\u00e9s ext\u00e9rieurs et le toit sont recouverts de gazon, les fa\u00e7ades avant et arri\u00e8re sont en bois. V\u00ed\u00f0im\u00fdrarkirkja est ouverte aux visiteurs tous les jours de 9 heures \u00e0 18 heures, du 1   <\/span><span style=\"font-weight: 400;\">juin<\/span><span style=\"font-weight: 400;\"> de juin jusqu&#8217;au 31<\/span><span style=\"font-weight: 400;\">e<\/span><span style=\"font-weight: 400;\">  du mois d&#8217;ao\u00fbt. Mais il peut \u00eatre ouvert \u00e0 d&#8217;autres moments en accord avec les gardiens, Einar \u00d6rn Einarsson, t\u00e9l\u00e9phone 849 5674 ou 453 5095, et Sigr\u00ed\u00f0ur Stef\u00e1nsd\u00f3ttir, t\u00e9l\u00e9phone 899 2053.<br \/>\n<img loading=\"lazy\" decoding=\"async\" class=\"alignleft wp-image-72969 size-large\" src=\"https:\/\/www.rent.is\/wp-content\/uploads\/2023\/07\/image4-e1608241516284.jpg\" alt=\"La plus ancienne \u00e9glise en gazon d'Islande, Grafarkirkja.\" width=\"1024\" height=\"681\"><\/span><\/p>\n<p><span style=\"font-weight: 400;\">Photo : Regina Hr\u00f6nn, Guide de l&#8217;Islande<\/span><\/p>\n<p><span style=\"font-weight: 400;\">La plus ancienne \u00e9glise en turf d&#8217;Islande est <\/span><span style=\"font-weight: 400;\">L&#8217;\u00e9glise<\/span><span style=\"font-weight: 400;\"> Grafarkirkja, situ\u00e9e \u00e0 H\u00f6f\u00f0astr\u00f6nd, dans la partie orientale de Skagafj\u00f6r\u00f0ur <\/span><span style=\"font-weight: 400;\">est la<\/span> <span style=\"font-weight: 400;\">plus ancienne \u00e9glise d&#8217;Islande<\/span> <span style=\"font-weight: 400;\">avec du gazon<\/span><span style=\"font-weight: 400;\">. La piscine \u00e0 d\u00e9bordement de Hofs\u00f3s, qui offre une vue \u00e0 couper le souffle, se trouve \u00e0 proximit\u00e9. Le r\u00e9cit le plus ancien sur la Grafarkirkja date d&#8217;environ 1240 et se trouve dans la Sturlunga Saga, un recueil de sagas islandaises des XIIe et XIIIe si\u00e8cles. Il est probable que la plupart des \u00e9glises en Islande ressemblaient \u00e0 la Grafarkirkja dans le pass\u00e9. Regarder cette \u00e9glise, c&#8217;est comme remonter le temps. En raison de l&#8217;augmentation du trafic, l&#8217;\u00e9glise a \u00e9t\u00e9 ferm\u00e9e aux visiteurs. Construite en bois et en gazon, l&#8217;\u00e9glise ne peut pas supporter un trafic trop important et doit \u00eatre pr\u00e9serv\u00e9e le mieux possible. Pour un regard ext\u00e9rieur :        <\/span><i><span style=\"font-weight: 400;\">GPS : <\/span><\/i><a href=\"https:\/\/www.google.com\/maps\/place\/65%C2%B052%2710.7%22N+19%C2%B022%2705.9%22W\/@65.8696389,-19.4033245,13z\/data=!4m5!3m4!1s0x0:0x0!8m2!3d65.8696389!4d-19.3683056\"><i><span style=\"font-weight: 400;\">65\u00b052&#8217;10.7 &#8220;N 19\u00b022&#8217;05.9 &#8220;W<\/span><\/i><\/a><\/p>\n<p><img loading=\"lazy\" decoding=\"async\" class=\"alignleft wp-image-72970 size-full\" src=\"https:\/\/www.rent.is\/wp-content\/uploads\/2023\/07\/unnamed-e1608241582310.jpg\" alt=\"ancienne \u00e9glise\" width=\"512\" height=\"384\"><\/p>\n<p>Photo : trover.com<\/p>\n<p>\u00c1rb\u00e6jarkirkja a \u00e9t\u00e9 construite \u00e0 l&#8217;origine \u00e0 Skagafj\u00f6r\u00f0ur, mais a \u00e9t\u00e9 d\u00e9plac\u00e9e \u00e0 \u00c1rb\u00e6jarsafn, le mus\u00e9e en plein air de Reykjav\u00edk. L&#8217;\u00e9glise a \u00e9t\u00e9 restaur\u00e9e \u00e0 son image d&#8217;origine et int\u00e9gr\u00e9e au mus\u00e9e en 1960. Pour plus d&#8217;informations : <a href=\"http:\/\/www.reykjavikcitymuseum.is\/arbaer-open-air-museum\">www.reykjavikcitymuseum.is\/arbaer-open-air-museum<\/a> ou <a href=\"http:\/\/www.borgarsogusafn.is\/arbaejarsafn\">www.borgarsogusafn.is\/arbaejarsafn<\/a>  <\/p>\n<p><img loading=\"lazy\" decoding=\"async\" class=\"alignleft wp-image-72973 size-full\" src=\"https:\/\/www.rent.is\/wp-content\/uploads\/2023\/07\/image6-e1608241773587.jpg\" alt=\"\u00c1rb\u00e6jarkirkja\" width=\"800\" height=\"600\"><\/p>\n<p><span style=\"font-weight: 400;\">Photo : borgarsogusafn.is<\/span><\/p>\n<p><span style=\"font-weight: 400;\">Aujourd&#8217;hui, nous avons plus de 340 <\/span><span style=\"font-weight: 400;\">\u00e9glises<\/span> <span style=\"font-weight: 400;\">\u00e9glises<\/span><span style=\"font-weight: 400;\"> restantes <\/span><span style=\"font-weight: 400;\">en Islande<\/span><span style=\"font-weight: 400;\">  pour en parler. Mais nous devrions nous int\u00e9resser \u00e0 notre &#8220;Grande Dame&#8221; ou &#8220;la Garde&#8221; qui domine la ville de Reykjav\u00edk. Hallgr\u00edmskirkja est une \u00e9glise paroissiale luth\u00e9rienne qui doit son nom au po\u00e8te et eccl\u00e9siastique islandais Hallgr\u00edmur P\u00e9tursson (1614-1674). C&#8217;est la plus grande \u00e9glise d&#8217;Islande avec ses 74,5 m\u00e8tres de haut et elle a \u00e9t\u00e9 con\u00e7ue par     <\/span><a href=\"https:\/\/en.wikipedia.org\/wiki\/Gu%C3%B0j%C3%B3n_Sam%C3%BAelsson\"><span style=\"font-weight: 400;\">Gu\u00f0j\u00f3n Sam\u00faelsson<\/span><\/a><span style=\"font-weight: 400;\">  pour ressembler aux rochers, montagnes et glaciers du paysage islandais. La construction de l&#8217;\u00e9glise a dur\u00e9 41 ans ; elle a commenc\u00e9 en 1945 et s&#8217;est achev\u00e9e en 1986. L&#8217;\u00e9glise est dot\u00e9e d&#8217;un grand orgue \u00e0 tuyaux r\u00e9alis\u00e9 par le facteur d&#8217;orgues allemand Johannes Klais, de Bonn. Il mesure 15 m\u00e8tres de haut et comporte 102 rangs, 72 jeux et 5 275 tuyaux. L&#8217;\u00e9glise sert \u00e9galement de tour d&#8217;observation. Il n&#8217;y a pas de plus belle vue sur les maisons color\u00e9es de Reykjav\u00edk et les environs, que l&#8217;on peut appr\u00e9cier en prenant l&#8217;ascenseur jusqu&#8217;au pont d&#8217;observation. La statue de Leifur Eriksson (vers 970 &#8211; vers 1020) qui se trouve devant l&#8217;\u00e9glise a \u00e9t\u00e9 offerte par les \u00c9tats-Unis en l&#8217;honneur des 1 000 membres du Conseil de l&#8217;Europe.      <\/span><span style=\"font-weight: 400;\">e<\/span><span style=\"font-weight: 400;\"> anniversaire du Parlement islandais <\/span><a href=\"https:\/\/en.wikipedia.org\/wiki\/%C3%9Eingvellir\"><span style=\"font-weight: 400;\">\u00deingvellir<\/span><\/a><span style=\"font-weight: 400;\"> en 1930.<br \/>\n<\/span><img loading=\"lazy\" decoding=\"async\" class=\"wp-image-72974 size-full alignleft\" src=\"https:\/\/www.rent.is\/wp-content\/uploads\/2023\/07\/unnamed-1-1-e1608241831823.jpg\" alt=\"Hallgr\u00edmskirkja\" width=\"384\" height=\"512\"><\/p>\n<p><a href=\"http:\/\/www.en.hallgrimskirkja.is\/\"><span style=\"font-weight: 400;\">www.en.hallgrimskirkja.is\/<\/span><\/a><\/p>\n","protected":false},"excerpt":{"rendered":"<p>En Islande, vous trouverez plus de 350 \u00e9glises r\u00e9parties sur l&#8217;ensemble de l&#8217;\u00eele. Avec une population d&#8217;environ 360 000 personnes en 2020, ce chiffre n&#8217;est pas n\u00e9gligeable. \u00c0 leur naissance, les Islandais sont g\u00e9n\u00e9ralement enregistr\u00e9s comme chr\u00e9tiens dans l&#8217;\u00c9glise luth\u00e9rienne d&#8217;Islande. \u00c0 l&#8217;\u00e2ge de 14 ans, ils sont confirm\u00e9s (en islandais &#8220;Ferming&#8221;) et entrent ainsi [&hellip;]<\/p>\n","protected":false},"author":15,"featured_media":14720,"comment_status":"closed","ping_status":"closed","sticky":false,"template":"","format":"standard","meta":{"_acf_changed":false,"footnotes":""},"categories":[762],"tags":[],"class_list":["post-67326","post","type-post","status-publish","format-standard","has-post-thumbnail","hentry","category-blog-fr"],"acf":[],"yoast_head":"<!-- This site is optimized with the Yoast SEO plugin v26.4 - https:\/\/yoast.com\/wordpress\/plugins\/seo\/ -->\n<title>Les belles \u00e9glises islandaises : Histoire et informations<\/title>\n<meta name=\"description\" content=\"Les \u00e9glises islandaises ont une histoire riche et sont des destinations de choix pour les touristes et les habitants. \u2713 Cliquez pour d\u00e9couvrir ce qui rend ces magnifiques \u00e9difices si populaires.\" \/>\n<meta name=\"robots\" content=\"index, follow, max-snippet:-1, max-image-preview:large, max-video-preview:-1\" \/>\n<link rel=\"canonical\" href=\"https:\/\/www.rent.is\/fr\/blog-fr\/les-belles-eglises-islandaises-histoire-et-informations\/\" \/>\n<meta property=\"og:locale\" content=\"fr_FR\" \/>\n<meta property=\"og:type\" content=\"article\" \/>\n<meta property=\"og:title\" content=\"Les belles \u00e9glises islandaises : Histoire et informations\" \/>\n<meta property=\"og:description\" content=\"Les \u00e9glises islandaises ont une histoire riche et sont des destinations de choix pour les touristes et les habitants. \u2713 Cliquez pour d\u00e9couvrir ce qui rend ces magnifiques \u00e9difices si populaires.\" \/>\n<meta property=\"og:url\" content=\"https:\/\/www.rent.is\/fr\/blog-fr\/les-belles-eglises-islandaises-histoire-et-informations\/\" \/>\n<meta property=\"og:site_name\" content=\"Rent.is\" \/>\n<meta property=\"article:publisher\" content=\"https:\/\/www.facebook.com\/campervansIceland\/\" \/>\n<meta property=\"article:published_time\" content=\"2021-07-09T00:00:00+00:00\" \/>\n<meta property=\"og:image\" content=\"https:\/\/www.rent.is\/wp-content\/uploads\/2023\/07\/rent.is-image-4-e1608240593469.jpg\" \/>\n\t<meta property=\"og:image:width\" content=\"341\" \/>\n\t<meta property=\"og:image:height\" content=\"512\" \/>\n\t<meta property=\"og:image:type\" content=\"image\/jpeg\" \/>\n<meta name=\"author\" content=\"Theodor Palsson\" \/>\n<meta name=\"twitter:card\" content=\"summary_large_image\" \/>\n<meta name=\"twitter:creator\" content=\"@CampersIceland\" \/>\n<meta name=\"twitter:site\" content=\"@CampersIceland\" \/>\n<meta name=\"twitter:label1\" content=\"\u00c9crit par\" \/>\n\t<meta name=\"twitter:data1\" content=\"Theodor Palsson\" \/>\n\t<meta name=\"twitter:label2\" content=\"Dur\u00e9e de lecture estim\u00e9e\" \/>\n\t<meta name=\"twitter:data2\" content=\"7 minutes\" \/>\n<script type=\"application\/ld+json\" class=\"yoast-schema-graph\">{\"@context\":\"https:\/\/schema.org\",\"@graph\":[{\"@type\":[\"Article\",\"BlogPosting\"],\"@id\":\"https:\/\/www.rent.is\/fr\/blog-fr\/les-belles-eglises-islandaises-histoire-et-informations\/#article\",\"isPartOf\":{\"@id\":\"https:\/\/www.rent.is\/fr\/blog-fr\/les-belles-eglises-islandaises-histoire-et-informations\/\"},\"author\":{\"name\":\"Theodor Palsson\",\"@id\":\"https:\/\/www.rent.is\/fr\/#\/schema\/person\/59a30e88162ceb34fad74fd3d0e54d36\"},\"headline\":\"Les belles \u00e9glises islandaises : Histoire et informations\",\"datePublished\":\"2021-07-09T00:00:00+00:00\",\"mainEntityOfPage\":{\"@id\":\"https:\/\/www.rent.is\/fr\/blog-fr\/les-belles-eglises-islandaises-histoire-et-informations\/\"},\"wordCount\":1463,\"publisher\":{\"@id\":\"https:\/\/www.rent.is\/fr\/#organization\"},\"image\":{\"@id\":\"https:\/\/www.rent.is\/fr\/blog-fr\/les-belles-eglises-islandaises-histoire-et-informations\/#primaryimage\"},\"thumbnailUrl\":\"https:\/\/www.rent.is\/wp-content\/uploads\/2023\/07\/rent.is-image-4-e1608240593469.jpg\",\"articleSection\":[\"Blog\"],\"inLanguage\":\"fr-FR\"},{\"@type\":\"WebPage\",\"@id\":\"https:\/\/www.rent.is\/fr\/blog-fr\/les-belles-eglises-islandaises-histoire-et-informations\/\",\"url\":\"https:\/\/www.rent.is\/fr\/blog-fr\/les-belles-eglises-islandaises-histoire-et-informations\/\",\"name\":\"Les belles \u00e9glises islandaises : Histoire et informations\",\"isPartOf\":{\"@id\":\"https:\/\/www.rent.is\/fr\/#website\"},\"primaryImageOfPage\":{\"@id\":\"https:\/\/www.rent.is\/fr\/blog-fr\/les-belles-eglises-islandaises-histoire-et-informations\/#primaryimage\"},\"image\":{\"@id\":\"https:\/\/www.rent.is\/fr\/blog-fr\/les-belles-eglises-islandaises-histoire-et-informations\/#primaryimage\"},\"thumbnailUrl\":\"https:\/\/www.rent.is\/wp-content\/uploads\/2023\/07\/rent.is-image-4-e1608240593469.jpg\",\"datePublished\":\"2021-07-09T00:00:00+00:00\",\"description\":\"Les \u00e9glises islandaises ont une histoire riche et sont des destinations de choix pour les touristes et les habitants. \u2713 Cliquez pour d\u00e9couvrir ce qui rend ces magnifiques \u00e9difices si populaires.\",\"inLanguage\":\"fr-FR\",\"potentialAction\":[{\"@type\":\"ReadAction\",\"target\":[\"https:\/\/www.rent.is\/fr\/blog-fr\/les-belles-eglises-islandaises-histoire-et-informations\/\"]}]},{\"@type\":\"ImageObject\",\"inLanguage\":\"fr-FR\",\"@id\":\"https:\/\/www.rent.is\/fr\/blog-fr\/les-belles-eglises-islandaises-histoire-et-informations\/#primaryimage\",\"url\":\"https:\/\/www.rent.is\/wp-content\/uploads\/2023\/07\/rent.is-image-4-e1608240593469.jpg\",\"contentUrl\":\"https:\/\/www.rent.is\/wp-content\/uploads\/2023\/07\/rent.is-image-4-e1608240593469.jpg\",\"width\":341,\"height\":512,\"caption\":\"the blue church in sey\u00f0isfj\u00f6r\u00f0ur\"},{\"@type\":\"WebSite\",\"@id\":\"https:\/\/www.rent.is\/fr\/#website\",\"url\":\"https:\/\/www.rent.is\/fr\/\",\"name\":\"Rent.is\",\"description\":\"Camper Van Iceland - Rent a camper, RV, or Motorhome\",\"publisher\":{\"@id\":\"https:\/\/www.rent.is\/fr\/#organization\"},\"alternateName\":\"Rent\",\"potentialAction\":[{\"@type\":\"SearchAction\",\"target\":{\"@type\":\"EntryPoint\",\"urlTemplate\":\"https:\/\/www.rent.is\/fr\/?s={search_term_string}\"},\"query-input\":{\"@type\":\"PropertyValueSpecification\",\"valueRequired\":true,\"valueName\":\"search_term_string\"}}],\"inLanguage\":\"fr-FR\"},{\"@type\":\"Organization\",\"@id\":\"https:\/\/www.rent.is\/fr\/#organization\",\"name\":\"Rent\",\"alternateName\":\"Rent Campervan Iceland\",\"url\":\"https:\/\/www.rent.is\/fr\/\",\"logo\":{\"@type\":\"ImageObject\",\"inLanguage\":\"fr-FR\",\"@id\":\"https:\/\/www.rent.is\/fr\/#\/schema\/logo\/image\/\",\"url\":\"https:\/\/www.rent.is\/wp-content\/uploads\/2023\/06\/Rent-logo__blue.svg\",\"contentUrl\":\"https:\/\/www.rent.is\/wp-content\/uploads\/2023\/06\/Rent-logo__blue.svg\",\"caption\":\"Rent\"},\"image\":{\"@id\":\"https:\/\/www.rent.is\/fr\/#\/schema\/logo\/image\/\"},\"sameAs\":[\"https:\/\/www.facebook.com\/campervansIceland\/\",\"https:\/\/x.com\/CampersIceland\"]},{\"@type\":\"Person\",\"@id\":\"https:\/\/www.rent.is\/fr\/#\/schema\/person\/59a30e88162ceb34fad74fd3d0e54d36\",\"name\":\"Theodor Palsson\",\"image\":{\"@type\":\"ImageObject\",\"inLanguage\":\"fr-FR\",\"@id\":\"https:\/\/www.rent.is\/fr\/#\/schema\/person\/image\/\",\"url\":\"https:\/\/www.rent.is\/wp-content\/uploads\/2024\/10\/theodor-palsson_avatar-96x96.jpg\",\"contentUrl\":\"https:\/\/www.rent.is\/wp-content\/uploads\/2024\/10\/theodor-palsson_avatar-96x96.jpg\",\"caption\":\"Theodor Palsson\"},\"description\":\"Theod\u00f3r, known as Teddi, is from Reykjavik and works in customer service at Rent. A passionate traveler, he\u2019s also an enduro enthusiast and loves mountain hiking, especially in Iceland\u2019s stunning landscapes.\",\"url\":\"https:\/\/www.rent.is\/fr\/author\/teddi\/\"}]}<\/script>\n<!-- \/ Yoast SEO plugin. -->","yoast_head_json":{"title":"Les belles \u00e9glises islandaises : Histoire et informations","description":"Les \u00e9glises islandaises ont une histoire riche et sont des destinations de choix pour les touristes et les habitants. \u2713 Cliquez pour d\u00e9couvrir ce qui rend ces magnifiques \u00e9difices si populaires.","robots":{"index":"index","follow":"follow","max-snippet":"max-snippet:-1","max-image-preview":"max-image-preview:large","max-video-preview":"max-video-preview:-1"},"canonical":"https:\/\/www.rent.is\/fr\/blog-fr\/les-belles-eglises-islandaises-histoire-et-informations\/","og_locale":"fr_FR","og_type":"article","og_title":"Les belles \u00e9glises islandaises : Histoire et informations","og_description":"Les \u00e9glises islandaises ont une histoire riche et sont des destinations de choix pour les touristes et les habitants. \u2713 Cliquez pour d\u00e9couvrir ce qui rend ces magnifiques \u00e9difices si populaires.","og_url":"https:\/\/www.rent.is\/fr\/blog-fr\/les-belles-eglises-islandaises-histoire-et-informations\/","og_site_name":"Rent.is","article_publisher":"https:\/\/www.facebook.com\/campervansIceland\/","article_published_time":"2021-07-09T00:00:00+00:00","og_image":[{"width":341,"height":512,"url":"https:\/\/www.rent.is\/wp-content\/uploads\/2023\/07\/rent.is-image-4-e1608240593469.jpg","type":"image\/jpeg"}],"author":"Theodor Palsson","twitter_card":"summary_large_image","twitter_creator":"@CampersIceland","twitter_site":"@CampersIceland","twitter_misc":{"\u00c9crit par":"Theodor Palsson","Dur\u00e9e de lecture estim\u00e9e":"7 minutes"},"schema":{"@context":"https:\/\/schema.org","@graph":[{"@type":["Article","BlogPosting"],"@id":"https:\/\/www.rent.is\/fr\/blog-fr\/les-belles-eglises-islandaises-histoire-et-informations\/#article","isPartOf":{"@id":"https:\/\/www.rent.is\/fr\/blog-fr\/les-belles-eglises-islandaises-histoire-et-informations\/"},"author":{"name":"Theodor Palsson","@id":"https:\/\/www.rent.is\/fr\/#\/schema\/person\/59a30e88162ceb34fad74fd3d0e54d36"},"headline":"Les belles \u00e9glises islandaises : Histoire et informations","datePublished":"2021-07-09T00:00:00+00:00","mainEntityOfPage":{"@id":"https:\/\/www.rent.is\/fr\/blog-fr\/les-belles-eglises-islandaises-histoire-et-informations\/"},"wordCount":1463,"publisher":{"@id":"https:\/\/www.rent.is\/fr\/#organization"},"image":{"@id":"https:\/\/www.rent.is\/fr\/blog-fr\/les-belles-eglises-islandaises-histoire-et-informations\/#primaryimage"},"thumbnailUrl":"https:\/\/www.rent.is\/wp-content\/uploads\/2023\/07\/rent.is-image-4-e1608240593469.jpg","articleSection":["Blog"],"inLanguage":"fr-FR"},{"@type":"WebPage","@id":"https:\/\/www.rent.is\/fr\/blog-fr\/les-belles-eglises-islandaises-histoire-et-informations\/","url":"https:\/\/www.rent.is\/fr\/blog-fr\/les-belles-eglises-islandaises-histoire-et-informations\/","name":"Les belles \u00e9glises islandaises : Histoire et informations","isPartOf":{"@id":"https:\/\/www.rent.is\/fr\/#website"},"primaryImageOfPage":{"@id":"https:\/\/www.rent.is\/fr\/blog-fr\/les-belles-eglises-islandaises-histoire-et-informations\/#primaryimage"},"image":{"@id":"https:\/\/www.rent.is\/fr\/blog-fr\/les-belles-eglises-islandaises-histoire-et-informations\/#primaryimage"},"thumbnailUrl":"https:\/\/www.rent.is\/wp-content\/uploads\/2023\/07\/rent.is-image-4-e1608240593469.jpg","datePublished":"2021-07-09T00:00:00+00:00","description":"Les \u00e9glises islandaises ont une histoire riche et sont des destinations de choix pour les touristes et les habitants. \u2713 Cliquez pour d\u00e9couvrir ce qui rend ces magnifiques \u00e9difices si populaires.","inLanguage":"fr-FR","potentialAction":[{"@type":"ReadAction","target":["https:\/\/www.rent.is\/fr\/blog-fr\/les-belles-eglises-islandaises-histoire-et-informations\/"]}]},{"@type":"ImageObject","inLanguage":"fr-FR","@id":"https:\/\/www.rent.is\/fr\/blog-fr\/les-belles-eglises-islandaises-histoire-et-informations\/#primaryimage","url":"https:\/\/www.rent.is\/wp-content\/uploads\/2023\/07\/rent.is-image-4-e1608240593469.jpg","contentUrl":"https:\/\/www.rent.is\/wp-content\/uploads\/2023\/07\/rent.is-image-4-e1608240593469.jpg","width":341,"height":512,"caption":"the blue church in sey\u00f0isfj\u00f6r\u00f0ur"},{"@type":"WebSite","@id":"https:\/\/www.rent.is\/fr\/#website","url":"https:\/\/www.rent.is\/fr\/","name":"Rent.is","description":"Camper Van Iceland - Rent a camper, RV, or Motorhome","publisher":{"@id":"https:\/\/www.rent.is\/fr\/#organization"},"alternateName":"Rent","potentialAction":[{"@type":"SearchAction","target":{"@type":"EntryPoint","urlTemplate":"https:\/\/www.rent.is\/fr\/?s={search_term_string}"},"query-input":{"@type":"PropertyValueSpecification","valueRequired":true,"valueName":"search_term_string"}}],"inLanguage":"fr-FR"},{"@type":"Organization","@id":"https:\/\/www.rent.is\/fr\/#organization","name":"Rent","alternateName":"Rent Campervan Iceland","url":"https:\/\/www.rent.is\/fr\/","logo":{"@type":"ImageObject","inLanguage":"fr-FR","@id":"https:\/\/www.rent.is\/fr\/#\/schema\/logo\/image\/","url":"https:\/\/www.rent.is\/wp-content\/uploads\/2023\/06\/Rent-logo__blue.svg","contentUrl":"https:\/\/www.rent.is\/wp-content\/uploads\/2023\/06\/Rent-logo__blue.svg","caption":"Rent"},"image":{"@id":"https:\/\/www.rent.is\/fr\/#\/schema\/logo\/image\/"},"sameAs":["https:\/\/www.facebook.com\/campervansIceland\/","https:\/\/x.com\/CampersIceland"]},{"@type":"Person","@id":"https:\/\/www.rent.is\/fr\/#\/schema\/person\/59a30e88162ceb34fad74fd3d0e54d36","name":"Theodor Palsson","image":{"@type":"ImageObject","inLanguage":"fr-FR","@id":"https:\/\/www.rent.is\/fr\/#\/schema\/person\/image\/","url":"https:\/\/www.rent.is\/wp-content\/uploads\/2024\/10\/theodor-palsson_avatar-96x96.jpg","contentUrl":"https:\/\/www.rent.is\/wp-content\/uploads\/2024\/10\/theodor-palsson_avatar-96x96.jpg","caption":"Theodor Palsson"},"description":"Theod\u00f3r, known as Teddi, is from Reykjavik and works in customer service at Rent. A passionate traveler, he\u2019s also an enduro enthusiast and loves mountain hiking, especially in Iceland\u2019s stunning landscapes.","url":"https:\/\/www.rent.is\/fr\/author\/teddi\/"}]}},"_links":{"self":[{"href":"https:\/\/www.rent.is\/fr\/wp-json\/wp\/v2\/posts\/67326","targetHints":{"allow":["GET"]}}],"collection":[{"href":"https:\/\/www.rent.is\/fr\/wp-json\/wp\/v2\/posts"}],"about":[{"href":"https:\/\/www.rent.is\/fr\/wp-json\/wp\/v2\/types\/post"}],"author":[{"embeddable":true,"href":"https:\/\/www.rent.is\/fr\/wp-json\/wp\/v2\/users\/15"}],"replies":[{"embeddable":true,"href":"https:\/\/www.rent.is\/fr\/wp-json\/wp\/v2\/comments?post=67326"}],"version-history":[{"count":0,"href":"https:\/\/www.rent.is\/fr\/wp-json\/wp\/v2\/posts\/67326\/revisions"}],"wp:featuredmedia":[{"embeddable":true,"href":"https:\/\/www.rent.is\/fr\/wp-json\/wp\/v2\/media\/14720"}],"wp:attachment":[{"href":"https:\/\/www.rent.is\/fr\/wp-json\/wp\/v2\/media?parent=67326"}],"wp:term":[{"taxonomy":"category","embeddable":true,"href":"https:\/\/www.rent.is\/fr\/wp-json\/wp\/v2\/categories?post=67326"},{"taxonomy":"post_tag","embeddable":true,"href":"https:\/\/www.rent.is\/fr\/wp-json\/wp\/v2\/tags?post=67326"}],"curies":[{"name":"wp","href":"https:\/\/api.w.org\/{rel}","templated":true}]}}