{"id":67335,"date":"2021-06-10T10:41:00","date_gmt":"2021-06-10T10:41:00","guid":{"rendered":"https:\/\/www.rent.is\/sin-categorizar\/islandia-en-verano-guia-estacional\/"},"modified":"2025-05-16T15:17:35","modified_gmt":"2025-05-16T15:17:35","slug":"islandia-en-verano-guia-estacional","status":"publish","type":"post","link":"https:\/\/www.rent.is\/es\/blog-es\/islandia-en-verano-guia-estacional\/","title":{"rendered":"Islandia en Verano: Gu\u00eda estacional"},"content":{"rendered":"\n<p>El verano transforma Islandia de las formas m\u00e1s bellas. El manto de nieve se desvanece y puedes ver la belleza de la regi\u00f3n en su verdadera forma. Durante mi viaje, me encantaron especialmente los valles esmeralda y las cascadas de Islandia. No ser\u00eda una hip\u00e9rbole si dijera que dej\u00e9 un trozo de mi coraz\u00f3n en los impresionantes campos de flores silvestres del pa\u00eds insular.     <\/p>\n\n<p>Me gustar\u00eda aprovechar esta entrada del blog para compartir mi experiencia visitando Islandia en verano, concretamente los Fiordos del Oeste y el Norte. Desde el tiempo y las actividades hasta la lista definitiva de la maleta de verano de Islandia, \u00a1vamos a hablar de todo ello!   <\/p>\n\n<figure class=\"wp-block-image is-resized\"><img decoding=\"async\" src=\"https:\/\/lh7-us.googleusercontent.com\/WtfIj1yCb1jE0xGiQjTESwKKmwAVW8QEDR6mbGnEc88X3QfhRIDMrPJacKZCPULy0RKhHpIoXUUY_RLk6aoWT2WcDzWcUjOr99EwyYtQGiapHmu63s53MIDsj70cAiYtuX8viz12IkcGo5TAbX2KqcY\" alt=\"Cascadas y monta&#xF1;a en Islandia\" style=\"width:838px;height:auto\"\/><\/figure>\n\n<h2 class=\"wp-block-heading\">\u00bfC\u00f3mo es Islandia en verano?  <\/h2>\n\n<p>De hecho, Islandia puede volverse muy tur\u00edstica de junio a agosto, pero \u00e9ste es uno de los pocos lugares que recomendar\u00eda visitar durante estos meses de m\u00e1ximo turismo.  <em>\u00a1Porque Islandia es tan buena en verano!<\/em><\/p>\n\n<h2 class=\"wp-block-heading\">El tiempo en Islandia en verano  <\/h2>\n\n<p>El rango de temperaturas estivales de Islandia es lo que yo llamar\u00eda un &#8220;verano fr\u00edo&#8221; al l\u00edmite. En general, puedes esperar que las temperaturas oscilen entre 10 y 13 \u00b0C (50 y 55 \u00b0F). Algunos d\u00edas pueden alcanzar de 20 a 25 \u00b0C (de 68 a 77 \u00b0F). Esto significa que hace suficiente calor para disfrutar del aire libre, pero lo suficientemente fresco para que no te acalores durante las actividades.     <\/p>\n\n<p>\u00bfCu\u00e1ndo es verano en Islandia? El verano island\u00e9s abarca desde mediados de junio hasta finales de agosto, siendo julio y agosto los meses m\u00e1s c\u00e1lidos. Situado justo debajo del C\u00edrculo Polar \u00c1rtico, el pa\u00eds experimenta largas horas de luz diurna durante el verano, con el famoso <a href=\"https:\/\/www.rent.is\/camperstories\/trip-land-midnight-sun\/\">Sol de Medianoche<\/a> iluminando el <a href=\"https:\/\/www.rent.is\/blog\/iceland-night-sky\/\">cielo nocturno<\/a> de Islandia durante casi 24 horas al d\u00eda desde mediados de junio hasta principios de julio, \u00a1un espect\u00e1culo realmente espectacular que recomiendo a todo el mundo que experimente al menos una vez en su vida!    <\/p>\n\n<h3 class=\"wp-block-heading\">Junio<\/h3>\n\n<p>Junio marca el comienzo del verano en Islandia. Los d\u00edas empiezan a alargarse, y el Sol de Medianoche comienza a proyectar su luz diurna sobre el paisaje. A medida que el hielo se deshiela lentamente y las temperaturas se calientan, el paisaje estalla en verdes vibrantes salpicados de alguna mancha de nieve. Las temperaturas siguen siendo relativamente fr\u00edas, oscilando normalmente entre 8 \u00b0C y 13 \u00b0C, pero con la ropa adecuada es el momento perfecto para aventuras al aire libre, como senderismo, avistamiento de ballenas y exploraci\u00f3n de las bellas <a href=\"https:\/\/www.rent.is\/blog\/waterfalls-in-iceland\/\">cascadas<\/a> y maravillas geot\u00e9rmicas de Islandia.   <\/p>\n\n<h3 class=\"wp-block-heading\">Islandia en julio<\/h3>\n\n<p>Julio es el punto \u00e1lgido del verano en Islandia, con largos d\u00edas llenos de luz solar interminable. El tiempo en Islandia en julio suele ser suave, con temperaturas que oscilan entre los 10 \u00b0C y los 15 \u00b0C de media. Es uno de los meses m\u00e1s populares para visitar Islandia, ya que el campo est\u00e1 en plena floraci\u00f3n, ofreciendo paisajes espectaculares para hacer senderismo, acampar y fotografiar. Tambi\u00e9n es una \u00e9poca excelente para asistir a eventos y festivales de verano y sumergirte en la cultura local.     <\/p>\n\n<h3 class=\"wp-block-heading\">Islandia en agosto<\/h3>\n\n<p>A medida que el verano se acerca a su fin, los d\u00edas de agosto siguen siendo largos y con un tiempo agradable, aunque las temperaturas empiezan a refrescar ligeramente, oscilando entre 9 \u00b0C y 14 \u00b0C (48 \u00b0F y 57 \u00b0F) de media. A pesar del ligero descenso de las temperaturas, agosto sigue siendo un mes estupendo para explorar los lugares de inter\u00e9s natural de Islandia, desde los glaciares hasta los puntos volc\u00e1nicos. Tambi\u00e9n es un momento ideal para actividades como montar a caballo, observar aves, perseguir puestas de sol y remojarse en aguas termales geot\u00e9rmicas.  <\/p>\n\n<h2 class=\"wp-block-heading\">Fiordos occidentales en verano  <\/h2>\n\n<p>Los fiordos occidentales son el sue\u00f1o de cualquier fot\u00f3grafo de paisajes. Los escarpados picos de las monta\u00f1as rascan el cielo, y sus laderas se alfombran de un verde vibrante en verano. Islandia es conocida por sus majestuosos fiordos, que penetran profundamente en la tierra, creando imponentes panoramas donde alt\u00edsimos acantilados se encuentran con el mar. Esto revela una de las costas m\u00e1s espectaculares que he visto nunca.     <\/p>\n\n<p>Olv\u00eddate de <a href=\"https:\/\/www.rent.is\/es\/blog-es\/playas-de-arena-negra-en-islandia-una-maravilla-natural-que-hay-que-visitar\/\">las playas de arena negra<\/a> (\u00a1aunque aqu\u00ed tambi\u00e9n existen!). Los fiordos occidentales son famosos por sus largas extensiones de arena dorada. La playa de Rau\u00f0asandur, por ejemplo, presume de arena dorada rojiza que brilla a la luz del sol. Imagin\u00e9moslo as\u00ed: est\u00e1s paseando por estas costas inmaculadas, con las frescas olas del Atl\u00e1ntico lami\u00e9ndote los pies, y la extensi\u00f3n del oc\u00e9ano encontr\u00e1ndose con el horizonte.     <\/p>\n\n<figure class=\"wp-block-image is-resized\"><img decoding=\"async\" src=\"https:\/\/lh7-us.googleusercontent.com\/ZF716YrCkIf9czkkIM2gLBX3mBLBujeaGdoV07uWXqk1-FpbLqiCFBl4utS8O8FPjLNTMcMVT871DgYZJUEF3wR8qcBcyVkrVDZF5hj_xcxpiNwnkjiPm1b9s20GIP-T6cMtiml7rqCK5y1ebwUa-Sg\" alt=\"Playa de Rau&#xF0;asandur\" style=\"width:839px;height:auto\"\/><\/figure>\n\n<p>\u00a1Y no te olvides de los campos! Los Fiordos Occidentales cuentan con impresionantes campos verdes, un espect\u00e1culo que s\u00f3lo presenciar\u00e1s en este destino.   <\/p>\n\n<h2 class=\"wp-block-heading\">Norte de Islandia en verano<\/h2>\n\n<p>Mientras que los fiordos occidentales impresionan con sus dram\u00e1ticas costas, el norte de Islandia ofrece un tipo diferente de magia. Aqu\u00ed, el paisaje est\u00e1 dominado por parques nacionales, cascadas y un toque de fr\u00edo \u00e1rtico. <\/p>\n\n<p>Monta\u00f1as volc\u00e1nicas -pintadas con tonos negros, marrones y rojos- se elevan desde las llanuras. Enormes glaciares se abren paso a trav\u00e9s del paisaje. Y dejan tras de s\u00ed icebergs que salpican lagos glaciares de color turquesa (\u00a1mira m\u00e1s abajo para ver una vista adecuada!). Esta belleza cruda e ind\u00f3mita es un espect\u00e1culo para la vista.     <\/p>\n\n<p>El viaje en coche por el norte de Islandia es una experiencia en s\u00ed misma. Largas y sinuosas carreteras serpentean por las llanuras. A veces, ver\u00e1s alg\u00fan pueblo island\u00e9s por el camino. La sensaci\u00f3n de lejan\u00eda es tan estimulante que la naturaleza en estado puro que me rode\u00f3 durante el viaje me llen\u00f3 de energ\u00eda. (Eso s\u00ed, prep\u00e1rate para el fr\u00edo que sentir\u00e1s al bajar la ventanilla).      <\/p>\n\n<figure class=\"wp-block-image is-resized\"><img decoding=\"async\" src=\"https:\/\/lh7-us.googleusercontent.com\/5nYbPb4Ms1s0BzxIPNdY0nw5jE9MAgtaNsKFW4mmhthNwQPRzzx-WgU1OQ3jnLOUBdE7FhT5ZWRhmXVBPjxA8BMPBeXFlqSeiNfFb9EEHMHEAyJFliy38J3P0JafKZXs9c2MFfBLdrJup1GRX9ImY_I\" alt=\"Cola de ballena en el oc&#xE9;ano\" style=\"width:840px;height:auto\"\/><\/figure>\n\n<h2 class=\"wp-block-heading\">Qu\u00e9 llevar a Islandia en verano  <\/h2>\n\n<p>Como puedes suponer, hacer la maleta para Islandia en verano no es lo mismo que hacerla para el Caribe en verano. Cuando hagas la maleta para el clima veraniego de Islandia, aseg\u00farate de llevar capas de camisetas de manga corta y larga y jers\u00e9is para estar preparado para los cambios bruscos de temperatura. Tambi\u00e9n puedes esperar lloviznas, por lo que llevar chaquetas impermeables y calzado de monta\u00f1a es una buena idea. Tambi\u00e9n debes llevar otros art\u00edculos esenciales para el viaje. Ba\u00f1adores, protecci\u00f3n solar, cremas hidratantes&#8230; ya sabes lo que hay que hacer.    <\/p>\n\n<p>Esto es lo que hay que meter en la maleta para una aventura veraniega en Islandia:<\/p>\n\n<p><strong>Ropa<\/strong><\/p>\n\n<ul class=\"wp-block-list\">\n<li>Capas interiores ligeras que absorben la humedad  <\/li>\n\n\n\n<li>Chaqueta polar<\/li>\n\n\n\n<li>Chaqueta impermeable y cortaviento<\/li>\n\n\n\n<li>Pantalones impermeables<\/li>\n\n\n\n<li>Pantalones de senderismo c\u00f3modos (vaqueros, leggings, etc.) y pantalones cortos  <\/li>\n\n\n\n<li>Camisetas de manga larga para superponer<\/li>\n\n\n\n<li>Camisetas<\/li>\n\n\n\n<li>Ba\u00f1ador (para aguas termales o piscinas)<\/li>\n\n\n\n<li>Calcetines gruesos (de lana o sint\u00e9ticos para senderismo)<\/li>\n\n\n\n<li>Botas de monta\u00f1a impermeables, preferiblemente con un tobillo m\u00e1s alto para mayor estabilidad (\u00a1aseg\u00farate de estrenarlas antes de salir!)  <\/li>\n\n\n\n<li>Zapatos c\u00f3modos para caminar o planos para ir a cenar o explorar la ciudad<\/li>\n\n\n\n<li>Zapatillas de agua o chanclas<\/li>\n\n\n\n<li>Gorros, guantes y bufanda para las noches fr\u00edas<\/li>\n<\/ul>\n\n<p><strong>Equipamiento y Accesorios<\/strong><\/p>\n\n<ul class=\"wp-block-list\">\n<li>Sombrero y gafas de sol para protegerte del sol<\/li>\n\n\n\n<li>Mochila de d\u00eda para <a href=\"https:\/\/www.rent.is\/blog\/hiking-in-iceland\/\">senderismo<\/a> y exploraci\u00f3n<\/li>\n\n\n\n<li>Botella de agua reutilizable  <\/li>\n\n\n\n<li>Mascarilla para los ojos, si piensas visitarnos durante el Sol de Medianoche o el Solsticio de Verano<\/li>\n\n\n\n<li>Prism\u00e1ticos<\/li>\n\n\n\n<li>Banco de energ\u00eda port\u00e1til  <\/li>\n\n\n\n<li>Equipo fotogr\u00e1fico y bater\u00edas<\/li>\n\n\n\n<li>Adaptador de viaje y convertidor para enchufes islandeses<\/li>\n\n\n\n<li>Toallas ligeras (de secado r\u00e1pido)<\/li>\n\n\n\n<li>Art\u00edculos de aseo personal y medicamentos<\/li>\n\n\n\n<li>Repelente de insectos (sobre todo para las excursiones por zonas de hierba)<\/li>\n\n\n\n<li>Protector solar con FPS alto<\/li>\n\n\n\n<li>B\u00e1lsamo labial con FPS<\/li>\n\n\n\n<li>Botiqu\u00edn de primeros auxilios<\/li>\n\n\n\n<li>Efectivo en coronas islandesas<\/li>\n<\/ul>\n\n<figure class=\"wp-block-image is-resized\"><img decoding=\"async\" src=\"https:\/\/lh7-us.googleusercontent.com\/7m3uLXRokBP1ZLeLc1rnPHm0n0WtCmFaMawqE0UXi7X8yW7HaKeu3xmfhwf4Xwdg3re8KuplbWXSGugc3alVUQIbhNnYZtz8MytcDJBhP49-jZls6Bkw1jIt-cptCmHN-IMYgXSWllLA7j_y6Ch6UP8\" alt=\"Campos verdes, oc&#xE9;ano y monta&#xF1;as en Islandia\" style=\"width:841px;height:auto\"\/><\/figure>\n\n<h2 class=\"wp-block-heading\">Qu\u00e9 hacer en Islandia en verano  <\/h2>\n\n<p>En Islandia abundan las cosas que hacer en verano, as\u00ed que, independientemente de la duraci\u00f3n de tu visita, nunca te quedar\u00e1s sin actividades al aire libre de las que disfrutar. Me encantaron especialmente los Fiordos del Oeste y la Isla Norte por sus impresionantes paisajes. As\u00ed que todas mis recomendaciones giran en torno a aprovechar al m\u00e1ximo la belleza natural de Islandia.    <\/p>\n\n<h3 class=\"wp-block-heading\">Observaci\u00f3n de ballenas  <\/h3>\n\n<p>La ciudad de Holmavik est\u00e1 enclavada entre fiordos espectaculares. Pero lo que la hace especial son sus serenas aguas. Aqu\u00ed puedes hacer una excursi\u00f3n en barco y presenciar enormes ballenas en su h\u00e1bitat natural. Lo m\u00e1s habitual es que veas una juguetona ballena jorobada. Durante mi excursi\u00f3n, tuve suerte e incluso vi una ballena azul gigante \u00a1saliendo del agua! Y tambi\u00e9n me gustar\u00eda mencionar que a veces tiendo a marearme cuando estoy en el mar. Pero las aguas de Holmavik eran tan tranquilas que apenas me mare\u00e9.      <\/p>\n\n<figure class=\"wp-block-image is-resized\"><img decoding=\"async\" src=\"https:\/\/lh7-us.googleusercontent.com\/nEjdth3MwdoPZsSZRWquQcAqVjjQdBdd2MOfRt_aK9yBDZHkt2Uj95ptdHe-W1n8QgqJsfWj8eThygjpY1CwiwOrj2OYRC-E3OTv4hepaMyt4os3SVLdwN79RPjvSRc-qlhq2YzVMnmwpbkLnmDGffw\" alt=\"Ballena saltando desde el oc&#xE9;ano\" style=\"width:839px;height:auto\"\/><\/figure>\n\n<p>Si buscas una experiencia, Laki Tours tiene muchas opiniones prometedoras en TripAdvisor.<\/p>\n\n<figure class=\"wp-block-image is-resized\"><img decoding=\"async\" src=\"https:\/\/lh7-us.googleusercontent.com\/355v_WPYzbHxffJMyN6YmDwNs9yMHI8BF2eKUVDguoqIROLtlJsfaYLeUdaglBZrYmy-ASouxEoj7ujm2uAXinrioHPVnQVWhFwwD6VhhhQFZI09BfT-EMQCEcaz-MCWIASHqbtZrpbLS-anTXWgas4\" alt=\"Iglesia sobre una colina verde en Islandia\" style=\"width:839px;height:auto\"\/><\/figure>\n\n<h3 class=\"wp-block-heading\">Experimenta el kayak  <\/h3>\n\n<p>Los fiordos occidentales tienen un nombre muy apropiado. Profundos fiordos se abren paso en la tierra, y sus aguas esmeralda reflejan los picos nevados que a menudo se divisan en la distancia. Imagina navegar en kayak por estos fiordos tranquilos, rodeados de imponentes acantilados que albergan innumerables aves marinas. No pierdas de vista a las juguetonas focas que toman el sol en las rocas.   <\/p>\n\n<figure class=\"wp-block-image is-resized\"><img decoding=\"async\" src=\"https:\/\/lh7-us.googleusercontent.com\/z1eEPT3yKqnwUlubJUyaEBI8BvgRW_Nwag1Y-KFUCZjkHigxtnLV7xlKGLxLZnEO4gGAp1NaViHHFOioMPlgtkqzt0uDG55ZIp2d7a5o9PL_u-l70WWbt2iYAf9KAouw6a_FCu6SMd5NmKNfsl7YeZA\" alt=\"Hombre en kayak en Islandia\" style=\"width:839px;height:auto\"\/><\/figure>\n\n<h3 class=\"wp-block-heading\">Sum\u00e9rgete en piscinas geot\u00e9rmicas  <\/h3>\n\n<p>Te olvidar\u00e1s de un spa de cinco estrellas cuando te sumerjas en las aguas termales naturales de Islandia. Y la buena noticia es que los Fiordos del Oeste est\u00e1n plagados de estas maravillas. En el Drangsnes Hot Pot, las humeantes aguas termales te permiten relajar los m\u00fasculos doloridos tras un d\u00eda lleno de aventuras. Y lo que es m\u00e1s: las piscinas est\u00e1n al aire libre y rodeadas de terreno escarpado. Es una experiencia relajante en la naturaleza que recomendar\u00eda a todo viajero.      <\/p>\n\n<p>Sin embargo, como la actividad es gratuita, \u00a1el tiempo lo es todo! Aseg\u00farate de disfrutar del ba\u00f1o a \u00faltima hora de la noche o a primera hora de la ma\u00f1ana para que no haya demasiada gente. Y ya que est\u00e1s, no dudes en charlar con los lugare\u00f1os    <\/p>\n\n<figure class=\"wp-block-image is-resized\"><img decoding=\"async\" src=\"https:\/\/lh7-us.googleusercontent.com\/gEuWcVi-plfiAkmaG3gD6NiTuFB9x8TVu3WYh7Uc7rqPM6pcUkzZkYd5RPtPp7HEb9KQ0BMFFrme82I0ZdBQIhuYl3N_Zj7ib_B-qxLCQGEJG1v1lNM1tPOMgti85TojCdjEbjc-hnGNXbqeLccsqGM\" alt=\"tres jacuzzis con vista al mar\" style=\"width:840px;height:auto\"\/><\/figure>\n\n<h3 class=\"wp-block-heading\">Hazte amigo de los frailecillos  <\/h3>\n\n<p>Tras unos 8 meses en el mar, los frailecillos regresan a la costa durante el verano para reunirse con su pareja. Llegan a finales de abril y se quedan durante los meses de verano. Dato curioso: \u00a1el 60% de la poblaci\u00f3n de frailecillos del Atl\u00e1ntico vive en Islandia! Esto significa que tienes muchas posibilidades de verlos y de hacer bonitas fotos para el recuerdo.     <\/p>\n\n<p>Aunque se pueden ver frailecillos por todo el pa\u00eds, es m\u00e1s probable encontrarlos en los Fiordos Occidentales y en el norte de Islandia. Yo vi unos cuantos durante mi excursi\u00f3n a los Acantilados de Latrabjarg, en los Fiordos Occidentales. (El destino se llama &#8220;Acantilados de las Aves de Europa&#8221; por algo).  <\/p>\n\n<figure class=\"wp-block-image is-resized\"><img decoding=\"async\" src=\"https:\/\/lh7-us.googleusercontent.com\/cWpI0nlTd7jgyovY40uh9HDYbfKetc5__Q07XQtbILZ6uwbsmFHriHE7CZQGOLSowM5HRi_ytMPg0vOEGKlWJn9S9VQxtWLwPC2W-luSqJFqcYBn_vjLdGk3mSTe07-U7n5XOGyCHaym5o-FmF4DOuE\" alt=\"Un frailecillo y flores en Islandia\" style=\"width:840px;height:auto\"\/><\/figure>\n\n<h3 class=\"wp-block-heading\">Marav\u00edllate ante el Dettifoss  <\/h3>\n\n<p>Cuando est\u00e9s en el norte de Islandia, Dettifoss, la &#8220;Bestia del Este&#8221;, es sencillamente una visita obligada. Digo esto porque es <em>la <a href=\"https:\/\/www.rent.is\/blog\/waterfalls-in-iceland\/\">catarata<\/a> m\u00e1s poderosa de<\/em> Europa. Y est\u00e1 situada en el Parque Nacional de Vatnaj\u00f6kull, el mayor parque nacional de Europa. Aqu\u00ed podr\u00e1s disfrutar de paisajes espectaculares alrededor del enorme volumen de agua. Olvid\u00e9 mi chubasquero durante la visita, as\u00ed que recib\u00ed una buena rociada de niebla. Es mejor que te lleves el tuyo para mantenerte seco.     <\/p>\n\n<p>Adem\u00e1s, cerca est\u00e1 la brillante laguna del glaciar J\u00f6kuls\u00e1rl\u00f3n, donde podr\u00e1s navegar entre icebergs. (Y puede que incluso veas alguna foca). <\/p>\n\n<figure class=\"wp-block-image is-resized\"><img decoding=\"async\" src=\"https:\/\/lh7-us.googleusercontent.com\/p2P0nmbnMCmSPerV267yhVXt7V1U43ynz4enKHAMm94sYrA6rMTtPIGpD1Dv6AdKYisVD4YfGsqBWIuqZbb6aXv4oyaA2U45ep_j4NKXWSAVfZLPFTsqkvRkRPduH_mKSWzsOiFxfPiaW495GIMWGmI\" alt=\"Gran cascada en Islandia\" style=\"width:840px;height:auto\"\/><\/figure>\n\n<h3 class=\"wp-block-heading\">Explora sus ciudades  <\/h3>\n\n<p>Para vivir esa encantadora experiencia urbana en el norte de Islandia, dir\u00edgete a Akureyri. Es la segunda ciudad m\u00e1s grande del pa\u00eds. Lo que la hace especial es su colorido puerto, su animado centro urbano y sus joyas culturales. Aqu\u00ed podr\u00e1s pasear por tiendas, caf\u00e9s y restaurantes islandeses. Y para una dosis de cultura, dir\u00edgete al Museo de Arte de Akureyri o a la impresionante iglesia Akureyrarkirkja.      <\/p>\n\n<p>Akureyri es tambi\u00e9n un lugar estupendo para hacer excursiones de un d\u00eda a las atracciones cercanas. Dato curioso: \u00a1la Casa de Navidad de la ciudad est\u00e1 abierta todo el a\u00f1o para los visitantes! <\/p>\n\n<h3 class=\"wp-block-heading\">Visita la isla Flatey<\/h3>\n\n<p>La isla de Flatey, al oeste de Islandia, es una joya oculta que merece la pena visitar, sobre todo en verano. La isla, salpicada de pintorescas casitas construidas hace m\u00e1s de cien a\u00f1os, ofrece una visi\u00f3n de la rica historia y belleza natural de Islandia.   <\/p>\n\n<p>Una vez que bajes del ferry, que tarda aproximadamente una hora desde Brjanslaekur, te recibir\u00e1n unas cuantas ovejas y gallinas en lugar de coches. Pero no te preocupes, hay una peque\u00f1a carreta motorizada que lleva a los visitantes al \u00fanico hotel del pueblo. Otras cosas que s\u00f3lo hay una en Flatey: una iglesia, una cafeter\u00eda, una tienda, un camping, un cementerio y, supuestamente, un \u00fanico perro. Est\u00e1 completamente desconectado de la red, lo que lo convierte en el lugar perfecto para desconectar, relajarse y volver a conectar con las cosas sencillas de la vida.     <\/p>\n\n<h3 class=\"wp-block-heading\">Dormir bajo las estrellas<\/h3>\n\n<p>Dormir bajo las estrellas en Islandia es una experiencia inolvidable que no te puedes perder, y <a href=\"https:\/\/www.rent.is\/es\/\">alquilar una autocaravana<\/a> te da la libertad de explorar el pa\u00eds y descubrir sus joyas ocultas a tu aire. En los Fiordos Occidentales, puedes aparcar tu autocaravana a lo largo de la escarpada costa o enclavada entre imponentes acantilados y contemplar c\u00f3mo el incre\u00edble Sol de Medianoche ilumina el cielo en tonos rosas y dorados.   <\/p>\n\n<p>En el norte de Islandia, puedes aventurarte en la vasta naturaleza salvaje de la pen\u00ednsula de Vatnsnes o en la belleza intacta de la pen\u00ednsula de Tr\u00f6llaskagi, donde podr\u00e1s acampar bajo un manto de estrellas. Si tienes suerte, \u00a1incluso podr\u00e1s presenciar la magia de la aurora boreal!   <\/p>\n\n<figure class=\"wp-block-image is-resized\"><img decoding=\"async\" src=\"https:\/\/lh7-us.googleusercontent.com\/B0PNRFo5gcAPXY22Kn8DzCxCiGS6FEIC2lFtJzIJNngCtxziB826VWaiKA3_3b-aFfCTeEp5QWfnVqORAJzinRDyyRqcgFAUvN8XMV3ymLQpILWc_0P9DOA7Wdw5w6B7kW01gBEojIGaunFh-UJAfYo\" alt=\"la ciudad de H&#xFA;sav&#xED;k Islandia\" style=\"width:839px;height:auto\"\/><\/figure>\n\n<p><\/p>\n\n<h2 class=\"wp-block-heading\">Gastos de viaje a Islandia en verano  <\/h2>\n\n<p>Al planificar un viaje, puedes esperar un <a href=\"https:\/\/www.rent.is\/blog\/iceland-trip-cost\/\">costemedio del viaje a Islandia<\/a>en torno a las siguientes l\u00edneas-.  <\/p>\n\n<p><strong>Alojamiento: <\/strong>Un viajero de presupuesto ajustado probablemente gastar\u00e1 entre 100 y 150 USD por noche. Los de gama media llegar\u00edan hasta los 300 USD. Y tambi\u00e9n hay opciones de lujo que cuestan m\u00e1s de 300 USD.    <\/p>\n\n<p><strong>Comida: <\/strong>Si te cocinas t\u00fa mismo, puedes gastarte entre 30 y 50 USD al d\u00eda. Comer fuera te costar\u00e1 entre 50 y 100 USD, pero tambi\u00e9n hay oportunidades de cenar caro.   <\/p>\n\n<p><strong>Transporte: <\/strong>Para un coche de alquiler, prev\u00e9 un punto de partida de unos 50 USD al d\u00eda (m\u00e1s gasolina). Coger el autob\u00fas es una opci\u00f3n m\u00e1s econ\u00f3mica, pero puede ser menos flexible, por supuesto. <\/p>\n\n<h2 class=\"wp-block-heading\">\u00bfListo para recorrer Islandia?<\/h2>\n\n<p><\/p>\n\n<h2 class=\"wp-block-heading\"><img loading=\"lazy\" decoding=\"async\" width=\"624\" height=\"587\" src=\"https:\/\/lh7-us.googleusercontent.com\/Acu-NDzmLAblPHWQRNtKOnryxwY57naaKZlh2gOdeR4E42IBPsE2H8aKHOi68Ar85zhHnLqpM4qArSjMHW5RdVkRqb_NFKkEbhTeB0KEDF1z0RaB33i0i2hCg55meZIZjaw5IlyHx4EsmqHhq5BzERw\"\/> <\/h2>\n\n<p>Y, \u00a1esto es todo! Espero que este blog te haya sido \u00fatil y que ahora sepas mejor qu\u00e9 impresionantes joyas te reserva Islandia.   <\/p>\n\n<p>\u00a1Mantente salvaje!  <\/p>\n\n<p><\/p>\n","protected":false},"excerpt":{"rendered":"<p>El verano transforma Islandia de las formas m\u00e1s bellas. El manto de nieve se desvanece y puedes ver la belleza de la regi\u00f3n en su verdadera forma. Durante mi viaje, me encantaron especialmente los valles esmeralda y las cascadas de Islandia. No ser\u00eda una hip\u00e9rbole si dijera que dej\u00e9 un trozo de mi coraz\u00f3n en [&hellip;]<\/p>\n","protected":false},"author":14,"featured_media":56947,"comment_status":"closed","ping_status":"closed","sticky":false,"template":"","format":"standard","meta":{"_acf_changed":false,"footnotes":""},"categories":[766],"tags":[],"class_list":["post-67335","post","type-post","status-publish","format-standard","has-post-thumbnail","hentry","category-blog-es"],"acf":[],"yoast_head":"<!-- This site is optimized with the Yoast SEO plugin v26.4 - https:\/\/yoast.com\/wordpress\/plugins\/seo\/ -->\n<title>Islandia en Verano: Gu\u00eda de cosas que hacer y ver | Rent.is<\/title>\n<meta name=\"description\" content=\"Disfruta de Islandia en verano con luz diurna infinita, paisajes impresionantes y actividades al aire libre. Descubre la estaci\u00f3n m\u00e1s c\u00e1lida de Islandia. \u2713 \u00a1Explora m\u00e1s!\" \/>\n<meta name=\"robots\" content=\"index, follow, max-snippet:-1, max-image-preview:large, max-video-preview:-1\" \/>\n<link rel=\"canonical\" href=\"https:\/\/www.rent.is\/es\/blog-es\/islandia-en-verano-guia-estacional\/\" \/>\n<meta property=\"og:locale\" content=\"es_ES\" \/>\n<meta property=\"og:type\" content=\"article\" \/>\n<meta property=\"og:title\" content=\"Islandia en Verano: Gu\u00eda de cosas que hacer y ver | Rent.is\" \/>\n<meta property=\"og:description\" content=\"Disfruta de Islandia en verano con luz diurna infinita, paisajes impresionantes y actividades al aire libre. Descubre la estaci\u00f3n m\u00e1s c\u00e1lida de Islandia. \u2713 \u00a1Explora m\u00e1s!\" \/>\n<meta property=\"og:url\" content=\"https:\/\/www.rent.is\/es\/blog-es\/islandia-en-verano-guia-estacional\/\" \/>\n<meta property=\"og:site_name\" content=\"Rent.is\" \/>\n<meta property=\"article:publisher\" content=\"https:\/\/www.facebook.com\/campervansIceland\/\" \/>\n<meta property=\"article:published_time\" content=\"2021-06-10T10:41:00+00:00\" \/>\n<meta property=\"article:modified_time\" content=\"2025-05-16T15:17:35+00:00\" \/>\n<meta property=\"og:image\" content=\"https:\/\/www.rent.is\/wp-content\/uploads\/2023\/12\/Morning-in-Asbyrgi.jpg\" \/>\n\t<meta property=\"og:image:width\" content=\"1440\" \/>\n\t<meta property=\"og:image:height\" content=\"1080\" \/>\n\t<meta property=\"og:image:type\" content=\"image\/jpeg\" \/>\n<meta name=\"author\" content=\"Hlynur Gylfason\" \/>\n<meta name=\"twitter:card\" content=\"summary_large_image\" \/>\n<meta name=\"twitter:creator\" content=\"@CampersIceland\" \/>\n<meta name=\"twitter:site\" content=\"@CampersIceland\" \/>\n<meta name=\"twitter:label1\" content=\"Escrito por\" \/>\n\t<meta name=\"twitter:data1\" content=\"Hlynur Gylfason\" \/>\n\t<meta name=\"twitter:label2\" content=\"Tiempo de lectura\" \/>\n\t<meta name=\"twitter:data2\" content=\"12 minutos\" \/>\n<script type=\"application\/ld+json\" class=\"yoast-schema-graph\">{\"@context\":\"https:\/\/schema.org\",\"@graph\":[{\"@type\":[\"Article\",\"BlogPosting\"],\"@id\":\"https:\/\/www.rent.is\/es\/blog-es\/islandia-en-verano-guia-estacional\/#article\",\"isPartOf\":{\"@id\":\"https:\/\/www.rent.is\/es\/blog-es\/islandia-en-verano-guia-estacional\/\"},\"author\":{\"name\":\"Hlynur Gylfason\",\"@id\":\"https:\/\/www.rent.is\/es\/#\/schema\/person\/33cfd2d1c5d8c2a7c986badcfa44ceaa\"},\"headline\":\"Islandia en Verano: Gu\u00eda estacional\",\"datePublished\":\"2021-06-10T10:41:00+00:00\",\"dateModified\":\"2025-05-16T15:17:35+00:00\",\"mainEntityOfPage\":{\"@id\":\"https:\/\/www.rent.is\/es\/blog-es\/islandia-en-verano-guia-estacional\/\"},\"wordCount\":2493,\"publisher\":{\"@id\":\"https:\/\/www.rent.is\/es\/#organization\"},\"image\":{\"@id\":\"https:\/\/www.rent.is\/es\/blog-es\/islandia-en-verano-guia-estacional\/#primaryimage\"},\"thumbnailUrl\":\"https:\/\/www.rent.is\/wp-content\/uploads\/2023\/12\/Morning-in-Asbyrgi.jpg\",\"articleSection\":[\"Blog\"],\"inLanguage\":\"es\"},{\"@type\":\"WebPage\",\"@id\":\"https:\/\/www.rent.is\/es\/blog-es\/islandia-en-verano-guia-estacional\/\",\"url\":\"https:\/\/www.rent.is\/es\/blog-es\/islandia-en-verano-guia-estacional\/\",\"name\":\"Islandia en Verano: Gu\u00eda de cosas que hacer y ver | Rent.is\",\"isPartOf\":{\"@id\":\"https:\/\/www.rent.is\/es\/#website\"},\"primaryImageOfPage\":{\"@id\":\"https:\/\/www.rent.is\/es\/blog-es\/islandia-en-verano-guia-estacional\/#primaryimage\"},\"image\":{\"@id\":\"https:\/\/www.rent.is\/es\/blog-es\/islandia-en-verano-guia-estacional\/#primaryimage\"},\"thumbnailUrl\":\"https:\/\/www.rent.is\/wp-content\/uploads\/2023\/12\/Morning-in-Asbyrgi.jpg\",\"datePublished\":\"2021-06-10T10:41:00+00:00\",\"dateModified\":\"2025-05-16T15:17:35+00:00\",\"description\":\"Disfruta de Islandia en verano con luz diurna infinita, paisajes impresionantes y actividades al aire libre. Descubre la estaci\u00f3n m\u00e1s c\u00e1lida de Islandia. \u2713 \u00a1Explora m\u00e1s!\",\"inLanguage\":\"es\",\"potentialAction\":[{\"@type\":\"ReadAction\",\"target\":[\"https:\/\/www.rent.is\/es\/blog-es\/islandia-en-verano-guia-estacional\/\"]}]},{\"@type\":\"ImageObject\",\"inLanguage\":\"es\",\"@id\":\"https:\/\/www.rent.is\/es\/blog-es\/islandia-en-verano-guia-estacional\/#primaryimage\",\"url\":\"https:\/\/www.rent.is\/wp-content\/uploads\/2023\/12\/Morning-in-Asbyrgi.jpg\",\"contentUrl\":\"https:\/\/www.rent.is\/wp-content\/uploads\/2023\/12\/Morning-in-Asbyrgi.jpg\",\"width\":1440,\"height\":1080,\"caption\":\"Morning in \u00c1sbyrgi\"},{\"@type\":\"WebSite\",\"@id\":\"https:\/\/www.rent.is\/es\/#website\",\"url\":\"https:\/\/www.rent.is\/es\/\",\"name\":\"Rent.is\",\"description\":\"Camper Van Iceland - Rent a camper, RV, or Motorhome\",\"publisher\":{\"@id\":\"https:\/\/www.rent.is\/es\/#organization\"},\"alternateName\":\"Rent\",\"potentialAction\":[{\"@type\":\"SearchAction\",\"target\":{\"@type\":\"EntryPoint\",\"urlTemplate\":\"https:\/\/www.rent.is\/es\/?s={search_term_string}\"},\"query-input\":{\"@type\":\"PropertyValueSpecification\",\"valueRequired\":true,\"valueName\":\"search_term_string\"}}],\"inLanguage\":\"es\"},{\"@type\":\"Organization\",\"@id\":\"https:\/\/www.rent.is\/es\/#organization\",\"name\":\"Rent\",\"alternateName\":\"Rent Campervan Iceland\",\"url\":\"https:\/\/www.rent.is\/es\/\",\"logo\":{\"@type\":\"ImageObject\",\"inLanguage\":\"es\",\"@id\":\"https:\/\/www.rent.is\/es\/#\/schema\/logo\/image\/\",\"url\":\"https:\/\/www.rent.is\/wp-content\/uploads\/2023\/06\/Rent-logo__blue.svg\",\"contentUrl\":\"https:\/\/www.rent.is\/wp-content\/uploads\/2023\/06\/Rent-logo__blue.svg\",\"caption\":\"Rent\"},\"image\":{\"@id\":\"https:\/\/www.rent.is\/es\/#\/schema\/logo\/image\/\"},\"sameAs\":[\"https:\/\/www.facebook.com\/campervansIceland\/\",\"https:\/\/x.com\/CampersIceland\"]},{\"@type\":\"Person\",\"@id\":\"https:\/\/www.rent.is\/es\/#\/schema\/person\/33cfd2d1c5d8c2a7c986badcfa44ceaa\",\"name\":\"Hlynur Gylfason\",\"image\":{\"@type\":\"ImageObject\",\"inLanguage\":\"es\",\"@id\":\"https:\/\/www.rent.is\/es\/#\/schema\/person\/image\/\",\"url\":\"https:\/\/www.rent.is\/wp-content\/uploads\/2024\/10\/hlynur-gylfason_avatar-96x96.jpg\",\"contentUrl\":\"https:\/\/www.rent.is\/wp-content\/uploads\/2024\/10\/hlynur-gylfason_avatar-96x96.jpg\",\"caption\":\"Hlynur Gylfason\"},\"description\":\"Hlynur, CEO of Rent, hails from Reykjavik. An avid enduro enthusiast, he has competed internationally and is passionate about the sport. He also has a deep love for Iceland\u2019s natural beauty and believes nothing beats a good fishing trip in the Icelandic countryside.\",\"url\":\"https:\/\/www.rent.is\/es\/author\/hlynur\/\"}]}<\/script>\n<!-- \/ Yoast SEO plugin. -->","yoast_head_json":{"title":"Islandia en Verano: Gu\u00eda de cosas que hacer y ver | Rent.is","description":"Disfruta de Islandia en verano con luz diurna infinita, paisajes impresionantes y actividades al aire libre. Descubre la estaci\u00f3n m\u00e1s c\u00e1lida de Islandia. \u2713 \u00a1Explora m\u00e1s!","robots":{"index":"index","follow":"follow","max-snippet":"max-snippet:-1","max-image-preview":"max-image-preview:large","max-video-preview":"max-video-preview:-1"},"canonical":"https:\/\/www.rent.is\/es\/blog-es\/islandia-en-verano-guia-estacional\/","og_locale":"es_ES","og_type":"article","og_title":"Islandia en Verano: Gu\u00eda de cosas que hacer y ver | Rent.is","og_description":"Disfruta de Islandia en verano con luz diurna infinita, paisajes impresionantes y actividades al aire libre. Descubre la estaci\u00f3n m\u00e1s c\u00e1lida de Islandia. \u2713 \u00a1Explora m\u00e1s!","og_url":"https:\/\/www.rent.is\/es\/blog-es\/islandia-en-verano-guia-estacional\/","og_site_name":"Rent.is","article_publisher":"https:\/\/www.facebook.com\/campervansIceland\/","article_published_time":"2021-06-10T10:41:00+00:00","article_modified_time":"2025-05-16T15:17:35+00:00","og_image":[{"width":1440,"height":1080,"url":"https:\/\/www.rent.is\/wp-content\/uploads\/2023\/12\/Morning-in-Asbyrgi.jpg","type":"image\/jpeg"}],"author":"Hlynur Gylfason","twitter_card":"summary_large_image","twitter_creator":"@CampersIceland","twitter_site":"@CampersIceland","twitter_misc":{"Escrito por":"Hlynur Gylfason","Tiempo de lectura":"12 minutos"},"schema":{"@context":"https:\/\/schema.org","@graph":[{"@type":["Article","BlogPosting"],"@id":"https:\/\/www.rent.is\/es\/blog-es\/islandia-en-verano-guia-estacional\/#article","isPartOf":{"@id":"https:\/\/www.rent.is\/es\/blog-es\/islandia-en-verano-guia-estacional\/"},"author":{"name":"Hlynur Gylfason","@id":"https:\/\/www.rent.is\/es\/#\/schema\/person\/33cfd2d1c5d8c2a7c986badcfa44ceaa"},"headline":"Islandia en Verano: Gu\u00eda estacional","datePublished":"2021-06-10T10:41:00+00:00","dateModified":"2025-05-16T15:17:35+00:00","mainEntityOfPage":{"@id":"https:\/\/www.rent.is\/es\/blog-es\/islandia-en-verano-guia-estacional\/"},"wordCount":2493,"publisher":{"@id":"https:\/\/www.rent.is\/es\/#organization"},"image":{"@id":"https:\/\/www.rent.is\/es\/blog-es\/islandia-en-verano-guia-estacional\/#primaryimage"},"thumbnailUrl":"https:\/\/www.rent.is\/wp-content\/uploads\/2023\/12\/Morning-in-Asbyrgi.jpg","articleSection":["Blog"],"inLanguage":"es"},{"@type":"WebPage","@id":"https:\/\/www.rent.is\/es\/blog-es\/islandia-en-verano-guia-estacional\/","url":"https:\/\/www.rent.is\/es\/blog-es\/islandia-en-verano-guia-estacional\/","name":"Islandia en Verano: Gu\u00eda de cosas que hacer y ver | Rent.is","isPartOf":{"@id":"https:\/\/www.rent.is\/es\/#website"},"primaryImageOfPage":{"@id":"https:\/\/www.rent.is\/es\/blog-es\/islandia-en-verano-guia-estacional\/#primaryimage"},"image":{"@id":"https:\/\/www.rent.is\/es\/blog-es\/islandia-en-verano-guia-estacional\/#primaryimage"},"thumbnailUrl":"https:\/\/www.rent.is\/wp-content\/uploads\/2023\/12\/Morning-in-Asbyrgi.jpg","datePublished":"2021-06-10T10:41:00+00:00","dateModified":"2025-05-16T15:17:35+00:00","description":"Disfruta de Islandia en verano con luz diurna infinita, paisajes impresionantes y actividades al aire libre. Descubre la estaci\u00f3n m\u00e1s c\u00e1lida de Islandia. \u2713 \u00a1Explora m\u00e1s!","inLanguage":"es","potentialAction":[{"@type":"ReadAction","target":["https:\/\/www.rent.is\/es\/blog-es\/islandia-en-verano-guia-estacional\/"]}]},{"@type":"ImageObject","inLanguage":"es","@id":"https:\/\/www.rent.is\/es\/blog-es\/islandia-en-verano-guia-estacional\/#primaryimage","url":"https:\/\/www.rent.is\/wp-content\/uploads\/2023\/12\/Morning-in-Asbyrgi.jpg","contentUrl":"https:\/\/www.rent.is\/wp-content\/uploads\/2023\/12\/Morning-in-Asbyrgi.jpg","width":1440,"height":1080,"caption":"Morning in \u00c1sbyrgi"},{"@type":"WebSite","@id":"https:\/\/www.rent.is\/es\/#website","url":"https:\/\/www.rent.is\/es\/","name":"Rent.is","description":"Camper Van Iceland - Rent a camper, RV, or Motorhome","publisher":{"@id":"https:\/\/www.rent.is\/es\/#organization"},"alternateName":"Rent","potentialAction":[{"@type":"SearchAction","target":{"@type":"EntryPoint","urlTemplate":"https:\/\/www.rent.is\/es\/?s={search_term_string}"},"query-input":{"@type":"PropertyValueSpecification","valueRequired":true,"valueName":"search_term_string"}}],"inLanguage":"es"},{"@type":"Organization","@id":"https:\/\/www.rent.is\/es\/#organization","name":"Rent","alternateName":"Rent Campervan Iceland","url":"https:\/\/www.rent.is\/es\/","logo":{"@type":"ImageObject","inLanguage":"es","@id":"https:\/\/www.rent.is\/es\/#\/schema\/logo\/image\/","url":"https:\/\/www.rent.is\/wp-content\/uploads\/2023\/06\/Rent-logo__blue.svg","contentUrl":"https:\/\/www.rent.is\/wp-content\/uploads\/2023\/06\/Rent-logo__blue.svg","caption":"Rent"},"image":{"@id":"https:\/\/www.rent.is\/es\/#\/schema\/logo\/image\/"},"sameAs":["https:\/\/www.facebook.com\/campervansIceland\/","https:\/\/x.com\/CampersIceland"]},{"@type":"Person","@id":"https:\/\/www.rent.is\/es\/#\/schema\/person\/33cfd2d1c5d8c2a7c986badcfa44ceaa","name":"Hlynur Gylfason","image":{"@type":"ImageObject","inLanguage":"es","@id":"https:\/\/www.rent.is\/es\/#\/schema\/person\/image\/","url":"https:\/\/www.rent.is\/wp-content\/uploads\/2024\/10\/hlynur-gylfason_avatar-96x96.jpg","contentUrl":"https:\/\/www.rent.is\/wp-content\/uploads\/2024\/10\/hlynur-gylfason_avatar-96x96.jpg","caption":"Hlynur Gylfason"},"description":"Hlynur, CEO of Rent, hails from Reykjavik. An avid enduro enthusiast, he has competed internationally and is passionate about the sport. He also has a deep love for Iceland\u2019s natural beauty and believes nothing beats a good fishing trip in the Icelandic countryside.","url":"https:\/\/www.rent.is\/es\/author\/hlynur\/"}]}},"_links":{"self":[{"href":"https:\/\/www.rent.is\/es\/wp-json\/wp\/v2\/posts\/67335","targetHints":{"allow":["GET"]}}],"collection":[{"href":"https:\/\/www.rent.is\/es\/wp-json\/wp\/v2\/posts"}],"about":[{"href":"https:\/\/www.rent.is\/es\/wp-json\/wp\/v2\/types\/post"}],"author":[{"embeddable":true,"href":"https:\/\/www.rent.is\/es\/wp-json\/wp\/v2\/users\/14"}],"replies":[{"embeddable":true,"href":"https:\/\/www.rent.is\/es\/wp-json\/wp\/v2\/comments?post=67335"}],"version-history":[{"count":0,"href":"https:\/\/www.rent.is\/es\/wp-json\/wp\/v2\/posts\/67335\/revisions"}],"wp:featuredmedia":[{"embeddable":true,"href":"https:\/\/www.rent.is\/es\/wp-json\/wp\/v2\/media\/56947"}],"wp:attachment":[{"href":"https:\/\/www.rent.is\/es\/wp-json\/wp\/v2\/media?parent=67335"}],"wp:term":[{"taxonomy":"category","embeddable":true,"href":"https:\/\/www.rent.is\/es\/wp-json\/wp\/v2\/categories?post=67335"},{"taxonomy":"post_tag","embeddable":true,"href":"https:\/\/www.rent.is\/es\/wp-json\/wp\/v2\/tags?post=67335"}],"curies":[{"name":"wp","href":"https:\/\/api.w.org\/{rel}","templated":true}]}}