{"id":67295,"date":"2021-06-07T11:46:00","date_gmt":"2021-06-07T11:46:00","guid":{"rendered":"https:\/\/www.rent.is\/sin-categorizar\/7-erupciones-volcanicas-historicas-en-islandia\/"},"modified":"2026-02-05T14:19:09","modified_gmt":"2026-02-05T14:19:09","slug":"7-erupciones-volcanicas-historicas-en-islandia","status":"publish","type":"post","link":"https:\/\/www.rent.is\/es\/blog-es\/7-erupciones-volcanicas-historicas-en-islandia\/","title":{"rendered":"7 erupciones volc\u00e1nicas hist\u00f3ricas en Islandia"},"content":{"rendered":"\n<p>Los volcanes de Islandia son sobrecogedores y formidables. Durante millones de a\u00f1os, estas erupciones han dado forma a los dram\u00e1ticos paisajes de la isla, creando una belleza impresionante y atrayendo a buscadores de emociones de todo el mundo. Pero tambi\u00e9n han causado devastaci\u00f3n.  <\/p>\n\n\n\n<p>Comprender la historia de las erupciones volc\u00e1nicas de Islandia es fundamental para apreciar el singular sistema volc\u00e1nico del pa\u00eds y garantizar la seguridad de sus habitantes. En este blog, nos sumergiremos en algunas de las erupciones volc\u00e1nicas m\u00e1s famosas que ha experimentado Islandia, explorando su historia, impacto y las lecciones que han dejado tras de s\u00ed.   <\/p>\n\n\n\n<p><\/p>\n\n\n\n<h2 class=\"wp-block-heading\"><strong>Erupciones volc\u00e1nicas en Islandia<\/strong>: Lo b\u00e1sico  <\/h2>\n\n\n\n<p>Los volcanes son uno de los arquitectos m\u00e1s prol\u00edficos e, ir\u00f3nicamente, destructivos de la Tierra. Definidos a grandes rasgos como aberturas o respiraderos por los que sale magma, <a href=\"https:\/\/www.usgs.gov\/faqs\/how-much-earth-volcanic#:~:text=More%20than%2080%20percent%20of,to%20evolve%20and%20sustain%20life.\">los volcanes han creado m\u00e1s del 80% de la superficie de nuestro planeta<\/a>, incluida la magn\u00edfica tierra de fuego y hielo.   <\/p>\n\n\n\n<p>En Islandia, las erupciones volc\u00e1nicas ocupan un lugar especial en el paisaje, las cordilleras y la identidad cultural de la naci\u00f3n. Con unos 130 volcanes, 32 de los cuales est\u00e1n activos en la actualidad, Islandia es un punto caliente de actividad volc\u00e1nica, debido principalmente a su ubicaci\u00f3n en la Dorsal Mesoatl\u00e1ntica y entre zonas de fisura, donde confluyen las placas tect\u00f3nicas norteamericana y euroasi\u00e1tica. Por t\u00e9rmino medio, un volc\u00e1n entra en erupci\u00f3n en Islandia cada cinco a\u00f1os, pero en los \u00faltimos a\u00f1os la actividad se ha disparado, con nuevas erupciones casi anuales.  <\/p>\n\n\n\n<p>Las erupciones islandesas adoptan diversas formas, desde estallidos explosivos que producen penachos de ceniza volc\u00e1nica hasta erupciones efusivas, en las que la lava fundida fluye de forma constante desde fisuras y cr\u00e1teres. La frecuencia y la escala de las erupciones pueden variar enormemente, desde sucesos peque\u00f1os y localizados hasta grandes erupciones que captan la atenci\u00f3n mundial y, por desgracia, causan una destrucci\u00f3n extraordinaria. Algunas erupciones crean vastos campos de lava, dejando tras de s\u00ed dram\u00e1ticas formaciones geol\u00f3gicas que definen el terreno siempre cambiante de Islandia.  <\/p>\n\n\n\n<p>Esta abundancia de actividad volc\u00e1nica sigue atrayendo a Islandia a buscadores de emociones y entusiastas de la naturaleza para presenciar su fascinante actividad volc\u00e1nica. Experimentar en persona la fuerza bruta de la erupci\u00f3n de un volc\u00e1n island\u00e9s es una oportunidad \u00fanica en la vida. Gracias a su extraordinaria actividad volc\u00e1nica, Islandia sigue siendo un im\u00e1n para los viajeros aventureros deseosos de explorar su terreno crudo y siempre cambiante. Desde excursiones guiadas a cr\u00e1teres volc\u00e1nicos hasta viajes en helic\u00f3ptero por encima de fisuras activas, abundan las oportunidades de experimentar la espectacular geolog\u00eda de Islandia.     <\/p>\n\n\n\n<p>Tanto si rastreas antiguos campos de lava como si observas c\u00f3mo toman forma otros nuevos, pocos lugares de la Tierra ofrecen un encuentro tan cercano con las fuerzas primigenias del planeta.<\/p>\n\n\n\n<h3 class=\"wp-block-heading\">La erupci\u00f3n volc\u00e1nica de Islandia y el turismo: \u00bfEs seguro?<\/h3>\n\n\n\n<p>El turismo volc\u00e1nico puede ser una experiencia segura y emocionante. Aun as\u00ed, como visitante, es importante ser siempre consciente de los riesgos potenciales y tomar las precauciones necesarias al visitar lugares conocidos por sus erupciones volc\u00e1nicas en Islandia.   <\/p>\n\n\n\n<p>Como punto caliente volc\u00e1nico, las autoridades islandesas se dedican a investigar y vigilar la actividad volc\u00e1nica en toda la isla. Las erupciones volc\u00e1nicas de Islandia est\u00e1n muy vigiladas, con docenas de estaciones s\u00edsmicas por todo el territorio. Dicho esto, como ocurre con todo en la naturaleza, la imprevisibilidad de los volcanes significa que las condiciones pueden cambiar r\u00e1pidamente.    <\/p>\n\n\n\n<p>He aqu\u00ed algunos consejos de seguridad para explorar las erupciones volc\u00e1nicas de Islandia de forma responsable.<\/p>\n\n\n\n<ul class=\"wp-block-list\">\n<li><strong>Mantente informado:<\/strong> Antes de embarcarte en cualquier viaje o excursi\u00f3n volc\u00e1nica o de explorar en tu <a href=\"https:\/\/www.rent.is\/es\/\">autocaravana de alquiler<\/a>, mantente informado sobre los riesgos actuales de erupci\u00f3n volc\u00e1nica en Islandia actuales y de cualquier otra actividad s\u00edsmica significativa.  <\/li>\n\n\n\n<li><strong>Controla las fuentes oficiales <\/strong>, como la <a href=\"https:\/\/en.vedur.is\/earthquakes-and-volcanism\/earthquakes\">Oficina Meteorol\u00f3gica de Islandia<\/a>, para alertas y avisos.<\/li>\n\n\n\n<li><strong>Elige operadores tur\u00edsticos reputados: <\/strong>Reserva excursiones con gu\u00edas experimentados que den prioridad a la seguridad y sigan protocolos estrictos. Investiga las empresas, lee opiniones y pide recomendaciones para asegurarte de que reservas con un operador de confianza. <\/li>\n\n\n\n<li><strong>Sigue las instrucciones del gu\u00eda: <\/strong>Durante la excursi\u00f3n, presta atenci\u00f3n a las instrucciones de tu gu\u00eda y sigue sus precauciones de seguridad en todo momento. Conocen bien el terreno local y pueden aconsejarte sobre las rutas m\u00e1s seguras y las medidas que debes tomar en caso de emergencia. Nunca arriesgues tu seguridad por una foto ni te aventures en zonas restringidas  <\/li>\n\n\n\n<li><strong>Respeta las barreras de seguridad:<\/strong> Presta atenci\u00f3n a las barreras de seguridad o a las se\u00f1ales que indiquen zonas restringidas cerca de lugares volc\u00e1nicos o que marquen erupciones recientes. Islandia cuenta con cientos de estas barreras para tu protecci\u00f3n y para evitar accidentes. Incluso los volcanes de aspecto inactivo pueden plantear peligros importantes, como erupciones repentinas, gases t\u00f3xicos y terreno inestable.  <\/li>\n\n\n\n<li><strong>Prep\u00e1rate para las emergencias: <\/strong>Familiar\u00edzate con los procedimientos de emergencia y sabe c\u00f3mo responder en caso de que ocurra algo inesperado, como erupciones volc\u00e1nicas, terremotos o condiciones meteorol\u00f3gicas adversas.<\/li>\n\n\n\n<li><strong>Mantente unido: <\/strong>Si viajas en grupo, mantente unido y comun\u00edcate con tus compa\u00f1eros de viaje. Evita deambular solo, sobre todo en zonas remotas o desconocidas. <\/li>\n<\/ul>\n\n\n\n<h2 class=\"wp-block-heading\">7 famosas erupciones volc\u00e1nicas en Islandia<\/h2>\n\n\n\n<ol class=\"wp-block-list\">\n<li><strong>Eldgj\u00e1 <\/strong>(934-940 d.C.)  <\/li>\n<\/ol>\n\n\n\n<p>El Eldgja del sur de Islandia es el mayor ca\u00f1\u00f3n volc\u00e1nico del mundo. La primera de las erupciones volc\u00e1nicas de Islandia se produjo en el a\u00f1o 934 d.C.. Fue una erupci\u00f3n fisural originada en el sistema de fisuras de Laki y sigue siendo el mayor flujo de lava registrado en la historia. Sus 19,7 kil\u00f3metros c\u00fabicos de lava cubrieron una cuarta parte de la isla remodelando permanentemente su paisaje. La nube de ceniza resultante de la erupci\u00f3n perturb\u00f3 el crecimiento de las plantas y contribuy\u00f3 a las penurias de los islandeses.    <\/p>\n\n\n\n<ol start=\"2\" class=\"wp-block-list\">\n<li><strong>Katla <\/strong>(934 d.C.)  <\/li>\n<\/ol>\n\n\n\n<p>El famoso volc\u00e1n island\u00e9s Katla, un volc\u00e1n subglacial oculto bajo el glaciar M\u00fdrdalsj\u00f6kull, cerca de la costa sur de Islandia, tiene una poderosa historia de erupciones. De hecho, se sabe que es uno de los volcanes islandeses m\u00e1s activos, con registros que muestran que se han producido 28 erupciones a lo largo de la historia de Islandia. Este volc\u00e1n subglacial es famoso por sus devastadores j\u00f6kulhlaups, inundaciones glaciares masivas provocadas por erupciones. La erupci\u00f3n del a\u00f1o 934 d.C. produjo uno de los mayores j\u00f6kulhlaups jam\u00e1s registrados, e inund\u00f3 vastas zonas del sur de Islandia. Hist\u00f3ricamente, los j\u00f6kulhlaups de Katla se han cobrado vidas y han da\u00f1ado la vegetaci\u00f3n.     <\/p>\n\n\n\n<figure class=\"wp-block-image is-resized\"><img decoding=\"async\" src=\"https:\/\/lh7-us.googleusercontent.com\/docsz\/AD_4nXfwPIoBbADhG9TfV7clWdN6-UO4brKfh9a72YGFyfoiJlyCJKjyA4oE3wst7mx2tuSgEzxrGCxVg0sDjj6g2VPxk0iFwZk5PzT-6yj7NRKnsPzw3VMa1ft_uBCXrrMiPSN2rymzPfEnwEwLFF6sJm78yfhT?key=HcZG9iUAPde_zuM2tDxzoA\" alt=\"Erupciones volc\u00e1nicas en Islandia  \" style=\"width:840px;height:auto\"\/><\/figure>\n\n\n\n<ol start=\"3\" class=\"wp-block-list\">\n<li><strong>Laki <\/strong>(1783-1784)  <\/li>\n<\/ol>\n\n\n\n<p>La erupci\u00f3n del Laki es f\u00e1cilmente una de las erupciones volc\u00e1nicas islandesas m\u00e1s devastadoras de la historia. A diferencia de la explosi\u00f3n de una sola monta\u00f1a, esta fisura eruptiva de 220 kil\u00f3metros arroj\u00f3 gases t\u00f3xicos y cenizas durante ocho meses, causando hambruna y muertes en toda Islandia. La nube de di\u00f3xido de azufre form\u00f3 la &#8220;neblina de Laki&#8221; y afect\u00f3 al clima global al bajar las temperaturas. Sin embargo, la lava erosionada tambi\u00e9n cre\u00f3 tierras f\u00e9rtiles en Islandia y el calor volc\u00e1nico generado por la erupci\u00f3n se aprovecha hoy como energ\u00eda geot\u00e9rmica.   <\/p>\n\n\n\n<ol start=\"4\" class=\"wp-block-list\">\n<li><strong>Eldfell <\/strong>(1973)<\/li>\n<\/ol>\n\n\n\n<p>En enero de 1973, una fisura desconocida hasta entonces se abri\u00f3 bajo la peque\u00f1a isla islandesa de Heimaey, a menos de una milla de la cercana ciudad de Vestmannaeyjar. El volc\u00e1n reci\u00e9n formado recibi\u00f3 el nombre de Eldfell, o &#8220;Colina de Fuego&#8221;, y entr\u00f3 en erupci\u00f3n durante seis meses consecutivos, sepultando la mayor parte de la ciudad en cenizas y destruyendo cientos de casas. La grave intrusi\u00f3n de magma oblig\u00f3 a evacuar a unos 5.000 residentes. Se hizo un enorme esfuerzo para frenar y controlar el flujo de lava rociando continuamente agua de mar. A pesar de la destrucci\u00f3n y de la ciudad evacuada, no se perdieron vidas, gracias a los heroicos esfuerzos de los residentes y de la guardia costera islandesa.      <\/p>\n\n\n\n<ol start=\"5\" class=\"wp-block-list\">\n<li><strong>Eyjafjallaj\u00f6kull <\/strong>(2010)  <\/li>\n<\/ol>\n\n\n\n<p>El Eyjafjallaj\u00f6kull, un estratovolc\u00e1n situado bajo la capa de hielo hom\u00f3nima en el sur de Islandia, adquiri\u00f3 notoriedad mundial en marzo de 2010. Esta erupci\u00f3n envi\u00f3 una enorme columna de ceniza a la atm\u00f3sfera, que se extendi\u00f3 tanto que afect\u00f3 a los vuelos de toda Europa. Se cancelaron m\u00e1s de 100.000 vuelos, dejando tirados a millones de pasajeros. El suceso puso de relieve que incluso las erupciones de menor importancia pueden tener graves consecuencias internacionales, y que tales sucesos perturban los viajes y la vida cotidiana mucho m\u00e1s all\u00e1 de las fronteras de Islandia.<br>Aunque es incre\u00edblemente popular, el Eyjafjallaj\u00f6kull ni siquiera est\u00e1 cerca de ser el volc\u00e1n m\u00e1s activo de Islandia. Comparada con algunas erupciones anteriores, la de 2010 fue un acontecimiento menor.    <\/p>\n\n\n\n<ol start=\"6\" class=\"wp-block-list\">\n<li><strong>Fagradalsfjall<\/strong> (marzo de 2021)<\/li>\n<\/ol>\n\n\n\n<p>En 2021, la erupci\u00f3n del Fagradalsfjall salt\u00f3 a los titulares al convertirse en la primera actividad volc\u00e1nica importante en la regi\u00f3n de Reykjanes en m\u00e1s de 800 a\u00f1os. La erupci\u00f3n dio lugar a elevados flujos de lava que emergieron del valle de Geldingadalur, captando la atenci\u00f3n de personas de todo el mundo y atrayendo a miles de visitantes a la zona para presenciar el espect\u00e1culo de primera mano. En agosto de 2022, el volc\u00e1n Fagradalsfjall volvi\u00f3 a entrar en erupci\u00f3n, esta vez en el valle de Meradalir, continuando la actividad volc\u00e1nica que hab\u00eda comenzado el a\u00f1o anterior. La vigilancia s\u00edsmica y por GPS sigue rastreando el Fagradalsfjall, ya que los modelos sugieren que tienden a producirse m\u00e1s erupciones en ciclos.   <br><\/p>\n\n\n\n<ol start=\"7\" class=\"wp-block-list\">\n<li><strong>Sundhnj\u00fakag\u00edgar <\/strong>(2023-2024)<\/li>\n<\/ol>\n\n\n\n<p>Las recientes erupciones en la pen\u00ednsula islandesa de Reykjanes comenzaron en diciembre de 2023, tras semanas de intensa actividad s\u00edsmica. El cr\u00e1ter de Sundhnj\u00fakag\u00edgar volvi\u00f3 a entrar en erupci\u00f3n, seguido de otras erupciones de fisuras de m\u00e1s de tres kil\u00f3metros de longitud. Esto provoc\u00f3 el cierre temporal de las famosas aguas termales de la Laguna Azul como medida de precauci\u00f3n. La \u00faltima erupci\u00f3n volc\u00e1nica de Islandia comenz\u00f3 el 20 de noviembre de 2024 y ha suscitado preocupaci\u00f3n por el magma que se acumula bajo Svartsengi y la posibilidad de una futura erupci\u00f3n en esta zona geol\u00f3gicamente activa.   <\/p>\n\n\n\n<p><\/p>\n\n\n\n<h2 class=\"wp-block-heading\">\u00bfCu\u00e1ndo fue la \u00faltima erupci\u00f3n del volc\u00e1n island\u00e9s?<\/h2>\n\n\n\n<p>La \u00faltima erupci\u00f3n volc\u00e1nica de Islandia se produjo el 20 de noviembre de 2024, en la fila de cr\u00e1teres de Sundhn\u00fakur, en la pen\u00ednsula de Reykjanes. Este acontecimiento supuso la <a href=\"https:\/\/www.thetimes.com\/travel\/advice\/is-it-safe-to-travel-to-iceland-right-now-zkjt32n8f?utm_source=chatgpt.com&amp;region=global\">s\u00e9ptima erupci\u00f3n<\/a> en la regi\u00f3n desde diciembre de 2023, lo que pone de manifiesto la continua actividad volc\u00e1nica de la zona. La erupci\u00f3n produjo importantes flujos de lava, comparables en intensidad a erupciones anteriores, y provoc\u00f3 la evacuaci\u00f3n de zonas cercanas, como Grindav\u00edk y la Laguna Azul. Las autoridades cerraron las carreteras cercanas al lugar de la erupci\u00f3n y aconsejaron a los turistas que se mantuvieran alejados de la zona debido a la posible liberaci\u00f3n de gases nocivos, que podr\u00edan suponer una amenaza para la salud p\u00fablica. La erupci\u00f3n ha provocado cambios visibles en el paisaje, con nuevas c\u00e1maras de magma que forman un terreno fant\u00e1stico.    <\/p>\n\n\n\n<p>Grindav\u00edk ha sufrido seis erupciones volc\u00e1nicas en el \u00faltimo a\u00f1o, que han provocado importantes esfuerzos de evacuaci\u00f3n y da\u00f1os materiales. A pesar de los continuos riesgos, la ciudad <a href=\"https:\/\/www.theguardian.com\/world\/2024\/oct\/26\/iceland-volcanic-site-grindavik-reopens?utm_source=chatgpt.com\">reabri\u00f3 sus puertas a los turistas<\/a>, aunque se advirti\u00f3 a los visitantes sobre la inestabilidad del terreno, la contaminaci\u00f3n por gases y la presencia de vapor caliente que sal\u00eda de las fisuras. La interrupci\u00f3n tambi\u00e9n ha afectado a los comercios locales, algunos de los cuales han cerrado temporalmente por motivos de seguridad.  <\/p>\n\n\n\n<p>La continua actividad volc\u00e1nica de la pen\u00ednsula de Reykjanes ha alterado el paisaje y aumentado la conciencia de la naturaleza s\u00edsmica de la regi\u00f3n. Los cient\u00edficos est\u00e1n siguiendo de cerca la acumulaci\u00f3n de magma bajo Svartsengi y otras fisuras, ya que es probable que nuevas intrusiones desencadenen nuevas erupciones en los pr\u00f3ximos meses. Se insta a los residentes y visitantes de las zonas cercanas a que permanezcan vigilantes, ya que los volcanes islandeses suelen seguir patrones de erupci\u00f3n c\u00edclicos. Aunque las erupciones plantean desaf\u00edos, tambi\u00e9n proporcionan valiosos conocimientos sobre los procesos geol\u00f3gicos din\u00e1micos de la isla, y la vigilancia continua ayuda a las autoridades a gestionar los riesgos potenciales con mayor eficacia.   <\/p>\n\n\n\n<p>Las autoridades locales siguen vigilando de cerca la evoluci\u00f3n de la actividad s\u00edsmica, y se insta a los visitantes a que se mantengan informados y sigan las directrices de seguridad. Para obtener la informaci\u00f3n m\u00e1s reciente sobre todas las erupciones volc\u00e1nicas de Islandia, sigue las actualizaciones de la Oficina Meteorol\u00f3gica de Islandia y del Departamento de Protecci\u00f3n Civil de Islandia. <\/p>\n\n\n\n<h2 class=\"wp-block-heading\">Explora Islandia con <a href=\"https:\/\/www.rent.is\/es\/\">Rent.is<\/a><\/h2>\n\n\n\n<p>\u00bfListo para explorar las maravillas volc\u00e1nicas y los impresionantes paisajes de Islandia? No hay mejor forma de asimilarlo todo que reservando una autocaravana. Con la flexibilidad de viajar a tu propio ritmo y sumergirte en la belleza natural de Islandia, un viaje en autocaravana te ofrece la aventura definitiva.    <\/p>\n\n\n\n<p>Desde experimentar espectaculares erupciones volc\u00e1nicas hasta relajarte en aguas termales geot\u00e9rmicas, tendr\u00e1s refugio, flexibilidad y acceso a la naturaleza, todo al alcance de la mano. Adem\u00e1s, con la libertad de visitar zonas remotas y joyas ocultas, descubrir\u00e1s realmente Islandia fuera de los caminos trillados. No te pierdas la aventura de tu vida: \u00a1reserva hoy mismo tu <a href=\"https:\/\/www.rent.is\/es\/\">caravana de alquiler en Islandia<\/a> y comienza un viaje inolvidable!<\/p>\n\n\n\n<p><\/p>\n","protected":false},"excerpt":{"rendered":"<p>Los volcanes de Islandia son sobrecogedores y formidables. Durante millones de a\u00f1os, estas erupciones han dado forma a los dram\u00e1ticos paisajes de la isla, creando una belleza impresionante y atrayendo a buscadores de emociones de todo el mundo. Pero tambi\u00e9n han causado devastaci\u00f3n. Comprender la historia de las erupciones volc\u00e1nicas de Islandia es fundamental para [&hellip;]<\/p>\n","protected":false},"author":15,"featured_media":62134,"comment_status":"closed","ping_status":"closed","sticky":false,"template":"","format":"standard","meta":{"_acf_changed":false,"footnotes":""},"categories":[766],"tags":[819],"class_list":["post-67295","post","type-post","status-publish","format-standard","has-post-thumbnail","hentry","category-blog-es","tag-guia-de-viaje-de-islandia"],"acf":[],"yoast_head":"<!-- This site is optimized with the Yoast SEO plugin v26.4 - https:\/\/yoast.com\/wordpress\/plugins\/seo\/ -->\n<title>Islandia: Erupciones volc\u00e1nicas que conmovieron al mundo | Rent.is<\/title>\n<meta name=\"description\" content=\"Islandia es tan famosa por sus volcanes como por sus auroras boreales. \u00bfSientes curiosidad por estos espect\u00e1culos de fuego? Explora las erupciones hist\u00f3ricas y su impacto.\" \/>\n<meta name=\"robots\" content=\"index, follow, max-snippet:-1, max-image-preview:large, max-video-preview:-1\" \/>\n<link rel=\"canonical\" href=\"https:\/\/www.rent.is\/es\/blog-es\/7-erupciones-volcanicas-historicas-en-islandia\/\" \/>\n<meta property=\"og:locale\" content=\"es_ES\" \/>\n<meta property=\"og:type\" content=\"article\" \/>\n<meta property=\"og:title\" content=\"Islandia: Erupciones volc\u00e1nicas que conmovieron al mundo | Rent.is\" \/>\n<meta property=\"og:description\" content=\"Islandia es tan famosa por sus volcanes como por sus auroras boreales. \u00bfSientes curiosidad por estos espect\u00e1culos de fuego? Explora las erupciones hist\u00f3ricas y su impacto.\" \/>\n<meta property=\"og:url\" content=\"https:\/\/www.rent.is\/es\/blog-es\/7-erupciones-volcanicas-historicas-en-islandia\/\" \/>\n<meta property=\"og:site_name\" content=\"Rent.is\" \/>\n<meta property=\"article:publisher\" content=\"https:\/\/www.facebook.com\/campervansIceland\/\" \/>\n<meta property=\"article:published_time\" content=\"2021-06-07T11:46:00+00:00\" \/>\n<meta property=\"article:modified_time\" content=\"2026-02-05T14:19:09+00:00\" \/>\n<meta property=\"og:image\" content=\"https:\/\/www.rent.is\/wp-content\/uploads\/2024\/05\/volcanic-eruption-in-iceland.png\" \/>\n\t<meta property=\"og:image:width\" content=\"468\" \/>\n\t<meta property=\"og:image:height\" content=\"312\" \/>\n\t<meta property=\"og:image:type\" content=\"image\/png\" \/>\n<meta name=\"author\" content=\"Theodor Palsson\" \/>\n<meta name=\"twitter:card\" content=\"summary_large_image\" \/>\n<meta name=\"twitter:creator\" content=\"@CampersIceland\" \/>\n<meta name=\"twitter:site\" content=\"@CampersIceland\" \/>\n<meta name=\"twitter:label1\" content=\"Escrito por\" \/>\n\t<meta name=\"twitter:data1\" content=\"Theodor Palsson\" \/>\n\t<meta name=\"twitter:label2\" content=\"Tiempo de lectura\" \/>\n\t<meta name=\"twitter:data2\" content=\"10 minutos\" \/>\n<script type=\"application\/ld+json\" class=\"yoast-schema-graph\">{\"@context\":\"https:\/\/schema.org\",\"@graph\":[{\"@type\":[\"Article\",\"BlogPosting\"],\"@id\":\"https:\/\/www.rent.is\/es\/blog-es\/7-erupciones-volcanicas-historicas-en-islandia\/#article\",\"isPartOf\":{\"@id\":\"https:\/\/www.rent.is\/es\/blog-es\/7-erupciones-volcanicas-historicas-en-islandia\/\"},\"author\":{\"name\":\"Theodor Palsson\",\"@id\":\"https:\/\/www.rent.is\/es\/#\/schema\/person\/59a30e88162ceb34fad74fd3d0e54d36\"},\"headline\":\"7 erupciones volc\u00e1nicas hist\u00f3ricas en Islandia\",\"datePublished\":\"2021-06-07T11:46:00+00:00\",\"dateModified\":\"2026-02-05T14:19:09+00:00\",\"mainEntityOfPage\":{\"@id\":\"https:\/\/www.rent.is\/es\/blog-es\/7-erupciones-volcanicas-historicas-en-islandia\/\"},\"wordCount\":2352,\"publisher\":{\"@id\":\"https:\/\/www.rent.is\/es\/#organization\"},\"image\":{\"@id\":\"https:\/\/www.rent.is\/es\/blog-es\/7-erupciones-volcanicas-historicas-en-islandia\/#primaryimage\"},\"thumbnailUrl\":\"https:\/\/www.rent.is\/wp-content\/uploads\/2024\/05\/volcanic-eruption-in-iceland.png\",\"keywords\":[\"Gu\u00eda de viaje de Islandia\"],\"articleSection\":[\"Blog\"],\"inLanguage\":\"es\"},{\"@type\":\"WebPage\",\"@id\":\"https:\/\/www.rent.is\/es\/blog-es\/7-erupciones-volcanicas-historicas-en-islandia\/\",\"url\":\"https:\/\/www.rent.is\/es\/blog-es\/7-erupciones-volcanicas-historicas-en-islandia\/\",\"name\":\"Islandia: Erupciones volc\u00e1nicas que conmovieron al mundo | Rent.is\",\"isPartOf\":{\"@id\":\"https:\/\/www.rent.is\/es\/#website\"},\"primaryImageOfPage\":{\"@id\":\"https:\/\/www.rent.is\/es\/blog-es\/7-erupciones-volcanicas-historicas-en-islandia\/#primaryimage\"},\"image\":{\"@id\":\"https:\/\/www.rent.is\/es\/blog-es\/7-erupciones-volcanicas-historicas-en-islandia\/#primaryimage\"},\"thumbnailUrl\":\"https:\/\/www.rent.is\/wp-content\/uploads\/2024\/05\/volcanic-eruption-in-iceland.png\",\"datePublished\":\"2021-06-07T11:46:00+00:00\",\"dateModified\":\"2026-02-05T14:19:09+00:00\",\"description\":\"Islandia es tan famosa por sus volcanes como por sus auroras boreales. \u00bfSientes curiosidad por estos espect\u00e1culos de fuego? Explora las erupciones hist\u00f3ricas y su impacto.\",\"inLanguage\":\"es\",\"potentialAction\":[{\"@type\":\"ReadAction\",\"target\":[\"https:\/\/www.rent.is\/es\/blog-es\/7-erupciones-volcanicas-historicas-en-islandia\/\"]}]},{\"@type\":\"ImageObject\",\"inLanguage\":\"es\",\"@id\":\"https:\/\/www.rent.is\/es\/blog-es\/7-erupciones-volcanicas-historicas-en-islandia\/#primaryimage\",\"url\":\"https:\/\/www.rent.is\/wp-content\/uploads\/2024\/05\/volcanic-eruption-in-iceland.png\",\"contentUrl\":\"https:\/\/www.rent.is\/wp-content\/uploads\/2024\/05\/volcanic-eruption-in-iceland.png\",\"width\":468,\"height\":312},{\"@type\":\"WebSite\",\"@id\":\"https:\/\/www.rent.is\/es\/#website\",\"url\":\"https:\/\/www.rent.is\/es\/\",\"name\":\"Rent.is\",\"description\":\"Camper Van Iceland - Rent a camper, RV, or Motorhome\",\"publisher\":{\"@id\":\"https:\/\/www.rent.is\/es\/#organization\"},\"alternateName\":\"Rent\",\"potentialAction\":[{\"@type\":\"SearchAction\",\"target\":{\"@type\":\"EntryPoint\",\"urlTemplate\":\"https:\/\/www.rent.is\/es\/?s={search_term_string}\"},\"query-input\":{\"@type\":\"PropertyValueSpecification\",\"valueRequired\":true,\"valueName\":\"search_term_string\"}}],\"inLanguage\":\"es\"},{\"@type\":\"Organization\",\"@id\":\"https:\/\/www.rent.is\/es\/#organization\",\"name\":\"Rent\",\"alternateName\":\"Rent Campervan Iceland\",\"url\":\"https:\/\/www.rent.is\/es\/\",\"logo\":{\"@type\":\"ImageObject\",\"inLanguage\":\"es\",\"@id\":\"https:\/\/www.rent.is\/es\/#\/schema\/logo\/image\/\",\"url\":\"https:\/\/www.rent.is\/wp-content\/uploads\/2023\/06\/Rent-logo__blue.svg\",\"contentUrl\":\"https:\/\/www.rent.is\/wp-content\/uploads\/2023\/06\/Rent-logo__blue.svg\",\"caption\":\"Rent\"},\"image\":{\"@id\":\"https:\/\/www.rent.is\/es\/#\/schema\/logo\/image\/\"},\"sameAs\":[\"https:\/\/www.facebook.com\/campervansIceland\/\",\"https:\/\/x.com\/CampersIceland\"]},{\"@type\":\"Person\",\"@id\":\"https:\/\/www.rent.is\/es\/#\/schema\/person\/59a30e88162ceb34fad74fd3d0e54d36\",\"name\":\"Theodor Palsson\",\"image\":{\"@type\":\"ImageObject\",\"inLanguage\":\"es\",\"@id\":\"https:\/\/www.rent.is\/es\/#\/schema\/person\/image\/\",\"url\":\"https:\/\/www.rent.is\/wp-content\/uploads\/2024\/10\/theodor-palsson_avatar-96x96.jpg\",\"contentUrl\":\"https:\/\/www.rent.is\/wp-content\/uploads\/2024\/10\/theodor-palsson_avatar-96x96.jpg\",\"caption\":\"Theodor Palsson\"},\"description\":\"Theod\u00f3r, known as Teddi, is from Reykjavik and works in customer service at Rent. A passionate traveler, he\u2019s also an enduro enthusiast and loves mountain hiking, especially in Iceland\u2019s stunning landscapes.\",\"url\":\"https:\/\/www.rent.is\/es\/author\/teddi\/\"}]}<\/script>\n<!-- \/ Yoast SEO plugin. -->","yoast_head_json":{"title":"Islandia: Erupciones volc\u00e1nicas que conmovieron al mundo | Rent.is","description":"Islandia es tan famosa por sus volcanes como por sus auroras boreales. \u00bfSientes curiosidad por estos espect\u00e1culos de fuego? Explora las erupciones hist\u00f3ricas y su impacto.","robots":{"index":"index","follow":"follow","max-snippet":"max-snippet:-1","max-image-preview":"max-image-preview:large","max-video-preview":"max-video-preview:-1"},"canonical":"https:\/\/www.rent.is\/es\/blog-es\/7-erupciones-volcanicas-historicas-en-islandia\/","og_locale":"es_ES","og_type":"article","og_title":"Islandia: Erupciones volc\u00e1nicas que conmovieron al mundo | Rent.is","og_description":"Islandia es tan famosa por sus volcanes como por sus auroras boreales. \u00bfSientes curiosidad por estos espect\u00e1culos de fuego? Explora las erupciones hist\u00f3ricas y su impacto.","og_url":"https:\/\/www.rent.is\/es\/blog-es\/7-erupciones-volcanicas-historicas-en-islandia\/","og_site_name":"Rent.is","article_publisher":"https:\/\/www.facebook.com\/campervansIceland\/","article_published_time":"2021-06-07T11:46:00+00:00","article_modified_time":"2026-02-05T14:19:09+00:00","og_image":[{"width":468,"height":312,"url":"https:\/\/www.rent.is\/wp-content\/uploads\/2024\/05\/volcanic-eruption-in-iceland.png","type":"image\/png"}],"author":"Theodor Palsson","twitter_card":"summary_large_image","twitter_creator":"@CampersIceland","twitter_site":"@CampersIceland","twitter_misc":{"Escrito por":"Theodor Palsson","Tiempo de lectura":"10 minutos"},"schema":{"@context":"https:\/\/schema.org","@graph":[{"@type":["Article","BlogPosting"],"@id":"https:\/\/www.rent.is\/es\/blog-es\/7-erupciones-volcanicas-historicas-en-islandia\/#article","isPartOf":{"@id":"https:\/\/www.rent.is\/es\/blog-es\/7-erupciones-volcanicas-historicas-en-islandia\/"},"author":{"name":"Theodor Palsson","@id":"https:\/\/www.rent.is\/es\/#\/schema\/person\/59a30e88162ceb34fad74fd3d0e54d36"},"headline":"7 erupciones volc\u00e1nicas hist\u00f3ricas en Islandia","datePublished":"2021-06-07T11:46:00+00:00","dateModified":"2026-02-05T14:19:09+00:00","mainEntityOfPage":{"@id":"https:\/\/www.rent.is\/es\/blog-es\/7-erupciones-volcanicas-historicas-en-islandia\/"},"wordCount":2352,"publisher":{"@id":"https:\/\/www.rent.is\/es\/#organization"},"image":{"@id":"https:\/\/www.rent.is\/es\/blog-es\/7-erupciones-volcanicas-historicas-en-islandia\/#primaryimage"},"thumbnailUrl":"https:\/\/www.rent.is\/wp-content\/uploads\/2024\/05\/volcanic-eruption-in-iceland.png","keywords":["Gu\u00eda de viaje de Islandia"],"articleSection":["Blog"],"inLanguage":"es"},{"@type":"WebPage","@id":"https:\/\/www.rent.is\/es\/blog-es\/7-erupciones-volcanicas-historicas-en-islandia\/","url":"https:\/\/www.rent.is\/es\/blog-es\/7-erupciones-volcanicas-historicas-en-islandia\/","name":"Islandia: Erupciones volc\u00e1nicas que conmovieron al mundo | Rent.is","isPartOf":{"@id":"https:\/\/www.rent.is\/es\/#website"},"primaryImageOfPage":{"@id":"https:\/\/www.rent.is\/es\/blog-es\/7-erupciones-volcanicas-historicas-en-islandia\/#primaryimage"},"image":{"@id":"https:\/\/www.rent.is\/es\/blog-es\/7-erupciones-volcanicas-historicas-en-islandia\/#primaryimage"},"thumbnailUrl":"https:\/\/www.rent.is\/wp-content\/uploads\/2024\/05\/volcanic-eruption-in-iceland.png","datePublished":"2021-06-07T11:46:00+00:00","dateModified":"2026-02-05T14:19:09+00:00","description":"Islandia es tan famosa por sus volcanes como por sus auroras boreales. \u00bfSientes curiosidad por estos espect\u00e1culos de fuego? Explora las erupciones hist\u00f3ricas y su impacto.","inLanguage":"es","potentialAction":[{"@type":"ReadAction","target":["https:\/\/www.rent.is\/es\/blog-es\/7-erupciones-volcanicas-historicas-en-islandia\/"]}]},{"@type":"ImageObject","inLanguage":"es","@id":"https:\/\/www.rent.is\/es\/blog-es\/7-erupciones-volcanicas-historicas-en-islandia\/#primaryimage","url":"https:\/\/www.rent.is\/wp-content\/uploads\/2024\/05\/volcanic-eruption-in-iceland.png","contentUrl":"https:\/\/www.rent.is\/wp-content\/uploads\/2024\/05\/volcanic-eruption-in-iceland.png","width":468,"height":312},{"@type":"WebSite","@id":"https:\/\/www.rent.is\/es\/#website","url":"https:\/\/www.rent.is\/es\/","name":"Rent.is","description":"Camper Van Iceland - Rent a camper, RV, or Motorhome","publisher":{"@id":"https:\/\/www.rent.is\/es\/#organization"},"alternateName":"Rent","potentialAction":[{"@type":"SearchAction","target":{"@type":"EntryPoint","urlTemplate":"https:\/\/www.rent.is\/es\/?s={search_term_string}"},"query-input":{"@type":"PropertyValueSpecification","valueRequired":true,"valueName":"search_term_string"}}],"inLanguage":"es"},{"@type":"Organization","@id":"https:\/\/www.rent.is\/es\/#organization","name":"Rent","alternateName":"Rent Campervan Iceland","url":"https:\/\/www.rent.is\/es\/","logo":{"@type":"ImageObject","inLanguage":"es","@id":"https:\/\/www.rent.is\/es\/#\/schema\/logo\/image\/","url":"https:\/\/www.rent.is\/wp-content\/uploads\/2023\/06\/Rent-logo__blue.svg","contentUrl":"https:\/\/www.rent.is\/wp-content\/uploads\/2023\/06\/Rent-logo__blue.svg","caption":"Rent"},"image":{"@id":"https:\/\/www.rent.is\/es\/#\/schema\/logo\/image\/"},"sameAs":["https:\/\/www.facebook.com\/campervansIceland\/","https:\/\/x.com\/CampersIceland"]},{"@type":"Person","@id":"https:\/\/www.rent.is\/es\/#\/schema\/person\/59a30e88162ceb34fad74fd3d0e54d36","name":"Theodor Palsson","image":{"@type":"ImageObject","inLanguage":"es","@id":"https:\/\/www.rent.is\/es\/#\/schema\/person\/image\/","url":"https:\/\/www.rent.is\/wp-content\/uploads\/2024\/10\/theodor-palsson_avatar-96x96.jpg","contentUrl":"https:\/\/www.rent.is\/wp-content\/uploads\/2024\/10\/theodor-palsson_avatar-96x96.jpg","caption":"Theodor Palsson"},"description":"Theod\u00f3r, known as Teddi, is from Reykjavik and works in customer service at Rent. A passionate traveler, he\u2019s also an enduro enthusiast and loves mountain hiking, especially in Iceland\u2019s stunning landscapes.","url":"https:\/\/www.rent.is\/es\/author\/teddi\/"}]}},"_links":{"self":[{"href":"https:\/\/www.rent.is\/es\/wp-json\/wp\/v2\/posts\/67295","targetHints":{"allow":["GET"]}}],"collection":[{"href":"https:\/\/www.rent.is\/es\/wp-json\/wp\/v2\/posts"}],"about":[{"href":"https:\/\/www.rent.is\/es\/wp-json\/wp\/v2\/types\/post"}],"author":[{"embeddable":true,"href":"https:\/\/www.rent.is\/es\/wp-json\/wp\/v2\/users\/15"}],"replies":[{"embeddable":true,"href":"https:\/\/www.rent.is\/es\/wp-json\/wp\/v2\/comments?post=67295"}],"version-history":[{"count":0,"href":"https:\/\/www.rent.is\/es\/wp-json\/wp\/v2\/posts\/67295\/revisions"}],"wp:featuredmedia":[{"embeddable":true,"href":"https:\/\/www.rent.is\/es\/wp-json\/wp\/v2\/media\/62134"}],"wp:attachment":[{"href":"https:\/\/www.rent.is\/es\/wp-json\/wp\/v2\/media?parent=67295"}],"wp:term":[{"taxonomy":"category","embeddable":true,"href":"https:\/\/www.rent.is\/es\/wp-json\/wp\/v2\/categories?post=67295"},{"taxonomy":"post_tag","embeddable":true,"href":"https:\/\/www.rent.is\/es\/wp-json\/wp\/v2\/tags?post=67295"}],"curies":[{"name":"wp","href":"https:\/\/api.w.org\/{rel}","templated":true}]}}