{"id":67333,"date":"2021-06-10T10:41:00","date_gmt":"2021-06-10T10:41:00","guid":{"rendered":"https:\/\/www.rent.is\/unkategorisiert\/island-im-sommer-ein-saisonaler-leitfaden\/"},"modified":"2025-05-16T15:16:01","modified_gmt":"2025-05-16T15:16:01","slug":"island-im-sommer-ein-saisonaler-leitfaden","status":"publish","type":"post","link":"https:\/\/www.rent.is\/de\/blog\/island-im-sommer-ein-saisonaler-leitfaden\/","title":{"rendered":"Island im Sommer: Ein saisonaler Leitfaden"},"content":{"rendered":"\n<p>Der Sommer verwandelt Island auf die sch\u00f6nste Weise. Die Schneedecke lichtet sich und Sie k\u00f6nnen die Sch\u00f6nheit der Region in ihrer wahren Form sehen! W\u00e4hrend meiner Reise habe ich besonders die smaragdgr\u00fcnen T\u00e4ler und die Wasserf\u00e4lle in Island geliebt. Es w\u00e4re keine \u00dcbertreibung, wenn ich sagen w\u00fcrde, dass ich ein St\u00fcck meines Herzens in den atemberaubenden Wildblumenfeldern des Inselstaates gelassen habe.     <\/p>\n\n<p>In diesem Blogbeitrag m\u00f6chte ich meine Erfahrungen mit Island im Sommer teilen, insbesondere mit den Westfjorden und dem Norden. Vom Wetter und den Aktivit\u00e4ten bis hin zur ultimativen Island-Packliste f\u00fcr den Sommer &#8211; lassen Sie uns \u00fcber alles sprechen!   <\/p>\n\n<figure class=\"wp-block-image is-resized\"><img decoding=\"async\" src=\"https:\/\/lh7-us.googleusercontent.com\/WtfIj1yCb1jE0xGiQjTESwKKmwAVW8QEDR6mbGnEc88X3QfhRIDMrPJacKZCPULy0RKhHpIoXUUY_RLk6aoWT2WcDzWcUjOr99EwyYtQGiapHmu63s53MIDsj70cAiYtuX8viz12IkcGo5TAbX2KqcY\" alt=\"Wasserf&#xE4;lle und Berge in Island\" style=\"width:838px;height:auto\"\/><\/figure>\n\n<h2 class=\"wp-block-heading\">Wie ist es in Island im Sommer?  <\/h2>\n\n<p>Island kann in der Tat von Juni bis August sehr touristisch sein, aber dies ist einer der wenigen Orte, die ich empfehlen w\u00fcrde, w\u00e4hrend dieser touristischen Spitzenmonate zu besuchen.  <em>Weil Island im Sommer einfach so sch\u00f6n ist!<\/em><\/p>\n\n<h2 class=\"wp-block-heading\">Wetter in Island im Sommer  <\/h2>\n\n<p>Die Sommertemperaturen in Island sind so, dass ich sie als grenzwertig &#8220;kalt&#8221; bezeichnen w\u00fcrde. Im Allgemeinen k\u00f6nnen Sie Temperaturen zwischen 10 und 13 \u00b0C (50 und 55 \u00b0F) erwarten. An einigen Tagen k\u00f6nnen 20 bis 25 \u00b0C (68 bis 77 \u00b0F) erreicht werden. Das bedeutet, dass es warm genug ist, um die Natur zu genie\u00dfen, aber auch k\u00fchl genug, damit Sie bei Aktivit\u00e4ten nicht \u00fcberhitzen.     <\/p>\n\n<p>Wann ist also Sommer in Island? Der isl\u00e4ndische Sommer erstreckt sich von Mitte Juni bis Ende August, wobei Juli und August die w\u00e4rmsten Monate sind. Da das Land direkt unterhalb des Polarkreises liegt, ist es im Sommer sehr lange hell. Die ber\u00fchmte <a href=\"https:\/\/www.rent.is\/camperstories\/trip-land-midnight-sun\/\">Mitternachtssonne<\/a> erhellt den <a href=\"https:\/\/www.rent.is\/blog\/iceland-night-sky\/\">isl\u00e4ndischen Nachthimmel<\/a> von Mitte Juni bis Anfang Juli fast 24 Stunden am Tag &#8211; ein wirklich spektakul\u00e4rer Anblick, den ich jedem empfehle, mindestens einmal im Leben zu erleben!    <\/p>\n\n<h3 class=\"wp-block-heading\">Juni<\/h3>\n\n<p>Der Juni markiert den Beginn des Sommers in Island. Die Tage werden l\u00e4nger und die Mitternachtssonne beginnt, ihr Licht den ganzen Tag \u00fcber auf die Landschaft zu werfen. Wenn das Eis langsam taut und die Temperaturen steigen, erstrahlt die Landschaft in leuchtendem Gr\u00fcn, das gelegentlich von Schnee unterbrochen wird. Die Temperaturen bleiben mit 8\u00b0C bis 13\u00b0C relativ kalt, aber mit der richtigen Kleidung ist dies die perfekte Zeit f\u00fcr Outdoor-Abenteuer wie Wandern, Whale Watching und die Erkundung der wundersch\u00f6nen <a href=\"https:\/\/www.rent.is\/blog\/waterfalls-in-iceland\/\">Wasserf\u00e4lle<\/a> und geothermischen Wunder Islands.   <\/p>\n\n<h3 class=\"wp-block-heading\">Island im Juli<\/h3>\n\n<p>Der Juli ist der H\u00f6hepunkt des Sommers in Island mit langen Tagen und endlosem Sonnenlicht. Das isl\u00e4ndische Wetter im Juli ist im Allgemeinen mild, mit Temperaturen von durchschnittlich 10\u00b0C bis 15\u00b0C (50\u00b0F bis 59\u00b0F). Dies ist einer der beliebtesten Monate f\u00fcr einen Besuch in Island, da die Landschaft in voller Bl\u00fcte steht und spektakul\u00e4re Landschaften zum Wandern, Campen und Fotografieren bietet. Dies ist auch eine ausgezeichnete Zeit, um Veranstaltungen und Sommerfestivals zu besuchen und in die lokale Kultur einzutauchen.     <\/p>\n\n<h3 class=\"wp-block-heading\">Island im August<\/h3>\n\n<p>Wenn sich der Sommer dem Ende zuneigt, bleiben die Tage im August lang und das Wetter angenehm, auch wenn die Temperaturen leicht abk\u00fchlen und im Durchschnitt zwischen 9\u00b0C und 14\u00b0C liegen. Trotz des leichten Temperaturr\u00fcckgangs ist der August immer noch ein gro\u00dfartiger Monat, um Islands nat\u00fcrliche Sehensw\u00fcrdigkeiten zu erkunden, von Gletschern bis hin zu vulkanischen Stellen. Es ist auch die ideale Zeit f\u00fcr Aktivit\u00e4ten wie Reiten, Vogelbeobachtung, Sonnenunterg\u00e4nge und ein Bad in geothermalen hei\u00dfen Quellen.  <\/p>\n\n<h2 class=\"wp-block-heading\">Westfjorde im Sommer  <\/h2>\n\n<p>Die Westfjorde sind der Traum eines jeden Landschaftsfotografen. Zerkl\u00fcftete Berggipfel ragen in den Himmel &#8211; und ihre H\u00e4nge sind im Sommer mit einem leuchtenden Gr\u00fcn \u00fcberzogen. Island ist bekannt f\u00fcr seine majest\u00e4tischen Fjorde, die sich tief in das Land einschneiden und dort, wo hoch aufragende Klippen auf das Meer treffen, imposante Panoramen schaffen. Dies offenbart eine der dramatischsten K\u00fcstenlinien, die ich je gesehen habe!     <\/p>\n\n<p>Vergessen Sie <a href=\"https:\/\/www.rent.is\/de\/blog\/schwarze-sandstraende-in-island-ein-naturwunder-zum-besuchen\/\">schwarze Sandstr\u00e4nde<\/a> (obwohl es sie auch hier gibt!). Die Westfjorde sind ber\u00fchmt f\u00fcr ihre langen Abschnitte mit goldenem Sand. Der Strand Rau\u00f0asandur zum Beispiel hat einen r\u00f6tlich-goldenen Sand, der im Sonnenlicht schimmert. Stellen wir es uns so vor: Sie spazieren an diesen unber\u00fchrten Ufern entlang, die k\u00fchlen Atlantikwellen pl\u00e4tschern an Ihren Zehen und die Weite des Ozeans reicht bis zum Horizont.     <\/p>\n\n<figure class=\"wp-block-image is-resized\"><img decoding=\"async\" src=\"https:\/\/lh7-us.googleusercontent.com\/ZF716YrCkIf9czkkIM2gLBX3mBLBujeaGdoV07uWXqk1-FpbLqiCFBl4utS8O8FPjLNTMcMVT871DgYZJUEF3wR8qcBcyVkrVDZF5hj_xcxpiNwnkjiPm1b9s20GIP-T6cMtiml7rqCK5y1ebwUa-Sg\" alt=\"Strand Rau&#xF0;asandur\" style=\"width:839px;height:auto\"\/><\/figure>\n\n<p>Und vergessen Sie nicht die Felder! Die Westfjorde r\u00fchmen sich mit atemberaubend gr\u00fcnen Feldern &#8211; ein Anblick, den Sie nur an diesem Reiseziel erleben k\u00f6nnen.   <\/p>\n\n<h2 class=\"wp-block-heading\">Nordisland im Sommer<\/h2>\n\n<p>W\u00e4hrend die Westfjorde mit ihren dramatischen K\u00fcstenlinien beeindrucken, bietet Nordisland eine andere Art von Magie. Hier wird die Landschaft von Nationalparks, Wasserf\u00e4llen und einem Hauch von arktischer K\u00e4lte dominiert. <\/p>\n\n<p>Vulkanische Berge, die in Schwarz-, Braun- und Rott\u00f6nen gehalten sind, erheben sich aus den flachen Ebenen. Massive Gletscher bahnen sich ihren Weg durch die Landschaft. Und sie hinterlassen Eisberge, die t\u00fcrkisfarbene Gletscherseen besprenkeln (siehe unten f\u00fcr eine passende Ansicht!). Diese raue, ungez\u00e4hmte Sch\u00f6nheit ist ein wahrer Augenschmaus.     <\/p>\n\n<p>Die Fahrt durch Nordisland ist ein Erlebnis f\u00fcr sich. Lange, kurvenreiche Stra\u00dfen schl\u00e4ngeln sich durch die Ebenen. Manchmal sehen Sie auf dem Weg ein isl\u00e4ndisches Dorf. Das Gef\u00fchl der Abgeschiedenheit ist so berauschend, dass ich mich von der rauen Natur, die mich w\u00e4hrend meiner Reise umgab, wirklich gest\u00e4rkt f\u00fchlte! (Sie sollten allerdings auf die k\u00fchle Luft vorbereitet sein, die Sie sp\u00fcren werden, wenn Sie das Fenster herunterkurbeln).      <\/p>\n\n<figure class=\"wp-block-image is-resized\"><img decoding=\"async\" src=\"https:\/\/lh7-us.googleusercontent.com\/5nYbPb4Ms1s0BzxIPNdY0nw5jE9MAgtaNsKFW4mmhthNwQPRzzx-WgU1OQ3jnLOUBdE7FhT5ZWRhmXVBPjxA8BMPBeXFlqSeiNfFb9EEHMHEAyJFliy38J3P0JafKZXs9c2MFfBLdrJup1GRX9ImY_I\" alt=\"Walschwanz im Ozean\" style=\"width:840px;height:auto\"\/><\/figure>\n\n<h2 class=\"wp-block-heading\">Was Sie f\u00fcr Island im Sommer packen sollten  <\/h2>\n\n<p>Wie Sie sich denken k\u00f6nnen, ist das Packen f\u00fcr Island im Sommer nicht dasselbe wie das Packen f\u00fcr die Karibik im Sommer. Wenn Sie f\u00fcr das isl\u00e4ndische Sommerwetter packen, sollten Sie mehrere Schichten kurz- und lang\u00e4rmeliger Hemden und Pullover einpacken, damit Sie f\u00fcr pl\u00f6tzliche Temperaturschwankungen gewappnet sind. Da Sie auch mit Regen rechnen m\u00fcssen, ist es eine gute Idee, wasserdichte Jacken und Wanderschuhe mitzunehmen. Sie sollten auch andere wichtige Reiseutensilien einpacken. Badeanz\u00fcge, Sonnenschutz, Feuchtigkeitscreme&#8230; Sie wissen, wie es geht.    <\/p>\n\n<p>Hier erfahren Sie, was Sie f\u00fcr ein isl\u00e4ndisches Sommerabenteuer einpacken sollten:<\/p>\n\n<p><strong>Kleidung<\/strong><\/p>\n\n<ul class=\"wp-block-list\">\n<li>Leichte, feuchtigkeitsableitende Basisschichten  <\/li>\n\n\n\n<li>Fleecejacke<\/li>\n\n\n\n<li>Wasserdichte und winddichte Jacke<\/li>\n\n\n\n<li>Wasserdichte Hose<\/li>\n\n\n\n<li>Bequeme Wanderhosen (Jeans, Leggings, etc.) und Shorts  <\/li>\n\n\n\n<li>Lang\u00e4rmelige Hemden zum \u00dcberziehen<\/li>\n\n\n\n<li>T-Shirts<\/li>\n\n\n\n<li>Badesachen (f\u00fcr hei\u00dfe Quellen oder Schwimmb\u00e4der)<\/li>\n\n\n\n<li>Dicke Socken (Wolle oder Synthetik zum Wandern)<\/li>\n\n\n\n<li>Wasserdichte Wanderschuhe, vorzugsweise mit h\u00f6herem Schaft f\u00fcr mehr Stabilit\u00e4t (laufen Sie sie vor Ihrer Abreise ein!)  <\/li>\n\n\n\n<li>Bequeme Wanderschuhe oder flache Schuhe f\u00fcr ein Abendessen oder die Erkundung der Stadt<\/li>\n\n\n\n<li>Wasserschuhe oder Flip Flops<\/li>\n\n\n\n<li>M\u00fctze, Handschuhe und Schal f\u00fcr kalte N\u00e4chte<\/li>\n<\/ul>\n\n<p><strong>Ausr\u00fcstung und Zubeh\u00f6r<\/strong><\/p>\n\n<ul class=\"wp-block-list\">\n<li>Hut und Sonnenbrille zum Schutz vor der Sonne<\/li>\n\n\n\n<li>Tagesrucksack zum <a href=\"https:\/\/www.rent.is\/blog\/hiking-in-iceland\/\">Wandern<\/a> und Erkunden<\/li>\n\n\n\n<li>Wiederverwendbare Wasserflasche  <\/li>\n\n\n\n<li>Augenmaske, wenn Sie einen Besuch w\u00e4hrend der Mitternachtssonne oder der Sommersonnenwende planen<\/li>\n\n\n\n<li>Ferngl\u00e4ser<\/li>\n\n\n\n<li>Tragbare Powerbank  <\/li>\n\n\n\n<li>Kameraausr\u00fcstung und Batterien<\/li>\n\n\n\n<li>Reiseadapter und Konverter f\u00fcr isl\u00e4ndische Steckdosen<\/li>\n\n\n\n<li>Leichte Handt\u00fccher (schnelltrocknend)<\/li>\n\n\n\n<li>Pers\u00f6nliche Toilettenartikel und Medikamente<\/li>\n\n\n\n<li>Insektenschutzmittel (besonders f\u00fcr Wanderungen in grasbewachsenen Gebieten)<\/li>\n\n\n\n<li>Sonnenschutzmittel mit hohem LSF<\/li>\n\n\n\n<li>Lippenbalsam mit LSF<\/li>\n\n\n\n<li>Erste-Hilfe-Kasten<\/li>\n\n\n\n<li>Bargeld in Isl\u00e4ndischen Kronen<\/li>\n<\/ul>\n\n<figure class=\"wp-block-image is-resized\"><img decoding=\"async\" src=\"https:\/\/lh7-us.googleusercontent.com\/7m3uLXRokBP1ZLeLc1rnPHm0n0WtCmFaMawqE0UXi7X8yW7HaKeu3xmfhwf4Xwdg3re8KuplbWXSGugc3alVUQIbhNnYZtz8MytcDJBhP49-jZls6Bkw1jIt-cptCmHN-IMYgXSWllLA7j_y6Ch6UP8\" alt=\"Gr&#xFC;ne Felder, Meer und Berge in Island\" style=\"width:841px;height:auto\"\/><\/figure>\n\n<h2 class=\"wp-block-heading\">Was Sie in Island im Sommer unternehmen k\u00f6nnen  <\/h2>\n\n<p>In Island gibt es im Sommer jede Menge zu tun. Egal, wie lange Sie Ihren Besuch planen, Ihnen werden die Outdoor-Aktivit\u00e4ten nie ausgehen, die Sie genie\u00dfen k\u00f6nnen. Besonders die Westfjorde und die Nordinsel haben es mir mit ihrer atemberaubenden Landschaft angetan. Alle meine Empfehlungen drehen sich also darum, das Beste aus der nat\u00fcrlichen Sch\u00f6nheit Islands zu machen.    <\/p>\n\n<h3 class=\"wp-block-heading\">Whale Watching gehen  <\/h3>\n\n<p>Die Stadt Holmavik liegt eingebettet in dramatische Fjorde. Aber die ruhigen Gew\u00e4sser machen sie zu etwas Besonderem. Hier k\u00f6nnen Sie eine Bootstour unternehmen und riesige Wale in ihrem nat\u00fcrlichen Lebensraum beobachten. Meistens werden Sie einen verspielten Buckelwal sehen. W\u00e4hrend meiner Tour hatte ich Gl\u00fcck und sah sogar einen riesigen Blauwal aus dem Wasser auftauchen! Und ich m\u00f6chte noch erw\u00e4hnen, dass ich manchmal dazu neige, seekrank zu werden, wenn ich auf dem Meer bin. Aber die Gew\u00e4sser von Holmavik waren so ruhig, dass ich kaum \u00dcbelkeit versp\u00fcrte.      <\/p>\n\n<figure class=\"wp-block-image is-resized\"><img decoding=\"async\" src=\"https:\/\/lh7-us.googleusercontent.com\/nEjdth3MwdoPZsSZRWquQcAqVjjQdBdd2MOfRt_aK9yBDZHkt2Uj95ptdHe-W1n8QgqJsfWj8eThygjpY1CwiwOrj2OYRC-E3OTv4hepaMyt4os3SVLdwN79RPjvSRc-qlhq2YzVMnmwpbkLnmDGffw\" alt=\"Wal, der aus dem Ozean springt\" style=\"width:839px;height:auto\"\/><\/figure>\n\n<p>Wenn Sie auf der Suche nach einem Erlebnis sind, hat Laki Tours viele vielversprechende Bewertungen auf TripAdvisor.<\/p>\n\n<figure class=\"wp-block-image is-resized\"><img decoding=\"async\" src=\"https:\/\/lh7-us.googleusercontent.com\/355v_WPYzbHxffJMyN6YmDwNs9yMHI8BF2eKUVDguoqIROLtlJsfaYLeUdaglBZrYmy-ASouxEoj7ujm2uAXinrioHPVnQVWhFwwD6VhhhQFZI09BfT-EMQCEcaz-MCWIASHqbtZrpbLS-anTXWgas4\" alt=\"Kirche auf gr&#xFC;nem H&#xFC;gel in Island\" style=\"width:839px;height:auto\"\/><\/figure>\n\n<h3 class=\"wp-block-heading\">Kajakfahren erleben  <\/h3>\n\n<p>Die Westfjorde haben einen treffenden Namen. Tiefe Fjorde schneiden sich in das Land &#8211; in ihrem smaragdgr\u00fcnen Wasser spiegeln sich die schneebedeckten Gipfel, die oft in der Ferne zu sehen sind. Stellen Sie sich vor, Sie fahren mit dem Kajak durch diese ruhigen Fjorde, umgeben von hoch aufragenden Klippen, die unz\u00e4hlige Seev\u00f6gel beherbergen. Halten Sie Ausschau nach verspielten Robben, die sich auf den Felsen sonnen.   <\/p>\n\n<figure class=\"wp-block-image is-resized\"><img decoding=\"async\" src=\"https:\/\/lh7-us.googleusercontent.com\/z1eEPT3yKqnwUlubJUyaEBI8BvgRW_Nwag1Y-KFUCZjkHigxtnLV7xlKGLxLZnEO4gGAp1NaViHHFOioMPlgtkqzt0uDG55ZIp2d7a5o9PL_u-l70WWbt2iYAf9KAouw6a_FCu6SMd5NmKNfsl7YeZA\" alt=\"Mann auf Kajak in Island\" style=\"width:839px;height:auto\"\/><\/figure>\n\n<h3 class=\"wp-block-heading\">Eintauchen in geothermische Pools  <\/h3>\n\n<p>Sie werden ein F\u00fcnf-Sterne-Spa vergessen, wenn Sie in den nat\u00fcrlichen hei\u00dfen Quellen Islands eintauchen! Und die gute Nachricht ist, dass die Westfjorde von diesen Wundern nur so wimmeln. Im Drangsnes Hot Pot k\u00f6nnen Sie in den dampfenden hei\u00dfen Quellen Ihre schmerzenden Muskeln nach einem Tag voller Abenteuer entspannen. Au\u00dferdem befinden sich die Becken im Freien und sind von zerkl\u00fcftetem Gel\u00e4nde umgeben. Ein entspannendes Naturerlebnis, das ich jedem Reisenden empfehlen w\u00fcrde.      <\/p>\n\n<p>Da die Aktivit\u00e4t jedoch kostenlos ist, ist das Timing alles! Besuchen Sie das Bad am sp\u00e4ten Abend oder am fr\u00fchen Morgen, um sicherzustellen, dass es nicht zu \u00fcberf\u00fcllt ist. Und wenn Sie schon dabei sind, z\u00f6gern Sie nicht, mit den Einheimischen zu plaudern    <\/p>\n\n<figure class=\"wp-block-image is-resized\"><img decoding=\"async\" src=\"https:\/\/lh7-us.googleusercontent.com\/gEuWcVi-plfiAkmaG3gD6NiTuFB9x8TVu3WYh7Uc7rqPM6pcUkzZkYd5RPtPp7HEb9KQ0BMFFrme82I0ZdBQIhuYl3N_Zj7ib_B-qxLCQGEJG1v1lNM1tPOMgti85TojCdjEbjc-hnGNXbqeLccsqGM\" alt=\"drei Whirlpools mit Meerblick\" style=\"width:840px;height:auto\"\/><\/figure>\n\n<h3 class=\"wp-block-heading\">Papageientaucher als Freunde  <\/h3>\n\n<p>Nach gut 8 Monaten auf dem Meer kehren Papageientaucher f\u00fcr den Sommer an die K\u00fcste zur\u00fcck, um sich mit ihrem Partner zu vereinen. Sie kommen Ende April an und bleiben die ganzen Sommermonate \u00fcber. Wissenswertes: 60% der Papageientaucherpopulation im Atlantik ist in Island zu Hause! Das bedeutet, dass Sie gute Chancen haben, sie zu sehen &#8211; und niedliche Bilder f\u00fcr Ihr Fotoalbum zu machen.     <\/p>\n\n<p>Papageientaucher k\u00f6nnen zwar im ganzen Land gesichtet werden, aber am wahrscheinlichsten sind sie in den Westfjorden und in Nordisland zu finden. Bei meiner Wanderung zu den Latrabjarg-Klippen in den Westfjorden habe ich einige davon gesehen. (Das Ziel hei\u00dft nicht umsonst &#8220;Europas Vogelfelsen&#8221;!).  <\/p>\n\n<figure class=\"wp-block-image is-resized\"><img decoding=\"async\" src=\"https:\/\/lh7-us.googleusercontent.com\/cWpI0nlTd7jgyovY40uh9HDYbfKetc5__Q07XQtbILZ6uwbsmFHriHE7CZQGOLSowM5HRi_ytMPg0vOEGKlWJn9S9VQxtWLwPC2W-luSqJFqcYBn_vjLdGk3mSTe07-U7n5XOGyCHaym5o-FmF4DOuE\" alt=\"Papageientaucher und Blumen in Island\" style=\"width:840px;height:auto\"\/><\/figure>\n\n<h3 class=\"wp-block-heading\">Bestaunen Sie den Dettifoss  <\/h3>\n\n<p>Wenn Sie in Nordisland sind, ist der Dettifoss, die &#8220;Bestie des Ostens&#8221;, einfach ein Muss. Ich sage das, weil er <em>der m\u00e4chtigste <a href=\"https:\/\/www.rent.is\/blog\/waterfalls-in-iceland\/\">Wasserfall<\/a> Europas<\/em> ist. Und er befindet sich im Vatnaj\u00f6kull-Nationalpark, dem gr\u00f6\u00dften Nationalpark in Europa. Hier k\u00f6nnen Sie dramatische Landschaften rund um das gewaltige Wasservolumen genie\u00dfen. Ich habe bei meinem Besuch meinen Regenmantel vergessen und habe daher eine ordentliche Ladung Nebel abbekommen. Sie sollten Ihren mitnehmen, um trocken zu bleiben.     <\/p>\n\n<p>Ganz in der N\u00e4he liegt auch die leuchtende Gletscherlagune J\u00f6kuls\u00e1rl\u00f3n, wo Sie zwischen Eisbergen segeln k\u00f6nnen. (Und vielleicht sehen Sie sogar ein paar Robben). <\/p>\n\n<figure class=\"wp-block-image is-resized\"><img decoding=\"async\" src=\"https:\/\/lh7-us.googleusercontent.com\/p2P0nmbnMCmSPerV267yhVXt7V1U43ynz4enKHAMm94sYrA6rMTtPIGpD1Dv6AdKYisVD4YfGsqBWIuqZbb6aXv4oyaA2U45ep_j4NKXWSAVfZLPFTsqkvRkRPduH_mKSWzsOiFxfPiaW495GIMWGmI\" alt=\"Gro&#xDF;er Wasserfall in Island\" style=\"width:840px;height:auto\"\/><\/figure>\n\n<h3 class=\"wp-block-heading\">Entdecken Sie die St\u00e4dte  <\/h3>\n\n<p>Wenn Sie eine charmante Stadt im Norden Islands erleben m\u00f6chten, fahren Sie nach Akureyri. Dies ist die zweitgr\u00f6\u00dfte Stadt des Landes. Das Besondere an ihr sind der farbenfrohe Hafen, das lebendige Stadtzentrum und die kulturellen Sch\u00e4tze. Hier k\u00f6nnen Sie durch isl\u00e4ndische Gesch\u00e4fte, Caf\u00e9s und Restaurants schlendern. Und f\u00fcr eine Portion Kultur sollten Sie das Kunstmuseum Akureyri oder die beeindruckende Kirche Akureyrarkirkja besuchen.      <\/p>\n\n<p>Akureyri eignet sich auch hervorragend f\u00fcr Tagesausfl\u00fcge zu nahe gelegenen Attraktionen. Spa\u00dffakt: Das stadteigene Weihnachtshaus ist das ganze Jahr \u00fcber f\u00fcr Besucher ge\u00f6ffnet! <\/p>\n\n<h3 class=\"wp-block-heading\">Besuchen Sie Flatey Island<\/h3>\n\n<p>Die Insel Flatey im Westen Islands ist ein verstecktes Juwel, das vor allem im Sommer einen Besuch wert ist. Die Insel mit ihren malerischen kleinen H\u00e4usern, die vor \u00fcber hundert Jahren gebaut wurden, bietet einen Einblick in die reiche Geschichte und nat\u00fcrliche Sch\u00f6nheit Islands.   <\/p>\n\n<p>Sobald Sie die F\u00e4hre verlassen, die von Brjanslaekur aus etwa eine Stunde braucht, werden Sie statt von Autos von ein paar Schafen und H\u00fchnern begr\u00fc\u00dft. Aber keine Sorge, es gibt einen kleinen motorisierten Wagen, der die Besucher zu dem einzigen Hotel im Ort bringt. Andere Dinge, die es in Flatey nur in Einsen gibt: eine Kirche, ein Caf\u00e9, ein Gesch\u00e4ft, ein Campingplatz, ein Friedhof und angeblich ein einziger Hund. Flatey ist komplett vom Stromnetz getrennt und damit der perfekte Ort, um abzuschalten, zu entspannen und sich auf die einfachen Dinge des Lebens zu besinnen.     <\/p>\n\n<h3 class=\"wp-block-heading\">Schlafen unter den Sternen<\/h3>\n\n<p>In Island unter dem Sternenhimmel zu schlafen ist ein wirklich unvergessliches Erlebnis, das Sie sich nicht entgehen lassen d\u00fcrfen. <a href=\"https:\/\/www.rent.is\/de\/\">Ein Wohnmobil zu mieten<\/a> gibt Ihnen die Freiheit, das Land zu erkunden und seine versteckten Sch\u00e4tze auf eigene Faust zu entdecken. In den Westfjorden k\u00f6nnen Sie Ihr Wohnmobil entlang der zerkl\u00fcfteten K\u00fcste oder zwischen hoch aufragenden Klippen parken und beobachten, wie die unglaubliche Mitternachtssonne den Himmel in Rosa- und Goldt\u00f6nen erhellt.   <\/p>\n\n<p>In Nordisland k\u00f6nnen Sie sich in die weite Wildnis der Halbinsel Vatnsnes oder in die unber\u00fchrte Sch\u00f6nheit der Halbinsel Tr\u00f6llaskagi wagen, wo Sie Ihr Lager unter dem Sternenhimmel aufschlagen k\u00f6nnen. Wenn Sie Gl\u00fcck haben, werden Sie vielleicht sogar Zeuge des magischen Polarlichts!   <\/p>\n\n<figure class=\"wp-block-image is-resized\"><img decoding=\"async\" src=\"https:\/\/lh7-us.googleusercontent.com\/B0PNRFo5gcAPXY22Kn8DzCxCiGS6FEIC2lFtJzIJNngCtxziB826VWaiKA3_3b-aFfCTeEp5QWfnVqORAJzinRDyyRqcgFAUvN8XMV3ymLQpILWc_0P9DOA7Wdw5w6B7kW01gBEojIGaunFh-UJAfYo\" alt=\"die Stadt H&#xFA;sav&#xED;k Island\" style=\"width:839px;height:auto\"\/><\/figure>\n\n<p><\/p>\n\n<h2 class=\"wp-block-heading\">Reisekosten f\u00fcr Island im Sommer  <\/h2>\n\n<p>Wenn Sie eine Reise planen, k\u00f6nnen Sie davon ausgehen, dass die durchschnittlichen <a href=\"https:\/\/www.rent.is\/blog\/iceland-trip-cost\/\">Kosten f\u00fcr eine Islandreise<\/a>in etwa wie folgt aussehen  <\/p>\n\n<p><strong>Unterkunft: <\/strong>Ein Budget-Reisender wird wahrscheinlich 100 bis 150 USD pro Nacht ausgeben. Die Mittelklasse liegt bei bis zu 300 USD. Und es gibt auch Luxusunterk\u00fcnfte, die \u00fcber 300 USD kosten.    <\/p>\n\n<p><strong>Essen: <\/strong>Wenn Sie Ihre eigenen Mahlzeiten kochen, m\u00fcssen Sie mit Ausgaben zwischen 30 und 50 USD pro Tag rechnen. Ausw\u00e4rts essen w\u00fcrde 50 bis 100 USD kosten &#8211; aber es gibt auch M\u00f6glichkeiten, teuer zu essen.   <\/p>\n\n<p><strong>Transport: <\/strong>F\u00fcr einen Mietwagen m\u00fcssen Sie mit etwa 50 USD pro Tag rechnen (plus Benzin). Der Bus ist eine kosteng\u00fcnstigere Option, kann aber nat\u00fcrlich weniger flexibel sein. <\/p>\n\n<h2 class=\"wp-block-heading\">Bereit f\u00fcr eine Tour durch Island?<\/h2>\n\n<p><\/p>\n\n<h2 class=\"wp-block-heading\"><img loading=\"lazy\" decoding=\"async\" width=\"624\" height=\"587\" src=\"https:\/\/lh7-us.googleusercontent.com\/Acu-NDzmLAblPHWQRNtKOnryxwY57naaKZlh2gOdeR4E42IBPsE2H8aKHOi68Ar85zhHnLqpM4qArSjMHW5RdVkRqb_NFKkEbhTeB0KEDF1z0RaB33i0i2hCg55meZIZjaw5IlyHx4EsmqHhq5BzERw\"\/> <\/h2>\n\n<p>Und das war&#8217;s dann auch schon! Ich hoffe, dieser Blog war hilfreich und Sie wissen jetzt besser, welche atemberaubenden Sch\u00e4tze Island f\u00fcr Sie bereith\u00e4lt.   <\/p>\n\n<p>Bleiben Sie wild!  <\/p>\n\n<p><\/p>\n","protected":false},"excerpt":{"rendered":"<p>Der Sommer verwandelt Island auf die sch\u00f6nste Weise. Die Schneedecke lichtet sich und Sie k\u00f6nnen die Sch\u00f6nheit der Region in ihrer wahren Form sehen! W\u00e4hrend meiner Reise habe ich besonders die smaragdgr\u00fcnen T\u00e4ler und die Wasserf\u00e4lle in Island geliebt. Es w\u00e4re keine \u00dcbertreibung, wenn ich sagen w\u00fcrde, dass ich ein St\u00fcck meines Herzens in den [&hellip;]<\/p>\n","protected":false},"author":14,"featured_media":56946,"comment_status":"closed","ping_status":"closed","sticky":false,"template":"","format":"standard","meta":{"_acf_changed":false,"footnotes":""},"categories":[722],"tags":[],"class_list":["post-67333","post","type-post","status-publish","format-standard","has-post-thumbnail","hentry","category-blog"],"acf":[],"yoast_head":"<!-- This site is optimized with the Yoast SEO plugin v26.4 - https:\/\/yoast.com\/wordpress\/plugins\/seo\/ -->\n<title>Island im Sommer: Reisef\u00fchrer f\u00fcr Unternehmungen und Sehensw\u00fcrdigkeiten | Rent.is<\/title>\n<meta name=\"description\" content=\"Genie\u00dfen Sie Island im Sommer mit endlosem Tageslicht, atemberaubenden Landschaften und Aktivit\u00e4ten im Freien. Entdecken Sie die w\u00e4rmste Jahreszeit in Island. \u2713 Entdecken Sie mehr!\" \/>\n<meta name=\"robots\" content=\"index, follow, max-snippet:-1, max-image-preview:large, max-video-preview:-1\" \/>\n<link rel=\"canonical\" href=\"https:\/\/www.rent.is\/de\/blog\/island-im-sommer-ein-saisonaler-leitfaden\/\" \/>\n<meta property=\"og:locale\" content=\"de_DE\" \/>\n<meta property=\"og:type\" content=\"article\" \/>\n<meta property=\"og:title\" content=\"Island im Sommer: Reisef\u00fchrer f\u00fcr Unternehmungen und Sehensw\u00fcrdigkeiten | Rent.is\" \/>\n<meta property=\"og:description\" content=\"Genie\u00dfen Sie Island im Sommer mit endlosem Tageslicht, atemberaubenden Landschaften und Aktivit\u00e4ten im Freien. Entdecken Sie die w\u00e4rmste Jahreszeit in Island. \u2713 Entdecken Sie mehr!\" \/>\n<meta property=\"og:url\" content=\"https:\/\/www.rent.is\/de\/blog\/island-im-sommer-ein-saisonaler-leitfaden\/\" \/>\n<meta property=\"og:site_name\" content=\"Rent.is\" \/>\n<meta property=\"article:publisher\" content=\"https:\/\/www.facebook.com\/campervansIceland\/\" \/>\n<meta property=\"article:published_time\" content=\"2021-06-10T10:41:00+00:00\" \/>\n<meta property=\"article:modified_time\" content=\"2025-05-16T15:16:01+00:00\" \/>\n<meta property=\"og:image\" content=\"https:\/\/www.rent.is\/wp-content\/uploads\/2023\/12\/Morning-in-Asbyrgi.jpg\" \/>\n\t<meta property=\"og:image:width\" content=\"1440\" \/>\n\t<meta property=\"og:image:height\" content=\"1080\" \/>\n\t<meta property=\"og:image:type\" content=\"image\/jpeg\" \/>\n<meta name=\"author\" content=\"Hlynur Gylfason\" \/>\n<meta name=\"twitter:card\" content=\"summary_large_image\" \/>\n<meta name=\"twitter:creator\" content=\"@CampersIceland\" \/>\n<meta name=\"twitter:site\" content=\"@CampersIceland\" \/>\n<meta name=\"twitter:label1\" content=\"Verfasst von\" \/>\n\t<meta name=\"twitter:data1\" content=\"Hlynur Gylfason\" \/>\n\t<meta name=\"twitter:label2\" content=\"Gesch\u00e4tzte Lesezeit\" \/>\n\t<meta name=\"twitter:data2\" content=\"12\u00a0Minuten\" \/>\n<script type=\"application\/ld+json\" class=\"yoast-schema-graph\">{\"@context\":\"https:\/\/schema.org\",\"@graph\":[{\"@type\":[\"Article\",\"BlogPosting\"],\"@id\":\"https:\/\/www.rent.is\/de\/blog\/island-im-sommer-ein-saisonaler-leitfaden\/#article\",\"isPartOf\":{\"@id\":\"https:\/\/www.rent.is\/de\/blog\/island-im-sommer-ein-saisonaler-leitfaden\/\"},\"author\":{\"name\":\"Hlynur Gylfason\",\"@id\":\"https:\/\/www.rent.is\/de\/#\/schema\/person\/33cfd2d1c5d8c2a7c986badcfa44ceaa\"},\"headline\":\"Island im Sommer: Ein saisonaler Leitfaden\",\"datePublished\":\"2021-06-10T10:41:00+00:00\",\"dateModified\":\"2025-05-16T15:16:01+00:00\",\"mainEntityOfPage\":{\"@id\":\"https:\/\/www.rent.is\/de\/blog\/island-im-sommer-ein-saisonaler-leitfaden\/\"},\"wordCount\":2337,\"publisher\":{\"@id\":\"https:\/\/www.rent.is\/de\/#organization\"},\"image\":{\"@id\":\"https:\/\/www.rent.is\/de\/blog\/island-im-sommer-ein-saisonaler-leitfaden\/#primaryimage\"},\"thumbnailUrl\":\"https:\/\/www.rent.is\/wp-content\/uploads\/2023\/12\/Morning-in-Asbyrgi.jpg\",\"articleSection\":[\"Blog\"],\"inLanguage\":\"de\"},{\"@type\":\"WebPage\",\"@id\":\"https:\/\/www.rent.is\/de\/blog\/island-im-sommer-ein-saisonaler-leitfaden\/\",\"url\":\"https:\/\/www.rent.is\/de\/blog\/island-im-sommer-ein-saisonaler-leitfaden\/\",\"name\":\"Island im Sommer: Reisef\u00fchrer f\u00fcr Unternehmungen und Sehensw\u00fcrdigkeiten | Rent.is\",\"isPartOf\":{\"@id\":\"https:\/\/www.rent.is\/de\/#website\"},\"primaryImageOfPage\":{\"@id\":\"https:\/\/www.rent.is\/de\/blog\/island-im-sommer-ein-saisonaler-leitfaden\/#primaryimage\"},\"image\":{\"@id\":\"https:\/\/www.rent.is\/de\/blog\/island-im-sommer-ein-saisonaler-leitfaden\/#primaryimage\"},\"thumbnailUrl\":\"https:\/\/www.rent.is\/wp-content\/uploads\/2023\/12\/Morning-in-Asbyrgi.jpg\",\"datePublished\":\"2021-06-10T10:41:00+00:00\",\"dateModified\":\"2025-05-16T15:16:01+00:00\",\"description\":\"Genie\u00dfen Sie Island im Sommer mit endlosem Tageslicht, atemberaubenden Landschaften und Aktivit\u00e4ten im Freien. Entdecken Sie die w\u00e4rmste Jahreszeit in Island. \u2713 Entdecken Sie mehr!\",\"inLanguage\":\"de\",\"potentialAction\":[{\"@type\":\"ReadAction\",\"target\":[\"https:\/\/www.rent.is\/de\/blog\/island-im-sommer-ein-saisonaler-leitfaden\/\"]}]},{\"@type\":\"ImageObject\",\"inLanguage\":\"de\",\"@id\":\"https:\/\/www.rent.is\/de\/blog\/island-im-sommer-ein-saisonaler-leitfaden\/#primaryimage\",\"url\":\"https:\/\/www.rent.is\/wp-content\/uploads\/2023\/12\/Morning-in-Asbyrgi.jpg\",\"contentUrl\":\"https:\/\/www.rent.is\/wp-content\/uploads\/2023\/12\/Morning-in-Asbyrgi.jpg\",\"width\":1440,\"height\":1080,\"caption\":\"Morning in \u00c1sbyrgi\"},{\"@type\":\"WebSite\",\"@id\":\"https:\/\/www.rent.is\/de\/#website\",\"url\":\"https:\/\/www.rent.is\/de\/\",\"name\":\"Rent.is\",\"description\":\"Camper Van Iceland - Rent a camper, RV, or Motorhome\",\"publisher\":{\"@id\":\"https:\/\/www.rent.is\/de\/#organization\"},\"alternateName\":\"Rent\",\"potentialAction\":[{\"@type\":\"SearchAction\",\"target\":{\"@type\":\"EntryPoint\",\"urlTemplate\":\"https:\/\/www.rent.is\/de\/?s={search_term_string}\"},\"query-input\":{\"@type\":\"PropertyValueSpecification\",\"valueRequired\":true,\"valueName\":\"search_term_string\"}}],\"inLanguage\":\"de\"},{\"@type\":\"Organization\",\"@id\":\"https:\/\/www.rent.is\/de\/#organization\",\"name\":\"Rent\",\"alternateName\":\"Rent Campervan Iceland\",\"url\":\"https:\/\/www.rent.is\/de\/\",\"logo\":{\"@type\":\"ImageObject\",\"inLanguage\":\"de\",\"@id\":\"https:\/\/www.rent.is\/de\/#\/schema\/logo\/image\/\",\"url\":\"https:\/\/www.rent.is\/wp-content\/uploads\/2023\/06\/Rent-logo__blue.svg\",\"contentUrl\":\"https:\/\/www.rent.is\/wp-content\/uploads\/2023\/06\/Rent-logo__blue.svg\",\"caption\":\"Rent\"},\"image\":{\"@id\":\"https:\/\/www.rent.is\/de\/#\/schema\/logo\/image\/\"},\"sameAs\":[\"https:\/\/www.facebook.com\/campervansIceland\/\",\"https:\/\/x.com\/CampersIceland\"]},{\"@type\":\"Person\",\"@id\":\"https:\/\/www.rent.is\/de\/#\/schema\/person\/33cfd2d1c5d8c2a7c986badcfa44ceaa\",\"name\":\"Hlynur Gylfason\",\"image\":{\"@type\":\"ImageObject\",\"inLanguage\":\"de\",\"@id\":\"https:\/\/www.rent.is\/de\/#\/schema\/person\/image\/\",\"url\":\"https:\/\/www.rent.is\/wp-content\/uploads\/2024\/10\/hlynur-gylfason_avatar-96x96.jpg\",\"contentUrl\":\"https:\/\/www.rent.is\/wp-content\/uploads\/2024\/10\/hlynur-gylfason_avatar-96x96.jpg\",\"caption\":\"Hlynur Gylfason\"},\"description\":\"Hlynur, CEO of Rent, hails from Reykjavik. An avid enduro enthusiast, he has competed internationally and is passionate about the sport. He also has a deep love for Iceland\u2019s natural beauty and believes nothing beats a good fishing trip in the Icelandic countryside.\",\"url\":\"https:\/\/www.rent.is\/de\/author\/hlynur\/\"}]}<\/script>\n<!-- \/ Yoast SEO plugin. -->","yoast_head_json":{"title":"Island im Sommer: Reisef\u00fchrer f\u00fcr Unternehmungen und Sehensw\u00fcrdigkeiten | Rent.is","description":"Genie\u00dfen Sie Island im Sommer mit endlosem Tageslicht, atemberaubenden Landschaften und Aktivit\u00e4ten im Freien. Entdecken Sie die w\u00e4rmste Jahreszeit in Island. \u2713 Entdecken Sie mehr!","robots":{"index":"index","follow":"follow","max-snippet":"max-snippet:-1","max-image-preview":"max-image-preview:large","max-video-preview":"max-video-preview:-1"},"canonical":"https:\/\/www.rent.is\/de\/blog\/island-im-sommer-ein-saisonaler-leitfaden\/","og_locale":"de_DE","og_type":"article","og_title":"Island im Sommer: Reisef\u00fchrer f\u00fcr Unternehmungen und Sehensw\u00fcrdigkeiten | Rent.is","og_description":"Genie\u00dfen Sie Island im Sommer mit endlosem Tageslicht, atemberaubenden Landschaften und Aktivit\u00e4ten im Freien. Entdecken Sie die w\u00e4rmste Jahreszeit in Island. \u2713 Entdecken Sie mehr!","og_url":"https:\/\/www.rent.is\/de\/blog\/island-im-sommer-ein-saisonaler-leitfaden\/","og_site_name":"Rent.is","article_publisher":"https:\/\/www.facebook.com\/campervansIceland\/","article_published_time":"2021-06-10T10:41:00+00:00","article_modified_time":"2025-05-16T15:16:01+00:00","og_image":[{"width":1440,"height":1080,"url":"https:\/\/www.rent.is\/wp-content\/uploads\/2023\/12\/Morning-in-Asbyrgi.jpg","type":"image\/jpeg"}],"author":"Hlynur Gylfason","twitter_card":"summary_large_image","twitter_creator":"@CampersIceland","twitter_site":"@CampersIceland","twitter_misc":{"Verfasst von":"Hlynur Gylfason","Gesch\u00e4tzte Lesezeit":"12\u00a0Minuten"},"schema":{"@context":"https:\/\/schema.org","@graph":[{"@type":["Article","BlogPosting"],"@id":"https:\/\/www.rent.is\/de\/blog\/island-im-sommer-ein-saisonaler-leitfaden\/#article","isPartOf":{"@id":"https:\/\/www.rent.is\/de\/blog\/island-im-sommer-ein-saisonaler-leitfaden\/"},"author":{"name":"Hlynur Gylfason","@id":"https:\/\/www.rent.is\/de\/#\/schema\/person\/33cfd2d1c5d8c2a7c986badcfa44ceaa"},"headline":"Island im Sommer: Ein saisonaler Leitfaden","datePublished":"2021-06-10T10:41:00+00:00","dateModified":"2025-05-16T15:16:01+00:00","mainEntityOfPage":{"@id":"https:\/\/www.rent.is\/de\/blog\/island-im-sommer-ein-saisonaler-leitfaden\/"},"wordCount":2337,"publisher":{"@id":"https:\/\/www.rent.is\/de\/#organization"},"image":{"@id":"https:\/\/www.rent.is\/de\/blog\/island-im-sommer-ein-saisonaler-leitfaden\/#primaryimage"},"thumbnailUrl":"https:\/\/www.rent.is\/wp-content\/uploads\/2023\/12\/Morning-in-Asbyrgi.jpg","articleSection":["Blog"],"inLanguage":"de"},{"@type":"WebPage","@id":"https:\/\/www.rent.is\/de\/blog\/island-im-sommer-ein-saisonaler-leitfaden\/","url":"https:\/\/www.rent.is\/de\/blog\/island-im-sommer-ein-saisonaler-leitfaden\/","name":"Island im Sommer: Reisef\u00fchrer f\u00fcr Unternehmungen und Sehensw\u00fcrdigkeiten | Rent.is","isPartOf":{"@id":"https:\/\/www.rent.is\/de\/#website"},"primaryImageOfPage":{"@id":"https:\/\/www.rent.is\/de\/blog\/island-im-sommer-ein-saisonaler-leitfaden\/#primaryimage"},"image":{"@id":"https:\/\/www.rent.is\/de\/blog\/island-im-sommer-ein-saisonaler-leitfaden\/#primaryimage"},"thumbnailUrl":"https:\/\/www.rent.is\/wp-content\/uploads\/2023\/12\/Morning-in-Asbyrgi.jpg","datePublished":"2021-06-10T10:41:00+00:00","dateModified":"2025-05-16T15:16:01+00:00","description":"Genie\u00dfen Sie Island im Sommer mit endlosem Tageslicht, atemberaubenden Landschaften und Aktivit\u00e4ten im Freien. Entdecken Sie die w\u00e4rmste Jahreszeit in Island. \u2713 Entdecken Sie mehr!","inLanguage":"de","potentialAction":[{"@type":"ReadAction","target":["https:\/\/www.rent.is\/de\/blog\/island-im-sommer-ein-saisonaler-leitfaden\/"]}]},{"@type":"ImageObject","inLanguage":"de","@id":"https:\/\/www.rent.is\/de\/blog\/island-im-sommer-ein-saisonaler-leitfaden\/#primaryimage","url":"https:\/\/www.rent.is\/wp-content\/uploads\/2023\/12\/Morning-in-Asbyrgi.jpg","contentUrl":"https:\/\/www.rent.is\/wp-content\/uploads\/2023\/12\/Morning-in-Asbyrgi.jpg","width":1440,"height":1080,"caption":"Morning in \u00c1sbyrgi"},{"@type":"WebSite","@id":"https:\/\/www.rent.is\/de\/#website","url":"https:\/\/www.rent.is\/de\/","name":"Rent.is","description":"Camper Van Iceland - Rent a camper, RV, or Motorhome","publisher":{"@id":"https:\/\/www.rent.is\/de\/#organization"},"alternateName":"Rent","potentialAction":[{"@type":"SearchAction","target":{"@type":"EntryPoint","urlTemplate":"https:\/\/www.rent.is\/de\/?s={search_term_string}"},"query-input":{"@type":"PropertyValueSpecification","valueRequired":true,"valueName":"search_term_string"}}],"inLanguage":"de"},{"@type":"Organization","@id":"https:\/\/www.rent.is\/de\/#organization","name":"Rent","alternateName":"Rent Campervan Iceland","url":"https:\/\/www.rent.is\/de\/","logo":{"@type":"ImageObject","inLanguage":"de","@id":"https:\/\/www.rent.is\/de\/#\/schema\/logo\/image\/","url":"https:\/\/www.rent.is\/wp-content\/uploads\/2023\/06\/Rent-logo__blue.svg","contentUrl":"https:\/\/www.rent.is\/wp-content\/uploads\/2023\/06\/Rent-logo__blue.svg","caption":"Rent"},"image":{"@id":"https:\/\/www.rent.is\/de\/#\/schema\/logo\/image\/"},"sameAs":["https:\/\/www.facebook.com\/campervansIceland\/","https:\/\/x.com\/CampersIceland"]},{"@type":"Person","@id":"https:\/\/www.rent.is\/de\/#\/schema\/person\/33cfd2d1c5d8c2a7c986badcfa44ceaa","name":"Hlynur Gylfason","image":{"@type":"ImageObject","inLanguage":"de","@id":"https:\/\/www.rent.is\/de\/#\/schema\/person\/image\/","url":"https:\/\/www.rent.is\/wp-content\/uploads\/2024\/10\/hlynur-gylfason_avatar-96x96.jpg","contentUrl":"https:\/\/www.rent.is\/wp-content\/uploads\/2024\/10\/hlynur-gylfason_avatar-96x96.jpg","caption":"Hlynur Gylfason"},"description":"Hlynur, CEO of Rent, hails from Reykjavik. An avid enduro enthusiast, he has competed internationally and is passionate about the sport. He also has a deep love for Iceland\u2019s natural beauty and believes nothing beats a good fishing trip in the Icelandic countryside.","url":"https:\/\/www.rent.is\/de\/author\/hlynur\/"}]}},"_links":{"self":[{"href":"https:\/\/www.rent.is\/de\/wp-json\/wp\/v2\/posts\/67333","targetHints":{"allow":["GET"]}}],"collection":[{"href":"https:\/\/www.rent.is\/de\/wp-json\/wp\/v2\/posts"}],"about":[{"href":"https:\/\/www.rent.is\/de\/wp-json\/wp\/v2\/types\/post"}],"author":[{"embeddable":true,"href":"https:\/\/www.rent.is\/de\/wp-json\/wp\/v2\/users\/14"}],"replies":[{"embeddable":true,"href":"https:\/\/www.rent.is\/de\/wp-json\/wp\/v2\/comments?post=67333"}],"version-history":[{"count":0,"href":"https:\/\/www.rent.is\/de\/wp-json\/wp\/v2\/posts\/67333\/revisions"}],"wp:featuredmedia":[{"embeddable":true,"href":"https:\/\/www.rent.is\/de\/wp-json\/wp\/v2\/media\/56946"}],"wp:attachment":[{"href":"https:\/\/www.rent.is\/de\/wp-json\/wp\/v2\/media?parent=67333"}],"wp:term":[{"taxonomy":"category","embeddable":true,"href":"https:\/\/www.rent.is\/de\/wp-json\/wp\/v2\/categories?post=67333"},{"taxonomy":"post_tag","embeddable":true,"href":"https:\/\/www.rent.is\/de\/wp-json\/wp\/v2\/tags?post=67333"}],"curies":[{"name":"wp","href":"https:\/\/api.w.org\/{rel}","templated":true}]}}