{"id":67327,"date":"2021-07-09T00:00:00","date_gmt":"2021-07-09T00:00:00","guid":{"rendered":"https:\/\/www.rent.is\/unkategorisiert\/schoene-islaendische-kirchen-geschichte-und-informationen\/"},"modified":"2021-07-09T00:00:00","modified_gmt":"2021-07-09T00:00:00","slug":"schoene-islaendische-kirchen-geschichte-und-informationen","status":"publish","type":"post","link":"https:\/\/www.rent.is\/de\/blog\/schoene-islaendische-kirchen-geschichte-und-informationen\/","title":{"rendered":"Sch\u00f6ne isl\u00e4ndische Kirchen: Geschichte und Informationen"},"content":{"rendered":"<p><span style=\"font-weight: 400;\">In Island finden Sie mehr als 350 Kirchen auf der ganzen Insel. Bei einer Bev\u00f6lkerung von rund 360.000 Menschen im Jahr 2020 ist das keine geringe Zahl.<br \/>\n<\/span><\/p>\n<p><span style=\"font-weight: 400;\">Wenn Isl\u00e4nder geboren werden, werden sie meist als Christen in der lutherischen Kirche von Island registriert. Im Alter von 14 Jahren werden sie konfirmiert (auf Isl\u00e4ndisch &#8220;Ferming&#8221;) und gehen somit &#8220;ins Erwachsenenalter&#8221;.   <\/span><span style=\"font-weight: 400;\">Ob Sie dieser Religion angeh\u00f6ren<\/span> <span style=\"font-weight: 400;\">Religion<\/span> <span style=\"font-weight: 400;\">oder nicht, diese <\/span><span style=\"font-weight: 400;\">Geb\u00e4ude<\/span> <span style=\"font-weight: 400;\">sind immer noch<\/span> <span style=\"font-weight: 400;\">sch\u00f6n<\/span> <span style=\"font-weight: 400;\">anzuschauen.<\/span><\/p>\n<p><span style=\"font-weight: 400;\">In<\/span> <span style=\"font-weight: 400;\">Island, Kirchen<\/span> <span style=\"font-weight: 400;\">sind \u00fcberall zu finden<\/span><\/p>\n<p><span style=\"font-weight: 400;\"> <\/span><\/p>\n<p><span style=\"font-weight: 400;\">  &#8211; in allen St\u00e4dten, Ortschaften und sogar an den zuf\u00e4lligsten Orten im Nirgendwo&#8230;<\/span><\/p>\n<p><span style=\"font-weight: 400;\"><img loading=\"lazy\" decoding=\"async\" class=\"alignnone size-full wp-image-72960\" src=\"https:\/\/www.rent.is\/wp-content\/uploads\/2023\/07\/rent.is-pic-1-e1608240213271.png\" alt=\"\" width=\"356\" height=\"512\"><\/span><\/p>\n<p><span style=\"font-weight: 400;\">Die Geschichte des Christentums in Island geht auf die ersten irischen Einsiedler im fr\u00fchen Mittelalter zur\u00fcck, etwa 100 Jahre bevor die Nordm\u00e4nner auf die Insel kamen. Die Annahme des Christentums war ein Kompromiss zwischen den heidnischen und christlichen F\u00fchrern. &#8220;Kirkja&#8221; ist das Wort f\u00fcr Kirche auf Isl\u00e4ndisch. Und obwohl die meisten Isl\u00e4nder nicht regelm\u00e4\u00dfig an Gottesdiensten teilnehmen, zollen sie ihrer Rolle in der isl\u00e4ndischen Geschichte gro\u00dfen Respekt und sch\u00e4tzen die Sch\u00f6nheit und Instandhaltung der Kirche.   <\/span><\/p>\n<p><span style=\"font-weight: 400;\">Um die Chance zu haben, einige der isl\u00e4ndischen Kirchen von innen zu sehen, m\u00fcssen Sie die \u00d6ffnungszeiten vor Ort pr\u00fcfen.  <\/span><\/p>\n<p><span style=\"font-weight: 400;\">Eine der \u00e4ltesten Kirchen Islands befindet sich in <\/span><a href=\"https:\/\/en.wikipedia.org\/wiki\/%C3%9Eingvellir\"><span style=\"font-weight: 400;\">\u00deingvellir<\/span><\/a><span style=\"font-weight: 400;\">  Nationalpark, einer der meistbesuchten Orte in Island. Sie wurde 1859 erbaut und enth\u00e4lt die Glocken der urspr\u00fcnglichen, 1015 von K\u00f6nig Olaf II. von Norwegen erbauten Holzkirche. <\/span><br \/>\n<img loading=\"lazy\" decoding=\"async\" class=\"alignnone wp-image-72961 size-full\" src=\"https:\/\/www.rent.is\/wp-content\/uploads\/2023\/07\/rent.is-image-2-e1608240334999.png\" alt=\"Kirchen befindet sich in \u00deingvellir\" width=\"512\" height=\"240\"><\/p>\n<p><span style=\"font-weight: 400;\">Foto: Reykjavik Ausflugsblog &#8211; \u00deingvellir<\/span><\/p>\n<p><span style=\"font-weight: 400;\">Eine beliebte fotografierte Kirche ist die &#8220;B\u00fa\u00f0akirkja&#8221;, die schwarze Kirche von B\u00fa\u00f0ir auf der Halbinsel Sn\u00e6fellsnes. Die Gegend rund um B\u00fa\u00f0akirkja ist unglaublich malerisch, da sie von Lavafeldern, dem Strand und isl\u00e4ndischem gr\u00fcnen Gras und Moos umgeben ist. B\u00fa\u00f0ir war fr\u00fcher ein reiches Fischerdorf und seit 1703 ein Handelsplatz.  <\/span><img loading=\"lazy\" decoding=\"async\" class=\"size-full wp-image-72962 alignleft\" src=\"https:\/\/www.rent.is\/wp-content\/uploads\/2023\/07\/rent.is-image-3.png\" alt=\"Isl\u00e4ndische Kirchen 2\" width=\"512\" height=\"384\"><\/p>\n<p><span style=\"font-weight: 400;\">Weiter \u00f6stlich, in Sey\u00f0isfj\u00f6r\u00f0ur<\/span> <span style=\"font-weight: 400;\">k\u00f6nnen Sie einen der <\/span><span style=\"font-weight: 400;\">die<\/span><span style=\"font-weight: 400;\"> Insel<\/span><span style=\"font-weight: 400;\"> sch\u00f6nsten <\/span><span style=\"font-weight: 400;\">Kirchen.<\/span><span style=\"font-weight: 400;\">  Die blaue Kirche, oder wie die Isl\u00e4nder sagen &#8220;Bl\u00e1an Kirkjan&#8221; oder &#8220;Sey\u00f0isfjar\u00f0arkirkja&#8221;. Der Name ist selbsterkl\u00e4rend &#8211; siehe Foto unten. Zun\u00e4chst stand die Kirche auf einem H\u00fcgel oberhalb von Vestdalseyri, aber 1894 wurde sie von einem gewaltigen Sturm umgeweht und besch\u00e4digt. Die Kirche wurde wieder aufgebaut, aber sp\u00e4ter, 1920, wurde beschlossen, sie an ihren heutigen Standort zu verlegen. Im Jahr 1989 wurde die Kirche bei Renovierungsarbeiten durch ein Feuer besch\u00e4digt.      <\/span><span style=\"font-weight: 400;\">Die Natur<\/span> <span style=\"font-weight: 400;\">forderte ihren Tribut f\u00fcr diese<\/span> <span style=\"font-weight: 400;\">besonderen<\/span> <span style=\"font-weight: 400;\">religi\u00f6sen<\/span> <span style=\"font-weight: 400;\">Ort<\/span><span style=\"font-weight: 400;\">.<\/span><\/p>\n<p><span style=\"font-weight: 400;\">Die Blaue Kirche ist von Juni bis August f\u00fcr Besucher ge\u00f6ffnet. \u00dcberpr\u00fcfen Sie die \u00d6ffnungszeiten unter   <\/span><a href=\"http:\/\/www.visitseydisfjordur.com\/activity\/blaa-kirkjan\/\"><span style=\"font-weight: 400;\">www.visitseydisfjordur.com\/activity\/blaa-kirkjan\/<\/span><\/a><\/p>\n<p><img loading=\"lazy\" decoding=\"async\" class=\"alignnone wp-image-72963 size-full\" src=\"https:\/\/www.rent.is\/wp-content\/uploads\/2023\/07\/rent.is-image-4-e1608240593469.jpg\" alt=\"Sey\u00f0isfj\u00f6r\u00f0ur Kirche\" width=\"341\" height=\"512\"><\/p>\n<p><img loading=\"lazy\" decoding=\"async\" class=\"wp-image-72964 size-full alignleft\" src=\"https:\/\/www.rent.is\/wp-content\/uploads\/2023\/07\/rent.is-image-5-e1608240637791.png\" alt=\"im Inneren der Kirche von Sey\u00f0isfj\u00f6r\u00f0ur\" width=\"512\" height=\"342\"><\/p>\n<p><span style=\"font-weight: 400;\">Fotos: TripAdvisor<\/span><\/p>\n<p><span style=\"font-weight: 400;\">Die Kirche in V\u00edk ist vielleicht eine der ber\u00fchmtesten Kirchen in Island. Das Dorf V\u00edk (vollst\u00e4ndiger Name V\u00edk \u00ed M\u00fdrdal) ist die s\u00fcdlichste und sehr beliebte Stadt in Island, gleich um die Ecke von Reynisfjara, dem atemberaubenden Strand Blacksand. Aufgrund der N\u00e4he von V\u00edk zum Vulkan Katla, s\u00fcdlich des M\u00fdrdalsj\u00f6kull, ist die Bev\u00f6lkerung darauf trainiert, im Falle eines Ausbruchs zuerst zur Kirche zu eilen. Der Grund daf\u00fcr ist, dass sich die V\u00edkurkirkja auf dem h\u00f6chsten Punkt der Gegend befindet und man glaubt, dass sie auch das einzige Geb\u00e4ude ist, das die Lavaflut der Katla \u00fcberleben w\u00fcrde.   <\/span><\/p>\n<p><img loading=\"lazy\" decoding=\"async\" class=\"aligncenter wp-image-72965 size-full\" src=\"https:\/\/www.rent.is\/wp-content\/uploads\/2023\/07\/rent.is-image-6-e1608240753297.png\" alt=\"Kirche und Dorf in V\u00edk\" width=\"512\" height=\"341\">  Foto: MishMoments<\/p>\n<p><span style=\"font-weight: 400;\">Islands &#8220;Hauptstadt des Nordens&#8221; ist ohne Zweifel Akureyri. Und die &#8220;Akureyrarkirkja&#8221; ist das Wahrzeichen der Stadt und befindet sich im Zentrum. Sie wurde von dem ber\u00fchmten Architekten    <\/span><a href=\"https:\/\/en.wikipedia.org\/wiki\/Gu%C3%B0j%C3%B3n_Sam%C3%BAelsson\"><span style=\"font-weight: 400;\">Gu\u00f0j\u00f3n Sam\u00faelsson<\/span><\/a><span style=\"font-weight: 400;\">  (1887-1950) erbaut und 1940 fertiggestellt. Im Inneren der Kirche h\u00e4ngt ein Schiff von der Decke, das ein altes   <\/span><a href=\"https:\/\/en.wikipedia.org\/wiki\/Nordic_countries\"><span style=\"font-weight: 400;\">Nordische<\/span><\/a><span style=\"font-weight: 400;\">  Tradition, Opfergaben f\u00fcr den Schutz der Angeh\u00f6rigen auf See und zur Erinnerung an die auf See Verschollenen zu bringen. Die Kirche verf\u00fcgt auch \u00fcber eine gro\u00dfe Pfeifenorgel mit insgesamt 3.200 Pfeifen. \u00dcberpr\u00fcfen Sie die \u00d6ffnungszeiten unter    <\/span><a href=\"http:\/\/www.visitakureyri.is\/en\/see-and-do\/attractions\/akureyri-church\"><span style=\"font-weight: 400;\">www.visitakureyri.is\/en\/see-and-do\/attractions\/akureyri-church<\/span><\/a><\/p>\n<p><img loading=\"lazy\" decoding=\"async\" class=\"alignleft wp-image-72966 size-full\" src=\"https:\/\/www.rent.is\/wp-content\/uploads\/2023\/07\/rent.is-image-7-e1608241056764.png\" alt=\"Kirche von Akureyri\" width=\"512\" height=\"350\"><\/p>\n<p><span style=\"font-weight: 400;\">Foto: visitakureyri.is<\/span><\/p>\n<p><span style=\"font-weight: 400;\">Die Stafkirkjan in Heimaey war ein Geschenk Norwegens an Island im Zusammenhang mit dem tausendj\u00e4hrigen Jubil\u00e4um der Bekehrung Islands zum Christentum durch Olav Tryggvasson im Jahr 1000. Sie ist eine Nachbildung der Haltdalen Stabkirche in Norwegen und liegt im Hafen von Heimaey an der   <\/span><a href=\"https:\/\/en.wikipedia.org\/wiki\/Vestmannaeyjar\"><span style=\"font-weight: 400;\">Vestmannaeyjar<\/span><\/a><span style=\"font-weight: 400;\">  (Westmen-Inseln), ein Gebiet, das durch die Lava des 1973 ausgebrochenen Vulkans Eldfell entstanden ist. Nach dem Vorbild anderer Stabkirchen wurde eine Galerie an der Au\u00dfenseite des Geb\u00e4udes angebracht, um das Geb\u00e4ude gegen das st\u00fcrmische Wetter der Vestmannaeyjar zu sch\u00fctzen. <\/span><img loading=\"lazy\" decoding=\"async\" class=\"alignleft wp-image-72967 size-full\" src=\"https:\/\/www.rent.is\/wp-content\/uploads\/2023\/07\/image10-e1608241137967.jpg\" alt=\"Stafkirkjan eine Nachbildung der Haltdalen Stabkirche in Norwegen\" width=\"970\" height=\"647\"><\/p>\n<p><span style=\"font-weight: 400;\">Stafkirkjan Heimaey, Foto: mbl.is<\/span><\/p>\n<p><img loading=\"lazy\" decoding=\"async\" class=\"alignleft wp-image-72968 size-full\" src=\"https:\/\/www.rent.is\/wp-content\/uploads\/2023\/07\/image1-e1608241402489.jpg\" alt=\"Haltdalen Stavkirke\" width=\"587\" height=\"587\"><\/p>\n<p><span style=\"font-weight: 400;\">Haltdalen Stavkirke, Foto: visitnorway.no<\/span><\/p>\n<p><span style=\"font-weight: 400;\">Kirchen in Skagafj\u00f6r\u00f0ur<br \/>\n<\/span><\/p>\n<p><span style=\"font-weight: 400;\">Die V\u00ed\u00f0im\u00fdrarkirkja ist eine der wenigen Torfkirchen Islands und immer noch in Gebrauch. Die Kirche wurde 1834 von dem Politiker und Mitglied der Althingi, J\u00f3n Samsonarsson, erbaut. Die Au\u00dfenseiten und das Dach sind mit Torf bedeckt, die Vorder- und R\u00fcckseite haben Holzfassaden. Die V\u00ed\u00f0im\u00fdrarkirkja ist f\u00fcr Besucher t\u00e4glich von 9 bis 18 Uhr ge\u00f6ffnet, ab 1   <\/span><span style=\"font-weight: 400;\">st<\/span><span style=\"font-weight: 400;\"> von Juni bis 31.<\/span><span style=\"font-weight: 400;\">st<\/span><span style=\"font-weight: 400;\">  im August. Nach Absprache mit den Verwaltern, Einar \u00d6rn Einarsson, Tel. 849 5674 oder 453 5095, und Sigr\u00ed\u00f0ur Stef\u00e1nsd\u00f3ttir, Tel. 899 2053, kann er aber auch zu anderen Zeiten ge\u00f6ffnet werden.<br \/>\n<img loading=\"lazy\" decoding=\"async\" class=\"alignleft wp-image-72969 size-large\" src=\"https:\/\/www.rent.is\/wp-content\/uploads\/2023\/07\/image4-e1608241516284.jpg\" alt=\"Die \u00e4lteste Torfkirche in Island, Grafarkirkja.\" width=\"1024\" height=\"681\"><\/span><\/p>\n<p><span style=\"font-weight: 400;\">Foto: Regina Hr\u00f6nn, Reisef\u00fchrer f\u00fcr Island<\/span><\/p>\n<p><span style=\"font-weight: 400;\">Die \u00e4lteste Torfkirche in Island ist <\/span><span style=\"font-weight: 400;\">Die<\/span><span style=\"font-weight: 400;\"> Grafarkirkja, gelegen in H\u00f6f\u00f0astr\u00f6nd, dem \u00f6stlichen Teil von Skagafj\u00f6r\u00f0ur <\/span><span style=\"font-weight: 400;\">ist die<\/span> <span style=\"font-weight: 400;\">\u00e4lteste Kirche in Island<\/span> <span style=\"font-weight: 400;\">mit Torf<\/span><span style=\"font-weight: 400;\">. Der Infinity-Swimmingpool von Hofs\u00f3s mit einer atemberaubenden Aussicht liegt ganz in der N\u00e4he. Der \u00e4lteste Bericht \u00fcber Grafarkirkja stammt aus der Zeit um 1240 und ist in der Sturlunga Saga zu finden, einer Sammlung isl\u00e4ndischer Sagas aus dem 12. und 13. Wahrscheinlich waren die meisten Torfkirchen in Island in alten Zeiten \u00e4hnlich wie Grafarkirkja. Ein Blick auf diese Kirche ist wie ein Blick zur\u00fcck in die Vergangenheit. Aufgrund des zunehmenden Verkehrsaufkommens ist die Kirche f\u00fcr Besucher geschlossen worden. Die aus Holz und Torf errichtete Kirche kann zu viel Verkehr nicht verkraften und muss so gut wie m\u00f6glich erhalten werden. F\u00fcr den Blick von au\u00dfen:        <\/span><i><span style=\"font-weight: 400;\">GPS: <\/span><\/i><a href=\"https:\/\/www.google.com\/maps\/place\/65%C2%B052%2710.7%22N+19%C2%B022%2705.9%22W\/@65.8696389,-19.4033245,13z\/data=!4m5!3m4!1s0x0:0x0!8m2!3d65.8696389!4d-19.3683056\"><i><span style=\"font-weight: 400;\">65\u00b052&#8217;10.7 &#8220;N 19\u00b022&#8217;05.9 &#8220;W<\/span><\/i><\/a><\/p>\n<p><img loading=\"lazy\" decoding=\"async\" class=\"alignleft wp-image-72970 size-full\" src=\"https:\/\/www.rent.is\/wp-content\/uploads\/2023\/07\/unnamed-e1608241582310.jpg\" alt=\"alte Kirche\" width=\"512\" height=\"384\"><\/p>\n<p>Foto: trover.com<\/p>\n<p>\u00c1rb\u00e6jarkirkja wurde urspr\u00fcnglich in Skagafj\u00f6r\u00f0ur erbaut, wurde aber nach \u00c1rb\u00e6jarsafn, dem Freilichtmuseum in Reykjav\u00edk, verlegt. Die Kirche wurde 1960 in ihrer urspr\u00fcnglichen Form restauriert und in das Museum integriert. F\u00fcr weitere Informationen: <a href=\"http:\/\/www.reykjavikcitymuseum.is\/arbaer-open-air-museum\">www.reykjavikcitymuseum.is\/arbaer-open-air-museum<\/a> oder <a href=\"http:\/\/www.borgarsogusafn.is\/arbaejarsafn\">www.borgarsogusafn.is\/arbaejarsafn<\/a>  <\/p>\n<p><img loading=\"lazy\" decoding=\"async\" class=\"alignleft wp-image-72973 size-full\" src=\"https:\/\/www.rent.is\/wp-content\/uploads\/2023\/07\/image6-e1608241773587.jpg\" alt=\"\u00c1rb\u00e6jarkirkja\" width=\"800\" height=\"600\"><\/p>\n<p><span style=\"font-weight: 400;\">Foto: borgarsogusafn.is<\/span><\/p>\n<p><span style=\"font-weight: 400;\">Jetzt haben wir mehr als 340 <\/span><span style=\"font-weight: 400;\">isl\u00e4ndische<\/span> <span style=\"font-weight: 400;\">Kirchen<\/span><span style=\"font-weight: 400;\"> links <\/span><span style=\"font-weight: 400;\">in Island<\/span><span style=\"font-weight: 400;\">  dar\u00fcber zu sprechen. Aber wir sollten unserer &#8220;Grande Dame&#8221; oder &#8220;der W\u00e4chterin&#8221; \u00fcber die Stadt Reykjav\u00edk unsere Aufmerksamkeit schenken. Die Hallgr\u00edmskirkja ist eine lutherische Pfarrkirche und benannt nach dem isl\u00e4ndischen Dichter und Geistlichen Hallgr\u00edmur P\u00e9tursson (1614-1674). Sie ist mit 74,5 Metern H\u00f6he die gr\u00f6\u00dfte Kirche in Island und wurde entworfen von     <\/span><a href=\"https:\/\/en.wikipedia.org\/wiki\/Gu%C3%B0j%C3%B3n_Sam%C3%BAelsson\"><span style=\"font-weight: 400;\">Gu\u00f0j\u00f3n Sam\u00faelsson<\/span><\/a><span style=\"font-weight: 400;\">  um den Felsen, Bergen und Gletschern der isl\u00e4ndischen Landschaft zu \u00e4hneln. Der Bau der Kirche dauerte 41 Jahre; er begann 1945 und endete 1986. Die Kirche hat eine gro\u00dfe Pfeifenorgel des deutschen Orgelbauers Johannes Klais aus Bonn. Sie ist 15 Meter (49 ft) hoch und hat 102 R\u00e4nge, 72 Register und 5.275 Pfeifen. Die Kirche wird auch als Aussichtsturm genutzt. Es gibt keinen besseren Blick \u00fcber die bunten H\u00e4user von Reykjav\u00edk und die Umgebung, den Sie genie\u00dfen k\u00f6nnen, wenn Sie mit dem Aufzug auf die Aussichtsplattform fahren. Die Statue von Leifur Eriksson (ca. 970 &#8211; ca. 1020) vor der Kirche war ein Geschenk der Vereinigten Staaten zu Ehren des 1.000.      <\/span><span style=\"font-weight: 400;\">th<\/span><span style=\"font-weight: 400;\"> Jahrestag der Gr\u00fcndung des isl\u00e4ndischen Parlaments <\/span><a href=\"https:\/\/en.wikipedia.org\/wiki\/%C3%9Eingvellir\"><span style=\"font-weight: 400;\">\u00deingvellir<\/span><\/a><span style=\"font-weight: 400;\"> im Jahr 1930.<br \/>\n<\/span><img loading=\"lazy\" decoding=\"async\" class=\"wp-image-72974 size-full alignleft\" src=\"https:\/\/www.rent.is\/wp-content\/uploads\/2023\/07\/unnamed-1-1-e1608241831823.jpg\" alt=\"Hallgr\u00edmskirkja\" width=\"384\" height=\"512\"><\/p>\n<p><a href=\"http:\/\/www.en.hallgrimskirkja.is\/\"><span style=\"font-weight: 400;\">www.en.hallgrimskirkja.is\/<\/span><\/a><\/p>\n","protected":false},"excerpt":{"rendered":"<p>In Island finden Sie mehr als 350 Kirchen auf der ganzen Insel. Bei einer Bev\u00f6lkerung von rund 360.000 Menschen im Jahr 2020 ist das keine geringe Zahl. Wenn Isl\u00e4nder geboren werden, werden sie meist als Christen in der lutherischen Kirche von Island registriert. Im Alter von 14 Jahren werden sie konfirmiert (auf Isl\u00e4ndisch &#8220;Ferming&#8221;) und [&hellip;]<\/p>\n","protected":false},"author":15,"featured_media":14721,"comment_status":"closed","ping_status":"closed","sticky":false,"template":"","format":"standard","meta":{"_acf_changed":false,"footnotes":""},"categories":[722],"tags":[],"class_list":["post-67327","post","type-post","status-publish","format-standard","has-post-thumbnail","hentry","category-blog"],"acf":[],"yoast_head":"<!-- This site is optimized with the Yoast SEO plugin v26.4 - https:\/\/yoast.com\/wordpress\/plugins\/seo\/ -->\n<title>Sch\u00f6ne isl\u00e4ndische Kirchen: Geschichte und Informationen<\/title>\n<meta name=\"description\" content=\"Isl\u00e4ndische Kirchen haben eine reiche Geschichte und sind ein beliebtes Ziel f\u00fcr Touristen und Einheimische. \u2713 Klicken Sie hier, um zu sehen, was diese sch\u00f6nen Geb\u00e4ude so beliebt macht.\" \/>\n<meta name=\"robots\" content=\"index, follow, max-snippet:-1, max-image-preview:large, max-video-preview:-1\" \/>\n<link rel=\"canonical\" href=\"https:\/\/www.rent.is\/de\/blog\/schoene-islaendische-kirchen-geschichte-und-informationen\/\" \/>\n<meta property=\"og:locale\" content=\"de_DE\" \/>\n<meta property=\"og:type\" content=\"article\" \/>\n<meta property=\"og:title\" content=\"Sch\u00f6ne isl\u00e4ndische Kirchen: Geschichte und Informationen\" \/>\n<meta property=\"og:description\" content=\"Isl\u00e4ndische Kirchen haben eine reiche Geschichte und sind ein beliebtes Ziel f\u00fcr Touristen und Einheimische. \u2713 Klicken Sie hier, um zu sehen, was diese sch\u00f6nen Geb\u00e4ude so beliebt macht.\" \/>\n<meta property=\"og:url\" content=\"https:\/\/www.rent.is\/de\/blog\/schoene-islaendische-kirchen-geschichte-und-informationen\/\" \/>\n<meta property=\"og:site_name\" content=\"Rent.is\" \/>\n<meta property=\"article:publisher\" content=\"https:\/\/www.facebook.com\/campervansIceland\/\" \/>\n<meta property=\"article:published_time\" content=\"2021-07-09T00:00:00+00:00\" \/>\n<meta property=\"og:image\" content=\"https:\/\/www.rent.is\/wp-content\/uploads\/2023\/07\/rent.is-image-4-e1608240593469.jpg\" \/>\n\t<meta property=\"og:image:width\" content=\"341\" \/>\n\t<meta property=\"og:image:height\" content=\"512\" \/>\n\t<meta property=\"og:image:type\" content=\"image\/jpeg\" \/>\n<meta name=\"author\" content=\"Theodor Palsson\" \/>\n<meta name=\"twitter:card\" content=\"summary_large_image\" \/>\n<meta name=\"twitter:creator\" content=\"@CampersIceland\" \/>\n<meta name=\"twitter:site\" content=\"@CampersIceland\" \/>\n<meta name=\"twitter:label1\" content=\"Verfasst von\" \/>\n\t<meta name=\"twitter:data1\" content=\"Theodor Palsson\" \/>\n\t<meta name=\"twitter:label2\" content=\"Gesch\u00e4tzte Lesezeit\" \/>\n\t<meta name=\"twitter:data2\" content=\"6\u00a0Minuten\" \/>\n<script type=\"application\/ld+json\" class=\"yoast-schema-graph\">{\"@context\":\"https:\/\/schema.org\",\"@graph\":[{\"@type\":[\"Article\",\"BlogPosting\"],\"@id\":\"https:\/\/www.rent.is\/de\/blog\/schoene-islaendische-kirchen-geschichte-und-informationen\/#article\",\"isPartOf\":{\"@id\":\"https:\/\/www.rent.is\/de\/blog\/schoene-islaendische-kirchen-geschichte-und-informationen\/\"},\"author\":{\"name\":\"Theodor Palsson\",\"@id\":\"https:\/\/www.rent.is\/de\/#\/schema\/person\/59a30e88162ceb34fad74fd3d0e54d36\"},\"headline\":\"Sch\u00f6ne isl\u00e4ndische Kirchen: Geschichte und Informationen\",\"datePublished\":\"2021-07-09T00:00:00+00:00\",\"mainEntityOfPage\":{\"@id\":\"https:\/\/www.rent.is\/de\/blog\/schoene-islaendische-kirchen-geschichte-und-informationen\/\"},\"wordCount\":1262,\"publisher\":{\"@id\":\"https:\/\/www.rent.is\/de\/#organization\"},\"image\":{\"@id\":\"https:\/\/www.rent.is\/de\/blog\/schoene-islaendische-kirchen-geschichte-und-informationen\/#primaryimage\"},\"thumbnailUrl\":\"https:\/\/www.rent.is\/wp-content\/uploads\/2023\/07\/rent.is-image-4-e1608240593469.jpg\",\"articleSection\":[\"Blog\"],\"inLanguage\":\"de\"},{\"@type\":\"WebPage\",\"@id\":\"https:\/\/www.rent.is\/de\/blog\/schoene-islaendische-kirchen-geschichte-und-informationen\/\",\"url\":\"https:\/\/www.rent.is\/de\/blog\/schoene-islaendische-kirchen-geschichte-und-informationen\/\",\"name\":\"Sch\u00f6ne isl\u00e4ndische Kirchen: Geschichte und Informationen\",\"isPartOf\":{\"@id\":\"https:\/\/www.rent.is\/de\/#website\"},\"primaryImageOfPage\":{\"@id\":\"https:\/\/www.rent.is\/de\/blog\/schoene-islaendische-kirchen-geschichte-und-informationen\/#primaryimage\"},\"image\":{\"@id\":\"https:\/\/www.rent.is\/de\/blog\/schoene-islaendische-kirchen-geschichte-und-informationen\/#primaryimage\"},\"thumbnailUrl\":\"https:\/\/www.rent.is\/wp-content\/uploads\/2023\/07\/rent.is-image-4-e1608240593469.jpg\",\"datePublished\":\"2021-07-09T00:00:00+00:00\",\"description\":\"Isl\u00e4ndische Kirchen haben eine reiche Geschichte und sind ein beliebtes Ziel f\u00fcr Touristen und Einheimische. \u2713 Klicken Sie hier, um zu sehen, was diese sch\u00f6nen Geb\u00e4ude so beliebt macht.\",\"inLanguage\":\"de\",\"potentialAction\":[{\"@type\":\"ReadAction\",\"target\":[\"https:\/\/www.rent.is\/de\/blog\/schoene-islaendische-kirchen-geschichte-und-informationen\/\"]}]},{\"@type\":\"ImageObject\",\"inLanguage\":\"de\",\"@id\":\"https:\/\/www.rent.is\/de\/blog\/schoene-islaendische-kirchen-geschichte-und-informationen\/#primaryimage\",\"url\":\"https:\/\/www.rent.is\/wp-content\/uploads\/2023\/07\/rent.is-image-4-e1608240593469.jpg\",\"contentUrl\":\"https:\/\/www.rent.is\/wp-content\/uploads\/2023\/07\/rent.is-image-4-e1608240593469.jpg\",\"width\":341,\"height\":512,\"caption\":\"the blue church in sey\u00f0isfj\u00f6r\u00f0ur\"},{\"@type\":\"WebSite\",\"@id\":\"https:\/\/www.rent.is\/de\/#website\",\"url\":\"https:\/\/www.rent.is\/de\/\",\"name\":\"Rent.is\",\"description\":\"Camper Van Iceland - Rent a camper, RV, or Motorhome\",\"publisher\":{\"@id\":\"https:\/\/www.rent.is\/de\/#organization\"},\"alternateName\":\"Rent\",\"potentialAction\":[{\"@type\":\"SearchAction\",\"target\":{\"@type\":\"EntryPoint\",\"urlTemplate\":\"https:\/\/www.rent.is\/de\/?s={search_term_string}\"},\"query-input\":{\"@type\":\"PropertyValueSpecification\",\"valueRequired\":true,\"valueName\":\"search_term_string\"}}],\"inLanguage\":\"de\"},{\"@type\":\"Organization\",\"@id\":\"https:\/\/www.rent.is\/de\/#organization\",\"name\":\"Rent\",\"alternateName\":\"Rent Campervan Iceland\",\"url\":\"https:\/\/www.rent.is\/de\/\",\"logo\":{\"@type\":\"ImageObject\",\"inLanguage\":\"de\",\"@id\":\"https:\/\/www.rent.is\/de\/#\/schema\/logo\/image\/\",\"url\":\"https:\/\/www.rent.is\/wp-content\/uploads\/2023\/06\/Rent-logo__blue.svg\",\"contentUrl\":\"https:\/\/www.rent.is\/wp-content\/uploads\/2023\/06\/Rent-logo__blue.svg\",\"caption\":\"Rent\"},\"image\":{\"@id\":\"https:\/\/www.rent.is\/de\/#\/schema\/logo\/image\/\"},\"sameAs\":[\"https:\/\/www.facebook.com\/campervansIceland\/\",\"https:\/\/x.com\/CampersIceland\"]},{\"@type\":\"Person\",\"@id\":\"https:\/\/www.rent.is\/de\/#\/schema\/person\/59a30e88162ceb34fad74fd3d0e54d36\",\"name\":\"Theodor Palsson\",\"image\":{\"@type\":\"ImageObject\",\"inLanguage\":\"de\",\"@id\":\"https:\/\/www.rent.is\/de\/#\/schema\/person\/image\/\",\"url\":\"https:\/\/www.rent.is\/wp-content\/uploads\/2024\/10\/theodor-palsson_avatar-96x96.jpg\",\"contentUrl\":\"https:\/\/www.rent.is\/wp-content\/uploads\/2024\/10\/theodor-palsson_avatar-96x96.jpg\",\"caption\":\"Theodor Palsson\"},\"description\":\"Theod\u00f3r, known as Teddi, is from Reykjavik and works in customer service at Rent. A passionate traveler, he\u2019s also an enduro enthusiast and loves mountain hiking, especially in Iceland\u2019s stunning landscapes.\",\"url\":\"https:\/\/www.rent.is\/de\/author\/teddi\/\"}]}<\/script>\n<!-- \/ Yoast SEO plugin. -->","yoast_head_json":{"title":"Sch\u00f6ne isl\u00e4ndische Kirchen: Geschichte und Informationen","description":"Isl\u00e4ndische Kirchen haben eine reiche Geschichte und sind ein beliebtes Ziel f\u00fcr Touristen und Einheimische. \u2713 Klicken Sie hier, um zu sehen, was diese sch\u00f6nen Geb\u00e4ude so beliebt macht.","robots":{"index":"index","follow":"follow","max-snippet":"max-snippet:-1","max-image-preview":"max-image-preview:large","max-video-preview":"max-video-preview:-1"},"canonical":"https:\/\/www.rent.is\/de\/blog\/schoene-islaendische-kirchen-geschichte-und-informationen\/","og_locale":"de_DE","og_type":"article","og_title":"Sch\u00f6ne isl\u00e4ndische Kirchen: Geschichte und Informationen","og_description":"Isl\u00e4ndische Kirchen haben eine reiche Geschichte und sind ein beliebtes Ziel f\u00fcr Touristen und Einheimische. \u2713 Klicken Sie hier, um zu sehen, was diese sch\u00f6nen Geb\u00e4ude so beliebt macht.","og_url":"https:\/\/www.rent.is\/de\/blog\/schoene-islaendische-kirchen-geschichte-und-informationen\/","og_site_name":"Rent.is","article_publisher":"https:\/\/www.facebook.com\/campervansIceland\/","article_published_time":"2021-07-09T00:00:00+00:00","og_image":[{"width":341,"height":512,"url":"https:\/\/www.rent.is\/wp-content\/uploads\/2023\/07\/rent.is-image-4-e1608240593469.jpg","type":"image\/jpeg"}],"author":"Theodor Palsson","twitter_card":"summary_large_image","twitter_creator":"@CampersIceland","twitter_site":"@CampersIceland","twitter_misc":{"Verfasst von":"Theodor Palsson","Gesch\u00e4tzte Lesezeit":"6\u00a0Minuten"},"schema":{"@context":"https:\/\/schema.org","@graph":[{"@type":["Article","BlogPosting"],"@id":"https:\/\/www.rent.is\/de\/blog\/schoene-islaendische-kirchen-geschichte-und-informationen\/#article","isPartOf":{"@id":"https:\/\/www.rent.is\/de\/blog\/schoene-islaendische-kirchen-geschichte-und-informationen\/"},"author":{"name":"Theodor Palsson","@id":"https:\/\/www.rent.is\/de\/#\/schema\/person\/59a30e88162ceb34fad74fd3d0e54d36"},"headline":"Sch\u00f6ne isl\u00e4ndische Kirchen: Geschichte und Informationen","datePublished":"2021-07-09T00:00:00+00:00","mainEntityOfPage":{"@id":"https:\/\/www.rent.is\/de\/blog\/schoene-islaendische-kirchen-geschichte-und-informationen\/"},"wordCount":1262,"publisher":{"@id":"https:\/\/www.rent.is\/de\/#organization"},"image":{"@id":"https:\/\/www.rent.is\/de\/blog\/schoene-islaendische-kirchen-geschichte-und-informationen\/#primaryimage"},"thumbnailUrl":"https:\/\/www.rent.is\/wp-content\/uploads\/2023\/07\/rent.is-image-4-e1608240593469.jpg","articleSection":["Blog"],"inLanguage":"de"},{"@type":"WebPage","@id":"https:\/\/www.rent.is\/de\/blog\/schoene-islaendische-kirchen-geschichte-und-informationen\/","url":"https:\/\/www.rent.is\/de\/blog\/schoene-islaendische-kirchen-geschichte-und-informationen\/","name":"Sch\u00f6ne isl\u00e4ndische Kirchen: Geschichte und Informationen","isPartOf":{"@id":"https:\/\/www.rent.is\/de\/#website"},"primaryImageOfPage":{"@id":"https:\/\/www.rent.is\/de\/blog\/schoene-islaendische-kirchen-geschichte-und-informationen\/#primaryimage"},"image":{"@id":"https:\/\/www.rent.is\/de\/blog\/schoene-islaendische-kirchen-geschichte-und-informationen\/#primaryimage"},"thumbnailUrl":"https:\/\/www.rent.is\/wp-content\/uploads\/2023\/07\/rent.is-image-4-e1608240593469.jpg","datePublished":"2021-07-09T00:00:00+00:00","description":"Isl\u00e4ndische Kirchen haben eine reiche Geschichte und sind ein beliebtes Ziel f\u00fcr Touristen und Einheimische. \u2713 Klicken Sie hier, um zu sehen, was diese sch\u00f6nen Geb\u00e4ude so beliebt macht.","inLanguage":"de","potentialAction":[{"@type":"ReadAction","target":["https:\/\/www.rent.is\/de\/blog\/schoene-islaendische-kirchen-geschichte-und-informationen\/"]}]},{"@type":"ImageObject","inLanguage":"de","@id":"https:\/\/www.rent.is\/de\/blog\/schoene-islaendische-kirchen-geschichte-und-informationen\/#primaryimage","url":"https:\/\/www.rent.is\/wp-content\/uploads\/2023\/07\/rent.is-image-4-e1608240593469.jpg","contentUrl":"https:\/\/www.rent.is\/wp-content\/uploads\/2023\/07\/rent.is-image-4-e1608240593469.jpg","width":341,"height":512,"caption":"the blue church in sey\u00f0isfj\u00f6r\u00f0ur"},{"@type":"WebSite","@id":"https:\/\/www.rent.is\/de\/#website","url":"https:\/\/www.rent.is\/de\/","name":"Rent.is","description":"Camper Van Iceland - Rent a camper, RV, or Motorhome","publisher":{"@id":"https:\/\/www.rent.is\/de\/#organization"},"alternateName":"Rent","potentialAction":[{"@type":"SearchAction","target":{"@type":"EntryPoint","urlTemplate":"https:\/\/www.rent.is\/de\/?s={search_term_string}"},"query-input":{"@type":"PropertyValueSpecification","valueRequired":true,"valueName":"search_term_string"}}],"inLanguage":"de"},{"@type":"Organization","@id":"https:\/\/www.rent.is\/de\/#organization","name":"Rent","alternateName":"Rent Campervan Iceland","url":"https:\/\/www.rent.is\/de\/","logo":{"@type":"ImageObject","inLanguage":"de","@id":"https:\/\/www.rent.is\/de\/#\/schema\/logo\/image\/","url":"https:\/\/www.rent.is\/wp-content\/uploads\/2023\/06\/Rent-logo__blue.svg","contentUrl":"https:\/\/www.rent.is\/wp-content\/uploads\/2023\/06\/Rent-logo__blue.svg","caption":"Rent"},"image":{"@id":"https:\/\/www.rent.is\/de\/#\/schema\/logo\/image\/"},"sameAs":["https:\/\/www.facebook.com\/campervansIceland\/","https:\/\/x.com\/CampersIceland"]},{"@type":"Person","@id":"https:\/\/www.rent.is\/de\/#\/schema\/person\/59a30e88162ceb34fad74fd3d0e54d36","name":"Theodor Palsson","image":{"@type":"ImageObject","inLanguage":"de","@id":"https:\/\/www.rent.is\/de\/#\/schema\/person\/image\/","url":"https:\/\/www.rent.is\/wp-content\/uploads\/2024\/10\/theodor-palsson_avatar-96x96.jpg","contentUrl":"https:\/\/www.rent.is\/wp-content\/uploads\/2024\/10\/theodor-palsson_avatar-96x96.jpg","caption":"Theodor Palsson"},"description":"Theod\u00f3r, known as Teddi, is from Reykjavik and works in customer service at Rent. A passionate traveler, he\u2019s also an enduro enthusiast and loves mountain hiking, especially in Iceland\u2019s stunning landscapes.","url":"https:\/\/www.rent.is\/de\/author\/teddi\/"}]}},"_links":{"self":[{"href":"https:\/\/www.rent.is\/de\/wp-json\/wp\/v2\/posts\/67327","targetHints":{"allow":["GET"]}}],"collection":[{"href":"https:\/\/www.rent.is\/de\/wp-json\/wp\/v2\/posts"}],"about":[{"href":"https:\/\/www.rent.is\/de\/wp-json\/wp\/v2\/types\/post"}],"author":[{"embeddable":true,"href":"https:\/\/www.rent.is\/de\/wp-json\/wp\/v2\/users\/15"}],"replies":[{"embeddable":true,"href":"https:\/\/www.rent.is\/de\/wp-json\/wp\/v2\/comments?post=67327"}],"version-history":[{"count":0,"href":"https:\/\/www.rent.is\/de\/wp-json\/wp\/v2\/posts\/67327\/revisions"}],"wp:featuredmedia":[{"embeddable":true,"href":"https:\/\/www.rent.is\/de\/wp-json\/wp\/v2\/media\/14721"}],"wp:attachment":[{"href":"https:\/\/www.rent.is\/de\/wp-json\/wp\/v2\/media?parent=67327"}],"wp:term":[{"taxonomy":"category","embeddable":true,"href":"https:\/\/www.rent.is\/de\/wp-json\/wp\/v2\/categories?post=67327"},{"taxonomy":"post_tag","embeddable":true,"href":"https:\/\/www.rent.is\/de\/wp-json\/wp\/v2\/tags?post=67327"}],"curies":[{"name":"wp","href":"https:\/\/api.w.org\/{rel}","templated":true}]}}