{"id":67299,"date":"2021-01-08T00:00:00","date_gmt":"2021-01-08T00:00:00","guid":{"rendered":"https:\/\/www.rent.is\/unkategorisiert\/schwarze-sandstraende-in-island-ein-naturwunder-zum-besuchen\/"},"modified":"2021-01-08T00:00:00","modified_gmt":"2021-01-08T00:00:00","slug":"schwarze-sandstraende-in-island-ein-naturwunder-zum-besuchen","status":"publish","type":"post","link":"https:\/\/www.rent.is\/de\/blog\/schwarze-sandstraende-in-island-ein-naturwunder-zum-besuchen\/","title":{"rendered":"Schwarze Sandstr\u00e4nde in Island: Ein Naturwunder zum Besuchen"},"content":{"rendered":"<p>Island hat so viele Sehensw\u00fcrdigkeiten und <span style=\"font-weight: 400;\">unendliche Natursch\u00f6nheiten<\/span> zu bieten, die <span style=\"font-weight: 400;\">Besuchern unvergessliche Erlebnisse bescheren<\/span>. Es gibt nat\u00fcrlich die offensichtlichen M\u00f6glichkeiten, wenn Sie mit Ihrem <a href=\"https:\/\/www.rent.is\/\" target=\"_blank\" rel=\"noopener noreferrer\">Wohnmobil durch Island fahren :<\/a> die obligatorischen Sehensw\u00fcrdigkeiten wie die <a href=\"https:\/\/www.rent.is\/blog\/waterfalls-in-iceland\/\"><span style=\"font-weight: 400;\">wundersch\u00f6nen Wasserf\u00e4lle<\/span><\/a> die wir hier haben, die wunderbaren <a href=\"https:\/\/www.rent.is\/blog\/hot-springs-in-iceland\/\"><span style=\"font-weight: 400;\">hei\u00dfen Quellen<\/span><\/a> die \u00fcber das ganze Land verteilt sind, und die gro\u00dfen, offenen Landschaften, die nicht durch W\u00e4lder begrenzt sind. <\/p>\n<p><span style=\"font-weight: 400;\">F\u00fcr diejenigen, die sich abseits der ausgetretenen Pfade bewegen und den Zauber der <\/span><span style=\"font-weight: 400;\">schwarzen Sandstr\u00e4nden erleben m\u00f6chten, ist Island<\/span><span style=\"font-weight: 400;\">  ist das ultimative Ziel. Lesen Sie weiter f\u00fcr alles, was Sie wissen m\u00fcssen! <\/span><\/p>\n<h2><span style=\"color: #003366;\"><span style=\"font-weight: 500;\">Besuchen Sie die <\/span><span style=\"font-weight: 500;\">Schwarze Str\u00e4nde von Island<\/span><\/span><\/h2>\n<p><span style=\"font-weight: 400;\">Schwarze Sandstr\u00e4nde sind sehr selten &#8211; es gibt nicht viele davon auf der Welt &#8211; und daher ein Muss f\u00fcr jeden Islandbesucher.  <\/span>Der ber\u00fchmteste ist nat\u00fcrlich Reynisfjara au\u00dferhalb von V\u00edk im S\u00fcden Islands. Der Atlantik, der \u00fcber <span style=\"font-weight: 400;\">diesen ber\u00fchmten schwarzen Sandstrand<\/span> rollt, die Felsformationen Reynisdrangar direkt vor dem Strand und die atemberaubenden Basaltfelsen in der N\u00e4he hinterlassen bei jedem Besucher einen bleibenden Eindruck. <\/p>\n<p>Viele unserer <a href=\"https:\/\/www.rent.is\/camperstories\/\" target=\"_blank\" rel=\"noopener noreferrer\">CamperStories-Teilnehmer<\/a> waren dort und haben uns beeindruckende Bilder geschickt. Unten sehen Sie einige davon und wenn Sie auf das Bild klicken, <span style=\"font-weight: 400;\">k\u00f6nnen Sie ihre Geschichte lesen<\/span>. <\/p>\n<p style=\"text-align: center;\"><a href=\"https:\/\/www.rent.is\/camperstories\/camper-van-family\/\" target=\"_blank\" rel=\"noopener noreferrer\"><img loading=\"lazy\" decoding=\"async\" class=\"alignnone\" style=\"width: 340px; height: 227px;\" title=\"Nachts am schwarzen Sandstrand von V\u00edk\" src=\"https:\/\/www.rent.is\/wp-content\/uploads\/2023\/07\/a-night-in-vik.jpg\" alt=\"Nachts am schwarzen Sandstrand von V\u00edk\" width=\"1348\" height=\"899\" data-savee-read=\"true\"><\/a> <a href=\"https:\/\/www.rent.is\/camperstories\/iceland-in-september\/\" target=\"_blank\" rel=\"noopener noreferrer\"><img loading=\"lazy\" decoding=\"async\" class=\"alignnone\" style=\"width: 340px; height: 227px;\" title=\"Spielen mit Steinen in Reynisfjara\" src=\"https:\/\/www.rent.is\/wp-content\/uploads\/2023\/07\/playing-with-stones-in-reynisfjara.jpg\" alt=\"Spielen mit Steinen in Reynisfjara\" width=\"1189\" height=\"793\" data-savee-read=\"true\"><\/a><\/p>\n<p style=\"text-align: center;\"><a href=\"https:\/\/www.rent.is\/camperstories\/sunshine-and-glaciers\/\" target=\"_blank\" rel=\"noopener noreferrer\"><img loading=\"lazy\" decoding=\"async\" class=\"alignnone\" style=\"width: 272px; height: 272px;\" title=\"Reynisdrangar in der Ferne\" src=\"https:\/\/www.rent.is\/wp-content\/uploads\/2023\/07\/dyrholaey-with-reynisdrangar-in-the-distant.jpg\" alt=\"Reynisdrangar in der Ferne\" width=\"2448\" height=\"2448\" data-savee-read=\"true\"><\/a> <a href=\"https:\/\/www.rent.is\/camperstories\/iceland---on-a-photographic-journey\/\" target=\"_blank\" rel=\"noopener noreferrer\"><img loading=\"lazy\" decoding=\"async\" class=\"alignnone\" style=\"width: 408px; height: 272px;\" title=\"Sch\u00f6ner schwarzer Sandstrand S\u00f3lheimarsandur im S\u00fcden Islands\" src=\"https:\/\/www.rent.is\/wp-content\/uploads\/2023\/07\/a-big-black-sand-beach-in-iceland.jpg\" alt=\"Sch\u00f6ner schwarzer Sandstrand S\u00f3lheimarsandur im S\u00fcden Islands\" width=\"1200\" height=\"800\" data-savee-read=\"true\"><\/a><\/p>\n<p style=\"text-align: center;\"><a href=\"https:\/\/www.youtube.com\/watch?v=OGC_HiOBTWQ\" target=\"_blank\" rel=\"noopener noreferrer\"><img loading=\"lazy\" decoding=\"async\" class=\"alignnone\" style=\"width: 341px; height: 227px;\" title=\"Der erstaunliche schwarze Strand S\u00f3lheimarsandur bei V\u00edk\" src=\"https:\/\/www.rent.is\/wp-content\/uploads\/2023\/07\/the-roaring-atlantic-at-a-black-sand-beach.jpg\" alt=\"Der erstaunliche schwarze Strand S\u00f3lheimarsandur bei V\u00edk\" width=\"3008\" height=\"2000\" data-savee-read=\"true\"><\/a> <a href=\"https:\/\/www.rent.is\/camperstories\/iceland---on-a-photographic-journey\/\" target=\"_blank\" rel=\"noopener noreferrer\"><img loading=\"lazy\" decoding=\"async\" class=\"alignnone\" style=\"width: 340px; height: 227px;\" title=\"Atemberaubender Reynisdrangar\" src=\"https:\/\/www.rent.is\/wp-content\/uploads\/2023\/07\/reynisdrangar-art.jpg\" alt=\"Atemberaubender Reynisdrangar\" width=\"1200\" height=\"800\" data-savee-read=\"true\"><\/a><\/p>\n<p style=\"text-align: center;\"><a href=\"https:\/\/www.rent.is\/camperstories\/iceland---on-a-photographic-journey\/\" target=\"_blank\" rel=\"noopener noreferrer\"><img loading=\"lazy\" decoding=\"async\" class=\"alignnone\" style=\"width: 185px; height: 277px;\" title=\"Reynisdrangar au\u00dferhalb von Reynisfjara\" src=\"https:\/\/www.rent.is\/wp-content\/uploads\/2023\/07\/reynisfjara-beach-1.jpg\" alt=\"Reynisdrangar au\u00dferhalb von Reynisfjara\" width=\"800\" height=\"1200\"><\/a> <a href=\"https:\/\/www.rent.is\/camperstories\/on-the-road-in-iceland\/\" target=\"_blank\" rel=\"noopener noreferrer\"><img loading=\"lazy\" decoding=\"async\" class=\"alignnone\" style=\"width: 492px; height: 277px;\" title=\"Spaziergang an einem schwarzen Sandstrand\" src=\"https:\/\/www.rent.is\/wp-content\/uploads\/2023\/07\/icelandic-black-sand-beach.jpg\" alt=\"Spaziergang an einem schwarzen Sandstrand\" width=\"2080\" height=\"1170\" data-savee-read=\"true\"><\/a><\/p>\n<p style=\"text-align: center;\"> <a href=\"https:\/\/www.rent.is\/camperstories\/iceland-pure-nature\/\" target=\"_blank\" rel=\"noopener noreferrer\"><img loading=\"lazy\" decoding=\"async\" class=\"alignnone\" style=\"width: 263px; height: 197px;\" title=\"Die Felsen Reynisdrangar\" src=\"https:\/\/www.rent.is\/wp-content\/uploads\/2023\/07\/reynisdrangar-cliff-formations-in-south-iceland.jpg\" alt=\"Die Felsen Reynisdrangar\" width=\"3648\" height=\"2736\"><\/a> <a href=\"https:\/\/www.rent.is\/camperstories\/travel-report-from-iceland\/\" target=\"_blank\" rel=\"noopener noreferrer\"><img loading=\"lazy\" decoding=\"async\" class=\"alignnone\" style=\"width: 411px; height: 197px;\" title=\"Schwarzer Strand in Island\" src=\"https:\/\/www.rent.is\/wp-content\/uploads\/2023\/07\/a-black-sand-beach-in-iceland-1.jpg\" alt=\"Schwarzer Strand in Island\" width=\"1782\" height=\"854\"><\/a><\/p>\n<p style=\"text-align: center;\"><a href=\"https:\/\/www.rent.is\/camperstories\/jumping-iceland\/\" target=\"_blank\" rel=\"noopener noreferrer\"><img loading=\"lazy\" decoding=\"async\" class=\"alignnone\" style=\"width: 397px; height: 210px;\" title=\"Spa\u00df am schwarzen Sandstrand\" src=\"https:\/\/www.rent.is\/wp-content\/uploads\/2023\/07\/jumping-in-vik-in-myrdal.jpg\" alt=\"Spa\u00df am schwarzen Sandstrand\" width=\"1299\" height=\"687\" data-savee-read=\"true\"><\/a> <a href=\"https:\/\/www.rent.is\/camperstories\/10-days-around-iceland\/\" target=\"_blank\" rel=\"noopener noreferrer\"><img loading=\"lazy\" decoding=\"async\" class=\"alignnone\" style=\"width: 280px; height: 210px;\" title=\"Isl\u00e4ndischer Strand mit schwarzem Sand\" src=\"https:\/\/www.rent.is\/wp-content\/uploads\/2023\/07\/icelandic-black-sand-beaches-1.jpg\" alt=\"Isl\u00e4ndischer Strand mit schwarzem Sand\" width=\"2080\" height=\"1560\" data-savee-read=\"true\"><\/a><\/p>\n<p style=\"text-align: center;\"><a href=\"https:\/\/www.rent.is\/camperstories\/honeymooniversary\/\" target=\"_blank\" rel=\"noopener noreferrer\"><img loading=\"lazy\" decoding=\"async\" class=\"alignnone\" style=\"width: 340px; height: 227px;\" title=\"Reynisdrangar in der D\u00e4mmerung\" src=\"https:\/\/www.rent.is\/wp-content\/uploads\/2023\/07\/reynisdrangar-rock-formation.jpg\" alt=\"Reynisdrangar in der D\u00e4mmerung\" width=\"1800\" height=\"1200\" data-savee-read=\"true\"><\/a> <a href=\"https:\/\/www.rent.is\/camperstories\/camper-van-2\/\" target=\"_blank\" rel=\"noopener noreferrer\"><img loading=\"lazy\" decoding=\"async\" class=\"alignnone\" style=\"width: 340px; height: 227px;\" title=\"Schwarzer Strand Island\" src=\"https:\/\/www.rent.is\/wp-content\/uploads\/2023\/07\/black-sand-beaches.jpg\" alt=\"Schwarzer Strand Island\" width=\"1200\" height=\"800\" data-savee-read=\"true\"><\/a><\/p>\n<p style=\"text-align: center;\"><a href=\"https:\/\/www.rent.is\/camperstories\/why-not-go-to-iceland\/\" target=\"_blank\" rel=\"noopener noreferrer\"><img loading=\"lazy\" decoding=\"async\" class=\"alignnone\" style=\"width: 700px; height: 262px;\" title=\"Der Sog bei S\u00f3lheimarsandur\" src=\"https:\/\/www.rent.is\/wp-content\/uploads\/2023\/07\/the-black-sand-beach-in-vik-in-myrdal.jpg\" alt=\"Der Sog bei S\u00f3lheimarsandur\" width=\"4608\" height=\"1722\" data-savee-read=\"true\"><\/a><\/p>\n<h2><span style=\"color: #003366;\"><b>Was sind schwarze Sandstr\u00e4nde?<\/b><\/span><\/h2>\n<p><span style=\"font-weight: 400;\">Schwarze Sandstr\u00e4nde sind einer der einzigartigsten und atemberaubendsten Anblicke in der Natur, und Island hat einige der sch\u00f6nsten davon. In den letzten Jahren wurden unz\u00e4hlige Filme und Fernsehsendungen an diesen idyllischen Orten gedreht. Wenn Sie schon einmal einen mystisch anmutenden    <\/span><span style=\"font-weight: 400;\">Schwarzer Sandstrand, Island<\/span><span style=\"font-weight: 400;\">  ist der Ort, an dem er wahrscheinlich gefilmt wurde. Lustige Tatsache:   <\/span><span style=\"font-weight: 400;\">Der schwarze Sandstrand Reynisfjara<\/span><span style=\"font-weight: 400;\"> diente als Drehort f\u00fcr Eastwatch-by-the-Sea in Staffel 7 von Game of Thrones! <\/span> <\/p>\n<p><span style=\"font-weight: 400;\">Aber was ist so besonders an diesen  <\/span><span style=\"font-weight: 400;\">Island Str\u00e4nde? Schwarzer Sand   <\/span><span style=\"font-weight: 400;\">wurde durch die vulkanische Aktivit\u00e4t des Landes geformt. Seit Tausenden von Jahren ist Island von Eruptionen gepr\u00e4gt, weshalb viele seiner Str\u00e4nde tiefschwarzen Sand aufweisen. Wenn    <\/span><span style=\"font-weight: 400;\">geschmolzene hei\u00dfe Lava<\/span><span style=\"font-weight: 400;\"> k\u00fchlt ab und <\/span> <span style=\"font-weight: 400;\">erstarrt, bildet es eisenhaltiges Vulkangestein. \u00dcber   <\/span><span style=\"font-weight: 400;\">lange Zeitr\u00e4ume<\/span><span style=\"font-weight: 400;\"> Zeitr\u00e4ume, unerbittliche <\/span><span style=\"font-weight: 400;\">Atlantikwellen<\/span><span style=\"font-weight: 400;\"> zermahlen diese <\/span><span style=\"font-weight: 400;\">abgek\u00fchlte Lava<\/span><span style=\"font-weight: 400;\"> zu feinem, schwarzem Sand und schaffen so die markanten K\u00fcstenlinien, die wir heute sehen.<\/span><span style=\"font-weight: 400;\"> <\/span><span style=\"font-weight: 400;\"> <\/span><\/p>\n<p><span style=\"font-weight: 400;\">Der Reynisfjara Strand ist wahrscheinlich der beliebteste <\/span><span style=\"font-weight: 400;\">schwarzer Sandstrand in Island<\/span><span style=\"font-weight: 400;\">  &#8211; und das aus gutem Grund. Der Anblick der kilometerlangen K\u00fcstenlinie und sogar der   <\/span><span style=\"font-weight: 400;\">Meeresboden<\/span><span style=\"font-weight: 400;\">  mit tiefschwarzem, feinem Sand bedeckt. Der Ebenholzsand an diesem besonderen Strand entstand durch den Ausbruch des Vulkans Katla vor Jahrhunderten, als die hei\u00dfe Lava des Vulkans auf die kalte   <\/span><span style=\"font-weight: 400;\">die m\u00e4chtigen Wellen des Nordatlantiks<\/span><span style=\"font-weight: 400;\"> und formten den schwarzen Felsen, den Sie heute sehen. <\/span> <\/p>\n<p><span style=\"font-weight: 400;\">Wo liegt dieser schwarze Sandstrand? Der ber\u00fchmteste Strand Islands liegt eine kurze Autofahrt au\u00dferhalb von Vik.   <\/span><\/p>\n<h2><span style=\"color: #003366;\"><b>10 Top <\/b><b>Schwarze Sandstr\u00e4nde in Island<\/b><\/span><\/h2>\n<p><span style=\"font-weight: 400;\">Und? <\/span><span style=\"font-weight: 400;\">wo sind die anderen schwarzen Sandstr\u00e4nde in Island? <\/span><span style=\"font-weight: 400;\">Reynisfjara ist sicherlich der ber\u00fchmteste, aber aufgrund der umfangreichen vulkanischen Aktivit\u00e4t ist es nicht schwer, weitere atemberaubende schwarze Sandstr\u00e4nde zu finden, die die isl\u00e4ndische<\/span><span style=\"font-weight: 400;\"> K\u00fcstenlinie.<\/span><span style=\"font-weight: 400;\"> <\/span><\/p>\n<p><span style=\"font-weight: 400;\">Wir empfehlen Ihnen einen Besuch des Reynisfjara-Strandes, aber hier finden Sie auch einige andere malerische schwarze Str\u00e4nde in Island, die Sie sich ansehen sollten:  <\/span><\/p>\n<h3><b>1. S\u00f3lheimasandur<\/b><\/h3>\n<p><span style=\"font-weight: 400;\">S\u00f3lheimasandur, gelegen an der <\/span><a href=\"https:\/\/www.rent.is\/blog\/south-iceland-travel-guide\/\"><span style=\"font-weight: 400;\">S\u00fcdk\u00fcste<\/span><\/a><span style=\"font-weight: 400;\">  von Island, in der Stadt V\u00edk, befindet sich ein atemberaubender schwarzer Sandstrand, der Sie garantiert in Erstaunen versetzen wird. Der weitl\u00e4ufige Strand erstreckt sich \u00fcber mehrere Kilometer und wird von schroffen Klippen und Basaltformationen ges\u00e4umt, die eine unwirkliche Landschaft mit einer geheimnisvollen Atmosph\u00e4re schaffen. Das bemerkenswerteste Merkmal von S\u00f3lheimasandur ist das Wrack eines DC-3-Flugzeugs der US Navy, das 1973 am Strand abgest\u00fcrzt ist. Die gespenstischen \u00dcberreste des Flugzeugs tragen zur Mystik dieses sch\u00f6nen Strandes bei und machen ihn zu einem beliebten Ziel f\u00fcr Fotografen und Abenteurer.     <\/span><\/p>\n<h3><b>2. Diamant-Strand<\/b><\/h3>\n<p><span style=\"font-weight: 400;\">Der in der N\u00e4he der Gletscherlagune J\u00f6kuls\u00e1rl\u00f3n im S\u00fcdosten Islands gelegene Diamond Beach ist einer der atemberaubendsten schwarzen Str\u00e4nde Islands und bekannt f\u00fcr seinen auffallend schwarzen Sand, der mit winzigen Fragmenten glitzernder Eisberge \u00fcbers\u00e4t ist. Bei diesen kleinen Eisbergen handelt es sich um St\u00fccke, die vom nahegelegenen Brei\u00f0amerkurj\u00f6kull-Gletscher abgebrochen sind und in Richtung Meer getrieben wurden, bevor sie auf den sch\u00f6nen schwarzen Sand des Strandes gesp\u00fclt wurden. Der Kontrast zwischen dem funkelnden Eis und dem dunklen Sand ist wirklich faszinierend und macht seinem Namen &#8220;Diamond Beach&#8221; alle Ehre.  <\/span><\/p>\n<h3><b>3. Dj\u00fapal\u00f3nssandur<\/b><\/h3>\n<p><span style=\"font-weight: 400;\">Dj\u00fapal\u00f3nssandur liegt auf der Halbinsel Sn\u00e6fellsnes im Westen Islands und ist ein zerkl\u00fcfteter schwarzer Strand voller Geschichte und isl\u00e4ndischer Folklore. Die K\u00fcstenlinie, die durch jahrhundertelange vulkanische Aktivit\u00e4t und Erosion geformt wurde, ist mit glatten schwarzen Kieselsteinen und felsigem Gel\u00e4nde geschm\u00fcckt. In seiner Bl\u00fctezeit war Dj\u00fapal\u00f3nssandur ein bl\u00fchendes Fischerdorf, und Relikte seiner maritimen Vergangenheit sind noch immer entlang der K\u00fcste zu sehen.    <\/span><span style=\"font-weight: 400;\">Ufer<\/span><span style=\"font-weight: 400;\">einschlie\u00dflich der rostigen \u00dcberreste eines Schiffswracks. <\/span> <\/p>\n<p><span style=\"font-weight: 400;\">Der Strand ist auch f\u00fcr die alten Hebesteine von Dj\u00fapal\u00f3n bekannt, die von den Fischern benutzt wurden, um ihre Kraft zu testen. Diese vier Steine, die zwischen 23 kg und 154 kg wiegen, waren ein Ma\u00df f\u00fcr die Geschicklichkeit eines Fischers und sind nach wie vor eine beliebte Attraktion f\u00fcr Besucher, die ihre eigene Kraft testen wollen.   <\/span><\/p>\n<h3><b>4. Stokksnes<\/b><\/h3>\n<p><span style=\"font-weight: 400;\">Wenn Sie sich f\u00fcr Naturfotografie interessieren, ist Stokksnes ein Ort, den Sie einfach nicht verpassen d\u00fcrfen. Der starke Kontrast zwischen dem dunklen Vulkansand und den schneebedeckten Gipfeln des Vestrahorns schafft atemberaubende Aussichten, die Sie sprachlos machen werden. Der schwarze Sand von Stokksnes ist reich an Mineralien, die ihm einen tiefschwarzen Farbton verleihen, der einen sch\u00f6nen Kontrast zur umliegenden Landschaft bildet. Fotografen str\u00f6men nach Stokksnes, um das dramatische Zusammenspiel von Licht und Schatten einzufangen, vor allem w\u00e4hrend der goldenen Stunden des Sonnenaufgangs und Sonnenuntergangs.   <\/span><\/p>\n<h3><b>5. M\u00fdvatn<\/b><\/h3>\n<p><span style=\"font-weight: 400;\">Der im Norden Islands gelegene M\u00fdvatn-See ist f\u00fcr seine einzigartigen geologischen Merkmale bekannt, darunter vulkanische Landschaften, geothermische Aktivit\u00e4ten und eine vielf\u00e4ltige Tierwelt. Obwohl er selbst kein schwarzer Sandstrand ist, gibt es in der Umgebung Vulkankrater,   <\/span><span style=\"font-weight: 400;\">Lava<\/span><span style=\"font-weight: 400;\">  Formationen und dunkle vulkanische Felsformationen, die eine bezaubernde Atmosph\u00e4re schaffen. Wenn Sie diese Gegend besuchen, k\u00f6nnen Sie auch die nahe gelegenen M\u00fdvatn Nature Baths besuchen, wo Sie in geothermisch beheiztem Wasser baden k\u00f6nnen, w\u00e4hrend Sie die vulkanische Landschaft bewundern.   <\/span><\/p>\n<h3><span style=\"color: #000000;\">6. H\u00e9ra\u00f0ssandar<\/span><\/h3>\n<p><span style=\"font-weight: 400;\">Ein weiterer atemberaubender <\/span><span style=\"font-weight: 400;\">schwarzer Sandstrand, den Island<\/span><span style=\"font-weight: 400;\"> zu bieten hat<\/span>, ist H\u00e9ra\u00f0ssandar in Ostisland. Wenn Sie auf der Stra\u00dfe Nr. 94 aus dem S\u00fcden kommen, bietet sich Ihnen dieser herrliche, wirklich atemberaubende Anblick (sofern das Wetter mitspielt). <\/p>\n<p style=\"text-align: center;\"><a href=\"https:\/\/www.rent.is\/wp-content\/uploads\/2023\/07\/heradssandar-in-east-iceland.jpg\" target=\"_blank\" rel=\"noopener noreferrer\"><img loading=\"lazy\" decoding=\"async\" class=\"alignnone\" style=\"width: 876px; height: 258px;\" title=\"Auf der Stra\u00dfe Nr. 94 in Ostisland, in Richtung Norden\" src=\"https:\/\/www.rent.is\/wp-content\/uploads\/2023\/07\/heradssandar-in-east-iceland.jpg\" alt=\"Auf der Stra\u00dfe Nr. 94 in Ostisland, in Richtung Norden\" width=\"719\" height=\"212\" data-savee-read=\"true\"><\/a><\/p>\n<p>Wenn Sie sich f\u00fcr die Nordseite entscheiden, fahren Sie <span style=\"font-weight: 400;\">in dieses riesige Tal hinein <\/span>und biegen wieder nach Osten auf die Stra\u00dfe Nr. 917 ab. Von hier aus haben Sie nicht nur eine atemberaubende Aussicht, sondern Sie fahren auch auf einer fantastischen Stra\u00dfe, die auf einen Bergpass f\u00fchrt, der Sie nach Vopnafj\u00f6r\u00f0ur bringt. <\/p>\n<p style=\"text-align: center;\"><a href=\"https:\/\/www.rent.is\/wp-content\/uploads\/2023\/07\/heradssandar.jpg\" target=\"_blank\" rel=\"noopener noreferrer\"><img loading=\"lazy\" decoding=\"async\" class=\"alignnone\" style=\"width: 874px; height: 582px;\" title=\"H\u00e9ra\u00f0ssandar. Blick nach S\u00fcden von der Stra\u00dfe Nr: 917\" src=\"https:\/\/www.rent.is\/wp-content\/uploads\/2023\/07\/heradssandar.jpg\" alt=\"H\u00e9ra\u00f0ssandar. Blick nach S\u00fcden von der Stra\u00dfe Nr: 917\" width=\"720\" height=\"479\" data-savee-read=\"true\"><\/a><\/p>\n<p>Es gibt auch schwarze Str\u00e4nde in Reykjanes und auf der Halbinsel Sn\u00e6fellsnes. Denken Sie daran: Wo auch immer Sie die <span style=\"font-weight: 400;\">Str\u00e4nde und den schwarzen Sand in Island<\/span> genie\u00dfen wollen<span style=\"font-weight: 400;\">,<\/span> stellen Sie die Sicherheit an die erste Stelle und das Vergn\u00fcgen an die zweite. <\/p>\n<h3><span style=\"font-weight: 500;\">7. V\u00edk \u00ed M\u00fdrdal<\/span><\/h3>\n<p><span style=\"font-weight: 400;\">V\u00edk \u00ed M\u00fdrdal ist ein charmantes Dorf in der N\u00e4he der ber\u00fchmten Reynisfjara, aber sein schwarzer Strand bietet ein ebenso faszinierendes Erlebnis. Der Strand von V\u00edk \u00ed M\u00fdrdal ist zwar nicht so international bekannt wie Reynisfjara, aber er ist ein echtes verstecktes Juwel und bietet eine ruhige Flucht vor den Menschenmassen. Der Strand befindet sich vor der Kulisse hoch aufragender Klippen und ausgedehnter Basaltfelsen, die ihm eine unber\u00fchrte Sch\u00f6nheit verleihen.  <\/span><\/p>\n<p><span style=\"font-weight: 400;\">Der auff\u00e4llige Kontrast zwischen dem dunklen Sand und dem \u00fcppigen Gr\u00fcn, das die Gegend umgibt, schafft eine dramatische Landschaft und macht ihn zu einem der besten Str\u00e4nde Islands. <\/span><span style=\"font-weight: 400;\">besten schwarzen Sandstr\u00e4nde<\/span><span style=\"font-weight: 400;\">. Der Strand von V\u00edk ist auch ein ruhigerer Ort als sein ber\u00fchmterer Nachbar. Er ist der perfekte Ort, um sich zu entspannen, die weite Aussicht zu genie\u00dfen und die nat\u00fcrliche Pracht ohne die gro\u00dfen Menschenmassen zu erleben.  <\/span><\/p>\n<h3><span style=\"font-weight: 500;\">8. Kaldal\u00f3n<\/span><\/h3>\n<p><span style=\"font-weight: 400;\">Kaldal\u00f3n ist ein ruhiger, abgeschiedener schwarzer Sandstrand in den abgelegenen Westfjorden, einer der rauesten und am wenigsten besuchten Regionen Islands. Dieser K\u00fcstenabschnitt wird von hoch aufragenden Klippen eingerahmt, die steil aus dem Strand aufragen. Der Strand selbst ist oft menschenleer und bietet ein unvergleichliches Gef\u00fchl der Einsamkeit und eine perfekte Gelegenheit, sich mit der rauen Sch\u00f6nheit der Natur zu verbinden.  <\/span><\/p>\n<p><span style=\"font-weight: 400;\">Nur wenige Touristen machen sich auf den Weg in diese Gegend, so dass die Besucher eine unber\u00fchrte Landschaft vorfinden. Das Aufeinandertreffen der Wellen mit dem schwarzen Sand ist ein beeindruckendes Schauspiel der Naturgewalten. Der Strand bietet unschlagbare Ausblicke auf die K\u00fcste, die Fjorde in der Ferne und den endlosen Himmel dar\u00fcber.  <\/span><\/p>\n<h3><span style=\"font-weight: 500;\">9. Skar\u00f0sv\u00edk<\/span><\/h3>\n<p><span style=\"font-weight: 400;\">Skar\u00f0sv\u00edk ist ein bezaubernder schwarzer Strand auf der Halbinsel Sn\u00e6fellsnes. Er wird oft als &#8220;Island in Miniatur&#8221; bezeichnet, weil er auf relativ kleinem Raum eine Vielzahl von Landschaften bietet. Was Skar\u00f0sv\u00edk wirklich einzigartig macht, ist der Kontrast, den er bietet &#8211; der schwarze Vulkansand des Strandes wird durch auff\u00e4llige goldene Farbt\u00f6ne entlang des Ufers erg\u00e4nzt, wodurch eine seltene Farbpalette entsteht, die sich von den    <\/span><span style=\"font-weight: 400;\">andere Str\u00e4nde<\/span><span style=\"font-weight: 400;\"> in Island. <\/span> <\/p>\n<p><span style=\"font-weight: 400;\">Die sanften Wellen, die hier gegen das Ufer schlagen, beruhigen das Wasser und sorgen f\u00fcr eine entspannte Atmosph\u00e4re. Der Strand liegt in der N\u00e4he des Sn\u00e6fellsj\u00f6kull-Nationalparks, der Heimat des ber\u00fchmten Gletschers und Vulkans Sn\u00e6fellsj\u00f6kull, der unz\u00e4hlige Mythen und Legenden inspiriert hat und unter anderem Schauplatz von Jules Vernes Reise zum Mittelpunkt der Erde war.   <\/span><\/p>\n<h3><span style=\"font-weight: 500;\">10. Sandv\u00edk<\/span><\/h3>\n<p><span style=\"font-weight: 400;\">Sandv\u00edk, in der N\u00e4he der Halbinsel Reykjanes gelegen, ist ein weiterer atemberaubender schwarzer Strand mit filmischer Bedeutung. Dieser Strand diente als Drehort f\u00fcr   <\/span><i><span style=\"font-weight: 400;\">Star Trek<\/span><\/i><i><span style=\"font-weight: 400;\">: Into Darkness<\/span><\/i><span style=\"font-weight: 400;\">  (2013), wo die trostlose Landschaft als Kulisse f\u00fcr einige der Schl\u00fcsselszenen des Films diente. Die schroffe Sch\u00f6nheit der Landschaft mit ihren zerkl\u00fcfteten Felsen und dem weiten schwarzen Sand machte sie zur perfekten Kulisse f\u00fcr den au\u00dferirdischen Schauplatz des Films. <\/span><\/p>\n<p><span style=\"font-weight: 400;\">Sandv\u00edk ist nicht nur f\u00fcr seinen filmischen Ruhm, sondern auch f\u00fcr seinen wilden Charme bekannt. Die Gegend bietet atemberaubende Ausblicke auf die Halbinsel Reykjanes und den Atlantischen Ozean, was sie zu einem unglaublichen Ort f\u00fcr Fotografen und Naturliebhaber macht. Ganz gleich, ob Sie ein Kinoliebhaber oder ein Fotograf sind, die dramatische Kulisse von Sandv\u00edk wird einen bleibenden Eindruck hinterlassen.  <\/span><\/p>\n<h2><span style=\"color: #003366;\">Reynisfjara Warnungen<\/span><\/h2>\n<p><span style=\"font-weight: 400;\">Leider gab es in Reynisfjara schon mehrere <\/span>gef\u00e4hrliche Unf\u00e4lle, bei denen Besucher den Wellengang und die Unterstr\u00f6mungen untersch\u00e4tzt haben und zu weit an den Strand gegangen sind, um dann von einer gro\u00dfen Welle erfasst zu werden, die versucht, die Person zur\u00fcck ins Meer zu ziehen. Das Meerwasser um Island ist nicht nur sehr kalt, sondern die Str\u00f6mungen auf der S\u00fcdseite sind auch sehr stark. <\/p>\n<p><strong>Lesen Sie mehr<\/strong>: <a href=\"https:\/\/www.rent.is\/blog\/be-safe-in-iceland\/\" target=\"_blank\" rel=\"noopener noreferrer\">Sicher sein in Island<\/a><\/p>\n<p><span style=\"font-weight: 400;\">Gl\u00fccklicherweise lassen sich diese<\/span>Art von Unf\u00e4llen sehr leicht vermeiden. Denken Sie nach, bevor Sie handeln, beachten Sie die Warnschilder und machen Sie Ihre Fotos aus sicherer Entfernung. Selbst kleinere Unf\u00e4lle, bei denen Sie &#8220;nur&#8221; nass werden, k\u00f6nnen dazu f\u00fchren, dass Sie Ihre Kamera, Ihr Telefon oder Ihre elektronischen Autoschl\u00fcssel zerst\u00f6ren. <span style=\"font-weight: 400;\"> Ganz zu schweigen davon, dass <\/span>N\u00e4sse und K\u00e4lte Ihrer Islandreise einen D\u00e4mpfer versetzen.  <\/p>\n<h2><span style=\"color: #003366;\"><strong>Island Schwarzer Sandstrand Sicherheit<\/strong><\/span><\/h2>\n<p><span style=\"font-weight: 400;\">Es gibt zwar ein paar <\/span><span style=\"font-weight: 400;\">schwarze Str\u00e4nde in Island<\/span><span style=\"font-weight: 400;\"> wo Sie ein (sehr kaltes) Bad nehmen k\u00f6nnen, sind die meisten von ihnen<\/span><span style=\"font-weight: 400;\"> sollten Sie aus der Ferne bewundern. <\/span> <\/p>\n<p><span style=\"font-weight: 400;\">Islands Str\u00e4nde, die f\u00fcr ihren beeindruckenden schwarzen Sand und die hoch aufragenden Basalts\u00e4ulen bekannt sind, sind auch ber\u00fcchtigt f\u00fcr m\u00e4chtige und unvorhersehbare Wellen, starke Str\u00f6mungen und Sneaker-Wellen, die selbst erfahrene Strandbesucher unvorbereitet treffen k\u00f6nnen. Diese Wellen haben in der Vergangenheit auf tragische Weise Menschenleben gefordert und uns daran erinnert, wie wichtig es ist, die Gefahren zu verstehen und zu respektieren, die von <\/span> <span style=\"font-weight: 400;\"> Die schwarzen Sandstr\u00e4nde Islands<\/span><span style=\"font-weight: 400;\">.<\/span><\/p>\n<p><span style=\"font-weight: 400;\">Sneaker Wellen<\/span><span style=\"font-weight: 400;\">, auch bekannt als Schurken-, K\u00f6nigs- oder Schl\u00e4ferwellen, sind pl\u00f6tzliche und m\u00e4chtige Wasserwellen, die ohne Vorwarnung weit an den Strand heranrauschen k\u00f6nnen und f\u00fcr jeden in der N\u00e4he eine ernste Gefahr darstellen. An den wundersch\u00f6nen schwarzen Sandstr\u00e4nden Islands, wo der Ozean f\u00fcr seine starken Str\u00f6mungen und seine Unberechenbarkeit bekannt ist, stellen die Schl\u00e4ferwellen eine gro\u00dfe Gefahr dar. Wenn sich Kinder zu nahe am Ufer aufhalten, k\u00f6nnen sie diesen gef\u00e4hrlichen Wellen besonders ausgesetzt sein. Um sicher zu sein, halten Sie immer einen sicheren Abstand zum Wasser, beachten Sie die Warnschilder und kehren Sie dem Meer niemals den R\u00fccken zu.   <\/span><\/p>\n<p><span style=\"font-weight: 400;\">Abgesehen von den potenziellen Gefahren, die das Meer mit sich bringt, <\/span><span style=\"font-weight: 400;\">Islands schwarze Sandstr\u00e4nde <\/span> <span style=\"font-weight: 400;\">sind oft von steilen Klippen und instabilem Terrain umgeben. Felsst\u00fcrze und Erdrutsche sind keine Seltenheit, insbesondere nach starken Regenf\u00e4llen oder seismischen Aktivit\u00e4ten, und stellen ein erhebliches Risiko f\u00fcr jeden dar, der sich zu nahe an die Klippen wagt. Ob Sie nun einen schwarzen Sandstrand in der N\u00e4he von Reykjavik oder dar\u00fcber hinaus erkunden  <\/span><span style=\"font-weight: 400;\">, Island<\/span><span style=\"font-weight: 400;\"> Abenteurer wie Sie m\u00fcssen auf den ausgewiesenen Wegen und Aussichtspl\u00e4tzen bleiben und der Versuchung widerstehen, Sperrgebiete zu erkunden oder auf instabile Felsformationen zu klettern.<\/span><\/p>\n<h2><span style=\"color: #003366;\"><b>Entdecken Sie <\/b><b>Islands schwarze Sandstr\u00e4nde<\/b><b> mit Rent.is<\/b><\/span><\/h2>\n<p><span style=\"font-weight: 400;\">Wenn es Ihr Traum ist <\/span><span style=\"font-weight: 400;\">besuchen Sie<\/span><span style=\"font-weight: 400;\"> a <\/span><span style=\"font-weight: 400;\">schwarzen Sandstrand, Island<\/span><span style=\"font-weight: 400;\">  ist der richtige Ort daf\u00fcr. Wir von Rent.is k\u00f6nnen Ihnen dabei mit einer breiten Palette von   <\/span><a href=\"https:\/\/www.rent.is\/\"><span style=\"font-weight: 400;\">Wohnmobilvermietung<\/span><\/a><span style=\"font-weight: 400;\">einschlie\u00dflich kleiner Campervans und Wohnmobile f\u00fcr Familien, die eine der besten und g\u00fcnstigsten M\u00f6glichkeiten sind, dieses einzigartige Land zu erkunden. <\/span> <\/p>\n<p><span style=\"font-weight: 400;\">Wir befinden uns in der N\u00e4he des Flughafens Keflavik und sind 24 Stunden am Tag, 7 Tage die Woche f\u00fcr Sie da, um Ihre Fragen zu beantworten und Ihnen eine reibungslose Reise zu erm\u00f6glichen. Und mit unserer &#8220;Jetzt buchen &#8211; sp\u00e4ter bezahlen&#8221;-Politik k\u00f6nnen Sie sich Ihr Wohnmobil ohne Vorauszahlungen sichern, was Ihnen die Planung Ihres bevorstehenden Island-Abenteuers erleichtert. <\/span><\/p>\n<p><span style=\"font-weight: 400;\">Ob Sie also das Nordlicht jagen <\/span><span style=\"font-weight: 400;\">Nordlicht<\/span><span style=\"font-weight: 400;\">, erkunden Sie einen erstaunlichen <\/span><span style=\"font-weight: 400;\">schwarzen Strand in Island<\/span><span style=\"font-weight: 400;\">oder die Landschaft von einem pr\u00e4chtigen Vulkan aus bewundern, wir sind f\u00fcr Sie da. <\/span> <\/p>\n<p><span style=\"font-weight: 400;\">Bereit f\u00fcr Ihren ersten Besuch  <\/span><span style=\"font-weight: 400;\">schwarzer Strand? Island   <\/span><span style=\"font-weight: 400;\">erwartet Sie! <\/span><a href=\"https:\/\/www.rent.is\"><span style=\"font-weight: 400;\">Kontaktieren Sie uns<\/span><\/a><span style=\"font-weight: 400;\"> um Ihr Abenteuer noch heute zu planen!<\/span><\/p>\n<p>Viel Spa\u00df beim Camping!  <strong>#WohoCamper<\/strong><\/p>\n<p><a href=\"https:\/\/www.trustpilot.com\/review\/rent.is\" target=\"_blank\" rel=\"noopener noreferrer\"><img loading=\"lazy\" decoding=\"async\" class=\"alignnone wp-image-20362\" title=\"Rent.is Bewertung\" src=\"https:\/\/www.rent.is\/wp-content\/uploads\/2023\/07\/Rent-is-review.jpg\" alt=\"Rent.is Bewertung\" width=\"155\" height=\"55\"><\/a> <a href=\"https:\/\/business.google.com\/u\/2\/reviews\/l\/11878912602216005668\" target=\"_blank\" rel=\"noopener noreferrer\"><img loading=\"lazy\" decoding=\"async\" class=\"alignnone wp-image-22010\" title=\"Miete ist auf Google\" src=\"https:\/\/www.rent.is\/wp-content\/uploads\/2023\/07\/Rent-is-on-Google.jpg\" alt=\"Miete ist auf Google\" width=\"118\" height=\"55\"><\/a><\/p>\n<h2 style=\"text-align: center;\"><span style=\"color: #003366;\">Island Reisef\u00fchrer<\/span><\/h2>\n<p style=\"text-align: center;\"><a href=\"https:\/\/www.rent.is\/blog\/the-ringroad\/\" target=\"_blank\" rel=\"noopener noreferrer\"><img loading=\"lazy\" decoding=\"async\" class=\"alignnone wp-image-3189\" title=\"Die Ringstra\u00dfe Reisef\u00fchrer\" src=\"https:\/\/www.rent.is\/wp-content\/uploads\/2023\/07\/The-Ring-Road-Travel-Guide.jpg\" alt=\"Die Ringstra\u00dfe Reisef\u00fchrer\" width=\"434\" height=\"146\"><\/a> <a href=\"https:\/\/www.rent.is\/blog\/waterfalls-in-iceland\/\" target=\"_blank\" rel=\"noopener noreferrer\"><img loading=\"lazy\" decoding=\"async\" class=\"alignnone wp-image-7132\" title=\"Wasserfall Reisef\u00fchrer\" src=\"https:\/\/www.rent.is\/wp-content\/uploads\/2023\/07\/Waterfall-Travel-guide.jpg\" alt=\"Wasserfall Reisef\u00fchrer\" width=\"434\" height=\"145\"><\/a><\/p>\n<p style=\"text-align: center;\"><span style=\"color: #333333;\">Wenn Ihnen gef\u00e4llt, was Sie sehen, abonnieren Sie bitte <\/span><a href=\"https:\/\/www.youtube.com\/c\/CamperVanRentalsIceland\" target=\"_blank\" rel=\"noopener noreferrer\"><span style=\"color: #333333;\">abonnieren Sie unser <\/span><strong><span style=\"color: #ff0000;\">YouTube<\/span><\/strong><span style=\"color: #333333;\"> Kanal<\/span><\/a><span style=\"color: #333333;\">!<\/span><\/p>\n","protected":false},"excerpt":{"rendered":"<p>Schwarze Sandstr\u00e4nde sind eines der einzigartigeren Ziele, die wir in Island haben. Mit einem Wohnmobil k\u00f6nnen Sie durch Island fahren und sie alle besuchen und in ihrer N\u00e4he campen. <\/p>\n","protected":false},"author":2,"featured_media":12449,"comment_status":"closed","ping_status":"closed","sticky":false,"template":"","format":"standard","meta":{"_acf_changed":false,"footnotes":""},"categories":[722],"tags":[794,795,796],"class_list":["post-67299","post","type-post","status-publish","format-standard","has-post-thumbnail","hentry","category-blog","tag-islandreise","tag-schwarze-sandstrande","tag-sud-island"],"acf":[],"yoast_head":"<!-- This site is optimized with the Yoast SEO plugin v26.4 - https:\/\/yoast.com\/wordpress\/plugins\/seo\/ -->\n<title>Must See Black Sand Beaches Island: Reisef\u00fchrer | Rent.is<\/title>\n<meta name=\"description\" content=\"Entdecken Sie ikonische schwarze Sandstr\u00e4nde in Island wie Reynisfjara. Entdecken Sie atemberaubende K\u00fcstenlandschaften und nat\u00fcrliche Sch\u00f6nheit. Beginnen Sie Ihr Island-Abenteuer jetzt!\" \/>\n<meta name=\"robots\" content=\"index, follow, max-snippet:-1, max-image-preview:large, max-video-preview:-1\" \/>\n<link rel=\"canonical\" href=\"https:\/\/www.rent.is\/de\/blog\/schwarze-sandstraende-in-island-ein-naturwunder-zum-besuchen\/\" \/>\n<meta property=\"og:locale\" content=\"de_DE\" \/>\n<meta property=\"og:type\" content=\"article\" \/>\n<meta property=\"og:title\" content=\"Must See Black Sand Beaches Island: Reisef\u00fchrer | Rent.is\" \/>\n<meta property=\"og:description\" content=\"Entdecken Sie ikonische schwarze Sandstr\u00e4nde in Island wie Reynisfjara. Entdecken Sie atemberaubende K\u00fcstenlandschaften und nat\u00fcrliche Sch\u00f6nheit. Beginnen Sie Ihr Island-Abenteuer jetzt!\" \/>\n<meta property=\"og:url\" content=\"https:\/\/www.rent.is\/de\/blog\/schwarze-sandstraende-in-island-ein-naturwunder-zum-besuchen\/\" \/>\n<meta property=\"og:site_name\" content=\"Rent.is\" \/>\n<meta property=\"article:publisher\" content=\"https:\/\/www.facebook.com\/campervansIceland\/\" \/>\n<meta property=\"article:published_time\" content=\"2021-01-08T00:00:00+00:00\" \/>\n<meta property=\"og:image\" content=\"https:\/\/www.rent.is\/wp-content\/uploads\/2023\/07\/Black-sand-beaches-Iceland.jpg\" \/>\n\t<meta property=\"og:image:width\" content=\"1974\" \/>\n\t<meta property=\"og:image:height\" content=\"881\" \/>\n\t<meta property=\"og:image:type\" content=\"image\/jpeg\" \/>\n<meta name=\"author\" content=\"stefan\" \/>\n<meta name=\"twitter:card\" content=\"summary_large_image\" \/>\n<meta name=\"twitter:creator\" content=\"@CampersIceland\" \/>\n<meta name=\"twitter:site\" content=\"@CampersIceland\" \/>\n<meta name=\"twitter:label1\" content=\"Verfasst von\" \/>\n\t<meta name=\"twitter:data1\" content=\"stefan\" \/>\n\t<meta name=\"twitter:label2\" content=\"Gesch\u00e4tzte Lesezeit\" \/>\n\t<meta name=\"twitter:data2\" content=\"12\u00a0Minuten\" \/>\n<script type=\"application\/ld+json\" class=\"yoast-schema-graph\">{\"@context\":\"https:\/\/schema.org\",\"@graph\":[{\"@type\":[\"Article\",\"BlogPosting\"],\"@id\":\"https:\/\/www.rent.is\/de\/blog\/schwarze-sandstraende-in-island-ein-naturwunder-zum-besuchen\/#article\",\"isPartOf\":{\"@id\":\"https:\/\/www.rent.is\/de\/blog\/schwarze-sandstraende-in-island-ein-naturwunder-zum-besuchen\/\"},\"author\":{\"name\":\"stefan\",\"@id\":\"https:\/\/www.rent.is\/de\/#\/schema\/person\/662b295fc36b64f4b277a7de21ede453\"},\"headline\":\"Schwarze Sandstr\u00e4nde in Island: Ein Naturwunder zum Besuchen\",\"datePublished\":\"2021-01-08T00:00:00+00:00\",\"mainEntityOfPage\":{\"@id\":\"https:\/\/www.rent.is\/de\/blog\/schwarze-sandstraende-in-island-ein-naturwunder-zum-besuchen\/\"},\"wordCount\":2463,\"publisher\":{\"@id\":\"https:\/\/www.rent.is\/de\/#organization\"},\"image\":{\"@id\":\"https:\/\/www.rent.is\/de\/blog\/schwarze-sandstraende-in-island-ein-naturwunder-zum-besuchen\/#primaryimage\"},\"thumbnailUrl\":\"https:\/\/www.rent.is\/wp-content\/uploads\/2023\/07\/Black-sand-beaches-Iceland.jpg\",\"keywords\":[\"Islandreise\",\"Schwarze Sandstr\u00e4nde\",\"S\u00fcd-Island\"],\"articleSection\":[\"Blog\"],\"inLanguage\":\"de\"},{\"@type\":\"WebPage\",\"@id\":\"https:\/\/www.rent.is\/de\/blog\/schwarze-sandstraende-in-island-ein-naturwunder-zum-besuchen\/\",\"url\":\"https:\/\/www.rent.is\/de\/blog\/schwarze-sandstraende-in-island-ein-naturwunder-zum-besuchen\/\",\"name\":\"Must See Black Sand Beaches Island: Reisef\u00fchrer | Rent.is\",\"isPartOf\":{\"@id\":\"https:\/\/www.rent.is\/de\/#website\"},\"primaryImageOfPage\":{\"@id\":\"https:\/\/www.rent.is\/de\/blog\/schwarze-sandstraende-in-island-ein-naturwunder-zum-besuchen\/#primaryimage\"},\"image\":{\"@id\":\"https:\/\/www.rent.is\/de\/blog\/schwarze-sandstraende-in-island-ein-naturwunder-zum-besuchen\/#primaryimage\"},\"thumbnailUrl\":\"https:\/\/www.rent.is\/wp-content\/uploads\/2023\/07\/Black-sand-beaches-Iceland.jpg\",\"datePublished\":\"2021-01-08T00:00:00+00:00\",\"description\":\"Entdecken Sie ikonische schwarze Sandstr\u00e4nde in Island wie Reynisfjara. Entdecken Sie atemberaubende K\u00fcstenlandschaften und nat\u00fcrliche Sch\u00f6nheit. Beginnen Sie Ihr Island-Abenteuer jetzt!\",\"inLanguage\":\"de\",\"potentialAction\":[{\"@type\":\"ReadAction\",\"target\":[\"https:\/\/www.rent.is\/de\/blog\/schwarze-sandstraende-in-island-ein-naturwunder-zum-besuchen\/\"]}]},{\"@type\":\"ImageObject\",\"inLanguage\":\"de\",\"@id\":\"https:\/\/www.rent.is\/de\/blog\/schwarze-sandstraende-in-island-ein-naturwunder-zum-besuchen\/#primaryimage\",\"url\":\"https:\/\/www.rent.is\/wp-content\/uploads\/2023\/07\/Black-sand-beaches-Iceland.jpg\",\"contentUrl\":\"https:\/\/www.rent.is\/wp-content\/uploads\/2023\/07\/Black-sand-beaches-Iceland.jpg\",\"width\":1974,\"height\":881,\"caption\":\"Woman walking at a black sand beach\"},{\"@type\":\"WebSite\",\"@id\":\"https:\/\/www.rent.is\/de\/#website\",\"url\":\"https:\/\/www.rent.is\/de\/\",\"name\":\"Rent.is\",\"description\":\"Camper Van Iceland - Rent a camper, RV, or Motorhome\",\"publisher\":{\"@id\":\"https:\/\/www.rent.is\/de\/#organization\"},\"alternateName\":\"Rent\",\"potentialAction\":[{\"@type\":\"SearchAction\",\"target\":{\"@type\":\"EntryPoint\",\"urlTemplate\":\"https:\/\/www.rent.is\/de\/?s={search_term_string}\"},\"query-input\":{\"@type\":\"PropertyValueSpecification\",\"valueRequired\":true,\"valueName\":\"search_term_string\"}}],\"inLanguage\":\"de\"},{\"@type\":\"Organization\",\"@id\":\"https:\/\/www.rent.is\/de\/#organization\",\"name\":\"Rent\",\"alternateName\":\"Rent Campervan Iceland\",\"url\":\"https:\/\/www.rent.is\/de\/\",\"logo\":{\"@type\":\"ImageObject\",\"inLanguage\":\"de\",\"@id\":\"https:\/\/www.rent.is\/de\/#\/schema\/logo\/image\/\",\"url\":\"https:\/\/www.rent.is\/wp-content\/uploads\/2023\/06\/Rent-logo__blue.svg\",\"contentUrl\":\"https:\/\/www.rent.is\/wp-content\/uploads\/2023\/06\/Rent-logo__blue.svg\",\"caption\":\"Rent\"},\"image\":{\"@id\":\"https:\/\/www.rent.is\/de\/#\/schema\/logo\/image\/\"},\"sameAs\":[\"https:\/\/www.facebook.com\/campervansIceland\/\",\"https:\/\/x.com\/CampersIceland\"]},{\"@type\":\"Person\",\"@id\":\"https:\/\/www.rent.is\/de\/#\/schema\/person\/662b295fc36b64f4b277a7de21ede453\",\"name\":\"stefan\",\"image\":{\"@type\":\"ImageObject\",\"inLanguage\":\"de\",\"@id\":\"https:\/\/www.rent.is\/de\/#\/schema\/person\/image\/\",\"url\":\"https:\/\/www.rent.is\/wp-content\/litespeed\/avatar\/7c4ae354d426fcf52b3618bd54a23f90.jpg?ver=1777457773\",\"contentUrl\":\"https:\/\/www.rent.is\/wp-content\/litespeed\/avatar\/7c4ae354d426fcf52b3618bd54a23f90.jpg?ver=1777457773\",\"caption\":\"stefan\"},\"description\":\"Stef\u00e1n is an Icelandic web development manager who grew up in the charming coastal town of H\u00f6fn, located in the breathtaking southeast of Iceland. Now based in Reykjav\u00edk, Stef\u00e1n is passionate about travel, especially exploring Iceland\u2019s unique landscapes. With a deep appreciation for Icelandic nature and activities.\",\"url\":\"https:\/\/www.rent.is\/de\/author\/stefan\/\"}]}<\/script>\n<!-- \/ Yoast SEO plugin. -->","yoast_head_json":{"title":"Must See Black Sand Beaches Island: Reisef\u00fchrer | Rent.is","description":"Entdecken Sie ikonische schwarze Sandstr\u00e4nde in Island wie Reynisfjara. Entdecken Sie atemberaubende K\u00fcstenlandschaften und nat\u00fcrliche Sch\u00f6nheit. Beginnen Sie Ihr Island-Abenteuer jetzt!","robots":{"index":"index","follow":"follow","max-snippet":"max-snippet:-1","max-image-preview":"max-image-preview:large","max-video-preview":"max-video-preview:-1"},"canonical":"https:\/\/www.rent.is\/de\/blog\/schwarze-sandstraende-in-island-ein-naturwunder-zum-besuchen\/","og_locale":"de_DE","og_type":"article","og_title":"Must See Black Sand Beaches Island: Reisef\u00fchrer | Rent.is","og_description":"Entdecken Sie ikonische schwarze Sandstr\u00e4nde in Island wie Reynisfjara. Entdecken Sie atemberaubende K\u00fcstenlandschaften und nat\u00fcrliche Sch\u00f6nheit. Beginnen Sie Ihr Island-Abenteuer jetzt!","og_url":"https:\/\/www.rent.is\/de\/blog\/schwarze-sandstraende-in-island-ein-naturwunder-zum-besuchen\/","og_site_name":"Rent.is","article_publisher":"https:\/\/www.facebook.com\/campervansIceland\/","article_published_time":"2021-01-08T00:00:00+00:00","og_image":[{"width":1974,"height":881,"url":"https:\/\/www.rent.is\/wp-content\/uploads\/2023\/07\/Black-sand-beaches-Iceland.jpg","type":"image\/jpeg"}],"author":"stefan","twitter_card":"summary_large_image","twitter_creator":"@CampersIceland","twitter_site":"@CampersIceland","twitter_misc":{"Verfasst von":"stefan","Gesch\u00e4tzte Lesezeit":"12\u00a0Minuten"},"schema":{"@context":"https:\/\/schema.org","@graph":[{"@type":["Article","BlogPosting"],"@id":"https:\/\/www.rent.is\/de\/blog\/schwarze-sandstraende-in-island-ein-naturwunder-zum-besuchen\/#article","isPartOf":{"@id":"https:\/\/www.rent.is\/de\/blog\/schwarze-sandstraende-in-island-ein-naturwunder-zum-besuchen\/"},"author":{"name":"stefan","@id":"https:\/\/www.rent.is\/de\/#\/schema\/person\/662b295fc36b64f4b277a7de21ede453"},"headline":"Schwarze Sandstr\u00e4nde in Island: Ein Naturwunder zum Besuchen","datePublished":"2021-01-08T00:00:00+00:00","mainEntityOfPage":{"@id":"https:\/\/www.rent.is\/de\/blog\/schwarze-sandstraende-in-island-ein-naturwunder-zum-besuchen\/"},"wordCount":2463,"publisher":{"@id":"https:\/\/www.rent.is\/de\/#organization"},"image":{"@id":"https:\/\/www.rent.is\/de\/blog\/schwarze-sandstraende-in-island-ein-naturwunder-zum-besuchen\/#primaryimage"},"thumbnailUrl":"https:\/\/www.rent.is\/wp-content\/uploads\/2023\/07\/Black-sand-beaches-Iceland.jpg","keywords":["Islandreise","Schwarze Sandstr\u00e4nde","S\u00fcd-Island"],"articleSection":["Blog"],"inLanguage":"de"},{"@type":"WebPage","@id":"https:\/\/www.rent.is\/de\/blog\/schwarze-sandstraende-in-island-ein-naturwunder-zum-besuchen\/","url":"https:\/\/www.rent.is\/de\/blog\/schwarze-sandstraende-in-island-ein-naturwunder-zum-besuchen\/","name":"Must See Black Sand Beaches Island: Reisef\u00fchrer | Rent.is","isPartOf":{"@id":"https:\/\/www.rent.is\/de\/#website"},"primaryImageOfPage":{"@id":"https:\/\/www.rent.is\/de\/blog\/schwarze-sandstraende-in-island-ein-naturwunder-zum-besuchen\/#primaryimage"},"image":{"@id":"https:\/\/www.rent.is\/de\/blog\/schwarze-sandstraende-in-island-ein-naturwunder-zum-besuchen\/#primaryimage"},"thumbnailUrl":"https:\/\/www.rent.is\/wp-content\/uploads\/2023\/07\/Black-sand-beaches-Iceland.jpg","datePublished":"2021-01-08T00:00:00+00:00","description":"Entdecken Sie ikonische schwarze Sandstr\u00e4nde in Island wie Reynisfjara. Entdecken Sie atemberaubende K\u00fcstenlandschaften und nat\u00fcrliche Sch\u00f6nheit. Beginnen Sie Ihr Island-Abenteuer jetzt!","inLanguage":"de","potentialAction":[{"@type":"ReadAction","target":["https:\/\/www.rent.is\/de\/blog\/schwarze-sandstraende-in-island-ein-naturwunder-zum-besuchen\/"]}]},{"@type":"ImageObject","inLanguage":"de","@id":"https:\/\/www.rent.is\/de\/blog\/schwarze-sandstraende-in-island-ein-naturwunder-zum-besuchen\/#primaryimage","url":"https:\/\/www.rent.is\/wp-content\/uploads\/2023\/07\/Black-sand-beaches-Iceland.jpg","contentUrl":"https:\/\/www.rent.is\/wp-content\/uploads\/2023\/07\/Black-sand-beaches-Iceland.jpg","width":1974,"height":881,"caption":"Woman walking at a black sand beach"},{"@type":"WebSite","@id":"https:\/\/www.rent.is\/de\/#website","url":"https:\/\/www.rent.is\/de\/","name":"Rent.is","description":"Camper Van Iceland - Rent a camper, RV, or Motorhome","publisher":{"@id":"https:\/\/www.rent.is\/de\/#organization"},"alternateName":"Rent","potentialAction":[{"@type":"SearchAction","target":{"@type":"EntryPoint","urlTemplate":"https:\/\/www.rent.is\/de\/?s={search_term_string}"},"query-input":{"@type":"PropertyValueSpecification","valueRequired":true,"valueName":"search_term_string"}}],"inLanguage":"de"},{"@type":"Organization","@id":"https:\/\/www.rent.is\/de\/#organization","name":"Rent","alternateName":"Rent Campervan Iceland","url":"https:\/\/www.rent.is\/de\/","logo":{"@type":"ImageObject","inLanguage":"de","@id":"https:\/\/www.rent.is\/de\/#\/schema\/logo\/image\/","url":"https:\/\/www.rent.is\/wp-content\/uploads\/2023\/06\/Rent-logo__blue.svg","contentUrl":"https:\/\/www.rent.is\/wp-content\/uploads\/2023\/06\/Rent-logo__blue.svg","caption":"Rent"},"image":{"@id":"https:\/\/www.rent.is\/de\/#\/schema\/logo\/image\/"},"sameAs":["https:\/\/www.facebook.com\/campervansIceland\/","https:\/\/x.com\/CampersIceland"]},{"@type":"Person","@id":"https:\/\/www.rent.is\/de\/#\/schema\/person\/662b295fc36b64f4b277a7de21ede453","name":"stefan","image":{"@type":"ImageObject","inLanguage":"de","@id":"https:\/\/www.rent.is\/de\/#\/schema\/person\/image\/","url":"https:\/\/www.rent.is\/wp-content\/litespeed\/avatar\/7c4ae354d426fcf52b3618bd54a23f90.jpg?ver=1777457773","contentUrl":"https:\/\/www.rent.is\/wp-content\/litespeed\/avatar\/7c4ae354d426fcf52b3618bd54a23f90.jpg?ver=1777457773","caption":"stefan"},"description":"Stef\u00e1n is an Icelandic web development manager who grew up in the charming coastal town of H\u00f6fn, located in the breathtaking southeast of Iceland. Now based in Reykjav\u00edk, Stef\u00e1n is passionate about travel, especially exploring Iceland\u2019s unique landscapes. With a deep appreciation for Icelandic nature and activities.","url":"https:\/\/www.rent.is\/de\/author\/stefan\/"}]}},"_links":{"self":[{"href":"https:\/\/www.rent.is\/de\/wp-json\/wp\/v2\/posts\/67299","targetHints":{"allow":["GET"]}}],"collection":[{"href":"https:\/\/www.rent.is\/de\/wp-json\/wp\/v2\/posts"}],"about":[{"href":"https:\/\/www.rent.is\/de\/wp-json\/wp\/v2\/types\/post"}],"author":[{"embeddable":true,"href":"https:\/\/www.rent.is\/de\/wp-json\/wp\/v2\/users\/2"}],"replies":[{"embeddable":true,"href":"https:\/\/www.rent.is\/de\/wp-json\/wp\/v2\/comments?post=67299"}],"version-history":[{"count":0,"href":"https:\/\/www.rent.is\/de\/wp-json\/wp\/v2\/posts\/67299\/revisions"}],"wp:featuredmedia":[{"embeddable":true,"href":"https:\/\/www.rent.is\/de\/wp-json\/wp\/v2\/media\/12449"}],"wp:attachment":[{"href":"https:\/\/www.rent.is\/de\/wp-json\/wp\/v2\/media?parent=67299"}],"wp:term":[{"taxonomy":"category","embeddable":true,"href":"https:\/\/www.rent.is\/de\/wp-json\/wp\/v2\/categories?post=67299"},{"taxonomy":"post_tag","embeddable":true,"href":"https:\/\/www.rent.is\/de\/wp-json\/wp\/v2\/tags?post=67299"}],"curies":[{"name":"wp","href":"https:\/\/api.w.org\/{rel}","templated":true}]}}