{"id":67329,"date":"2021-06-10T10:41:00","date_gmt":"2021-06-10T10:41:00","guid":{"rendered":"https:\/\/www.rent.is\/uncategorized-da\/island-om-sommeren-en-saesonbestemt-guide\/"},"modified":"2025-05-16T15:11:51","modified_gmt":"2025-05-16T15:11:51","slug":"island-om-sommeren-en-saesonbestemt-guide","status":"publish","type":"post","link":"https:\/\/www.rent.is\/da\/blog-da\/island-om-sommeren-en-saesonbestemt-guide\/","title":{"rendered":"Island om sommeren: En s\u00e6sonbestemt guide"},"content":{"rendered":"\n<p>Sommeren forvandler Island p\u00e5 de smukkeste m\u00e5der. Snet\u00e6ppet tynder ud, og du kan se regionens sk\u00f8nhed i sin sande form! P\u00e5 min rejse elskede jeg is\u00e6r de smaragdgr\u00f8nne dale og de brusende vandfald p\u00e5 Island. Det ville ikke v\u00e6re en overdrivelse, hvis jeg sagde, at jeg efterlod et stykke af mit hjerte i de fantastiske marker med vilde blomster i \u00f8-landet.     <\/p>\n\n<p>Jeg vil gerne bruge dette blogindl\u00e6g til at dele min erfaring med at bes\u00f8ge Island om sommeren, n\u00e6rmere bestemt Vestfjordene og Norden. Lad os tale om alt fra vejret og aktiviteterne til den ultimative pakkeliste til den islandske sommer!   <\/p>\n\n<figure class=\"wp-block-image is-resized\"><img decoding=\"async\" src=\"https:\/\/lh7-us.googleusercontent.com\/WtfIj1yCb1jE0xGiQjTESwKKmwAVW8QEDR6mbGnEc88X3QfhRIDMrPJacKZCPULy0RKhHpIoXUUY_RLk6aoWT2WcDzWcUjOr99EwyYtQGiapHmu63s53MIDsj70cAiYtuX8viz12IkcGo5TAbX2KqcY\" alt=\"Vandfald og bjerge i Island\" style=\"width:838px;height:auto\"\/><\/figure>\n\n<h2 class=\"wp-block-heading\">Hvordan er Island om sommeren?  <\/h2>\n\n<p>Island kan godt blive meget turistet fra juni til august, men det er et af de f\u00e5 steder, jeg vil anbefale at bes\u00f8ge i disse m\u00e5neder.  <em>For Island er bare s\u00e5 godt om sommeren!<\/em><\/p>\n\n<h2 class=\"wp-block-heading\">Vejret i Island om sommeren  <\/h2>\n\n<p>Islands sommertemperaturer f\u00f8les som det, jeg vil kalde en gr\u00e6nses\u00f8gende &#8220;kold sommer&#8221;. Generelt kan du forvente temperaturer p\u00e5 mellem 10 og 13 \u00b0C (50 og 55 \u00b0F). Nogle f\u00e5 dage kan temperaturen n\u00e5 op p\u00e5 20-25 \u00b0C (68-77 \u00b0F). Det betyder, at det er varmt nok til at nyde udelivet &#8211; men k\u00f8ligt nok til, at du ikke bliver overophedet under aktiviteterne.     <\/p>\n\n<p>Hvorn\u00e5r er det sommer i Island? Den islandske sommer str\u00e6kker sig fra midten af juni til slutningen af august, hvor juli og august er de varmeste m\u00e5neder. Landet ligger lige under polarcirklen og oplever lange dagtimer om sommeren, hvor den ber\u00f8mte <a href=\"https:\/\/www.rent.is\/camperstories\/trip-land-midnight-sun\/\">midnatssol<\/a> oplyser den <a href=\"https:\/\/www.rent.is\/blog\/iceland-night-sky\/\">islandske nattehimmel<\/a> i n\u00e6sten 24 timer i d\u00f8gnet fra midten af juni til begyndelsen af juli &#8211; et virkelig spektakul\u00e6rt syn, som jeg anbefaler alle at opleve mindst \u00e9n gang i deres liv!    <\/p>\n\n<h3 class=\"wp-block-heading\">Juni<\/h3>\n\n<p>Juni markerer begyndelsen p\u00e5 sommeren i Island. Dagene begynder at blive l\u00e6ngere, og midnatssolen begynder at kaste sit daglange lys over landskabet. I takt med at isen langsomt smelter, og temperaturerne stiger, bliver landskabet mere og mere gr\u00f8nt med enkelte pletter af sne. Temperaturerne er stadig relativt kolde, typisk mellem 8 \u00b0C og 13 \u00b0C, men med det rigtige t\u00f8j er det det perfekte tidspunkt til udend\u00f8rs eventyr som vandreture, hvalsafari og udforskning af Islands smukke <a href=\"https:\/\/www.rent.is\/blog\/waterfalls-in-iceland\/\">vandfald<\/a> og geotermiske vidundere.   <\/p>\n\n<h3 class=\"wp-block-heading\">Island i juli<\/h3>\n\n<p>Juli er h\u00f8jsommer i Island med lange dage fyldt med endel\u00f8st sollys. Det islandske vejr i juli er generelt mildt med gennemsnitstemperaturer mellem 10 \u00b0C og 15 \u00b0C (50 \u00b0F og 59 \u00b0F). Det er en af de mest popul\u00e6re m\u00e5neder at bes\u00f8ge Island i, da landskabet st\u00e5r i fuldt flor og byder p\u00e5 spektakul\u00e6re landskaber til vandreture, camping og fotografering. Det er ogs\u00e5 et godt tidspunkt at deltage i arrangementer og sommerfestivaler og fordybe sig i den lokale kultur.     <\/p>\n\n<h3 class=\"wp-block-heading\">Island i august<\/h3>\n\n<p>N\u00e5r sommeren g\u00e5r p\u00e5 h\u00e6ld, forbliver dagene i august lange med behageligt vejr, selvom temperaturerne begynder at falde en smule, fra 9\u00b0C til 14\u00b0C (48\u00b0F til 57\u00b0F) i gennemsnit. P\u00e5 trods af det lille fald i temperaturen er august stadig en god m\u00e5ned til at udforske Islands naturlige sev\u00e6rdigheder, fra gletsjere til vulkanske steder. Det er ogs\u00e5 et ideelt tidspunkt for aktiviteter som ridning, fuglekiggeri, solnedgangsjagt og badning i geotermiske varme kilder.  <\/p>\n\n<h2 class=\"wp-block-heading\">Vestfjordene om sommeren  <\/h2>\n\n<p>Vestfjordene er en dr\u00f8m for en landskabsfotograf. Forrevne bjergtoppe skraber mod himlen &#8211; og om sommeren er deres skr\u00e5ninger d\u00e6kket af et levende gr\u00f8nt t\u00e6ppe. Island er kendt for sine majest\u00e6tiske fjorde, som sk\u00e6rer sig dybt ind i landet og skaber imponerende panoramaer, hvor t\u00e5rnh\u00f8je klipper m\u00f8der havet. Dette afsl\u00f8rer en af de mest dramatiske kystlinjer, jeg nogensinde har set!     <\/p>\n\n<p>Glem alt om <a href=\"https:\/\/www.rent.is\/da\/blog-da\/sorte-sandstrande-i-island-et-naturligt-vidunder-at-besoege\/\">sorte sandstrande<\/a> (selvom de ogs\u00e5 findes her!). Vestfjordene er ber\u00f8mte for deres lange str\u00e6kninger med gyldent sand. Rau\u00f0asandur-stranden har f.eks. r\u00f8dgyldent sand, der skinner i sollyset. Lad os forestille os det s\u00e5dan her: Du slentrer langs disse uber\u00f8rte kyster, de k\u00f8lige atlanterhavsb\u00f8lger skvulper mod dine t\u00e6er, og havets vidder m\u00f8der horisonten.     <\/p>\n\n<figure class=\"wp-block-image is-resized\"><img decoding=\"async\" src=\"https:\/\/lh7-us.googleusercontent.com\/ZF716YrCkIf9czkkIM2gLBX3mBLBujeaGdoV07uWXqk1-FpbLqiCFBl4utS8O8FPjLNTMcMVT871DgYZJUEF3wR8qcBcyVkrVDZF5hj_xcxpiNwnkjiPm1b9s20GIP-T6cMtiml7rqCK5y1ebwUa-Sg\" alt=\"Rau&#xF0;asandur strand\" style=\"width:839px;height:auto\"\/><\/figure>\n\n<p>Og glem ikke markerne! Vestfjordene har fantastiske gr\u00f8nne marker &#8211; et syn, du kun kan opleve p\u00e5 denne destination.   <\/p>\n\n<h2 class=\"wp-block-heading\">Nordisland om sommeren<\/h2>\n\n<p>Mens Vestfjordene imponerer med deres dramatiske kystlinjer, byder Nordisland p\u00e5 en anden form for magi. Her er landskabet domineret af nationalparker, vandfald og et strejf af arktisk kulde. <\/p>\n\n<p>Vulkanske bjerge &#8211; malet med nuancer af sort, brun og r\u00f8d &#8211; rejser sig fra de flade sletter. Massive gletsjere sk\u00e6rer sig vej gennem landskabet. Og det efterlader isbjerge, som ligger i turkise gletsjers\u00f8er (se nedenfor for en passende udsigt!). Denne r\u00e5, ut\u00e6mmede sk\u00f8nhed er et syn for guder.     <\/p>\n\n<p>K\u00f8returen gennem Nordisland er en oplevelse i sig selv. Lange, snoede veje snor sig over sletterne. Nogle gange f\u00e5r du \u00f8je p\u00e5 en islandsk landsby undervejs. F\u00f8lelsen af afsides beliggenhed er s\u00e5 oplivende &#8211; jeg blev virkelig styrket af den r\u00e5 natur, der omgav mig p\u00e5 min tur! (Du skal dog v\u00e6re forberedt p\u00e5 den k\u00f8lige luft, du vil m\u00e6rke, n\u00e5r du ruller vinduet ned).      <\/p>\n\n<figure class=\"wp-block-image is-resized\"><img decoding=\"async\" src=\"https:\/\/lh7-us.googleusercontent.com\/5nYbPb4Ms1s0BzxIPNdY0nw5jE9MAgtaNsKFW4mmhthNwQPRzzx-WgU1OQ3jnLOUBdE7FhT5ZWRhmXVBPjxA8BMPBeXFlqSeiNfFb9EEHMHEAyJFliy38J3P0JafKZXs9c2MFfBLdrJup1GRX9ImY_I\" alt=\"Hvalhale i havet\" style=\"width:840px;height:auto\"\/><\/figure>\n\n<h2 class=\"wp-block-heading\">Hvad skal man pakke til Island om sommeren?  <\/h2>\n\n<p>Som du kan forvente, er det ikke det samme at pakke til Island om sommeren som at pakke til Caribien om sommeren. N\u00e5r du pakker til Islands sommervejr, skal du s\u00f8rge for at have lag p\u00e5 lag af kort- og lang\u00e6rmede skjorter og tr\u00f8jer, s\u00e5 du er forberedt p\u00e5 pludselige temperatur\u00e6ndringer. Du kan ogs\u00e5 forvente regnbyger, s\u00e5 det er en god id\u00e9 at medbringe vandt\u00e6tte jakker og vandresko. Du b\u00f8r ogs\u00e5 pakke andre vigtige ting til rejsen. Badet\u00f8j, solbeskyttelse, fugtighedscreme &#8230; du kender rutinen.    <\/p>\n\n<p>Se her, hvad du skal pakke til et islandsk sommereventyr:<\/p>\n\n<p><strong>Bekl\u00e6dning<\/strong><\/p>\n\n<ul class=\"wp-block-list\">\n<li>Lette, fugttransporterende basislag  <\/li>\n\n\n\n<li>Fleecejakke<\/li>\n\n\n\n<li>Vand- og vindt\u00e6t jakke<\/li>\n\n\n\n<li>Vandt\u00e6tte bukser<\/li>\n\n\n\n<li>Behagelige vandrebukser (jeans, leggings osv.) og shorts  <\/li>\n\n\n\n<li>Lang\u00e6rmede skjorter til lag-p\u00e5-lag<\/li>\n\n\n\n<li>T-shirts<\/li>\n\n\n\n<li>Badet\u00f8j (til varme kilder eller swimmingpools)<\/li>\n\n\n\n<li>Tykke sokker (uld eller syntetiske til vandring)<\/li>\n\n\n\n<li>Vandt\u00e6tte vandrest\u00f8vler, helst med en h\u00f8jere ankel for mere stabilitet (s\u00f8rg for at g\u00e5 dem til, f\u00f8r du tager af sted!)  <\/li>\n\n\n\n<li>Behagelige vandresko eller flade sko til at g\u00e5 til middag eller udforske byen i<\/li>\n\n\n\n<li>Vandsko eller flip flops<\/li>\n\n\n\n<li>Huer, handsker og halst\u00f8rkl\u00e6de til kolde n\u00e6tter<\/li>\n<\/ul>\n\n<p><strong>Udstyr og tilbeh\u00f8r<\/strong><\/p>\n\n<ul class=\"wp-block-list\">\n<li>Hat og solbriller til solbeskyttelse<\/li>\n\n\n\n<li>Dagtursrygs\u00e6k til <a href=\"https:\/\/www.rent.is\/blog\/hiking-in-iceland\/\">vandring<\/a> og udforskning<\/li>\n\n\n\n<li>Genanvendelig vandflaske  <\/li>\n\n\n\n<li>\u00d8jenmaske, hvis du planl\u00e6gger at bes\u00f8ge landet under midnatssolen eller sommersolhverv<\/li>\n\n\n\n<li>Kikkert<\/li>\n\n\n\n<li>B\u00e6rbar powerbank  <\/li>\n\n\n\n<li>Kameraudstyr og batterier<\/li>\n\n\n\n<li>Rejseadapter og omformer til islandske stikkontakter<\/li>\n\n\n\n<li>Letv\u00e6gtsh\u00e5ndkl\u00e6der (hurtigt\u00f8rrende)<\/li>\n\n\n\n<li>Personlige toiletsager og medicin<\/li>\n\n\n\n<li>Insektmiddel (is\u00e6r til vandreture i gr\u00e6skl\u00e6dte omr\u00e5der)<\/li>\n\n\n\n<li>Solcreme med h\u00f8j SPF<\/li>\n\n\n\n<li>L\u00e6bepomade med SPF<\/li>\n\n\n\n<li>F\u00f8rstehj\u00e6lpskasse<\/li>\n\n\n\n<li>Kontanter i islandske kroner<\/li>\n<\/ul>\n\n<figure class=\"wp-block-image is-resized\"><img decoding=\"async\" src=\"https:\/\/lh7-us.googleusercontent.com\/7m3uLXRokBP1ZLeLc1rnPHm0n0WtCmFaMawqE0UXi7X8yW7HaKeu3xmfhwf4Xwdg3re8KuplbWXSGugc3alVUQIbhNnYZtz8MytcDJBhP49-jZls6Bkw1jIt-cptCmHN-IMYgXSWllLA7j_y6Ch6UP8\" alt=\"Gr&#xF8;nne marker, hav og bjerge p&#xE5; Island\" style=\"width:841px;height:auto\"\/><\/figure>\n\n<h2 class=\"wp-block-heading\">Hvad kan man lave i Island om sommeren?  <\/h2>\n\n<p>I Island er der masser af ting at lave om sommeren, s\u00e5 uanset hvor l\u00e6nge du planl\u00e6gger at bes\u00f8ge landet, vil du aldrig l\u00f8be t\u00f8r for udend\u00f8rsaktiviteter. Jeg elskede is\u00e6r Vestfjordene og Nord\u00f8en for deres fantastiske natur. S\u00e5 alle mine anbefalinger drejer sig om at f\u00e5 mest muligt ud af Islands naturlige sk\u00f8nhed.    <\/p>\n\n<h3 class=\"wp-block-heading\">Tag p\u00e5 hvalsafari  <\/h3>\n\n<p>Byen Holmavik ligger midt i dramatiske fjorde. Men det er det rolige vand, der g\u00f8r den til noget s\u00e6rligt. Her kan du tage p\u00e5 en b\u00e5dtur og opleve enorme hvaler i deres naturlige habitat. Du vil oftest f\u00e5 \u00f8je p\u00e5 en legesyg pukkelhval. P\u00e5 min tur var jeg heldig og fik endda \u00f8je p\u00e5 en k\u00e6mpe bl\u00e5hval, der br\u00f8d op af vandet! Og jeg vil ogs\u00e5 gerne n\u00e6vne, at jeg nogle gange har tendens til at blive s\u00f8syg, n\u00e5r jeg er p\u00e5 havet. Men vandet ved Holmavik var s\u00e5 roligt, at jeg n\u00e6sten ikke f\u00f8lte mig syg.      <\/p>\n\n<figure class=\"wp-block-image is-resized\"><img decoding=\"async\" src=\"https:\/\/lh7-us.googleusercontent.com\/nEjdth3MwdoPZsSZRWquQcAqVjjQdBdd2MOfRt_aK9yBDZHkt2Uj95ptdHe-W1n8QgqJsfWj8eThygjpY1CwiwOrj2OYRC-E3OTv4hepaMyt4os3SVLdwN79RPjvSRc-qlhq2YzVMnmwpbkLnmDGffw\" alt=\"Hvaler, der springer op fra havet\" style=\"width:839px;height:auto\"\/><\/figure>\n\n<p>Hvis du er p\u00e5 udkig efter en oplevelse, har Laki Tours masser af lovende anmeldelser p\u00e5 TripAdvisor.<\/p>\n\n<figure class=\"wp-block-image is-resized\"><img decoding=\"async\" src=\"https:\/\/lh7-us.googleusercontent.com\/355v_WPYzbHxffJMyN6YmDwNs9yMHI8BF2eKUVDguoqIROLtlJsfaYLeUdaglBZrYmy-ASouxEoj7ujm2uAXinrioHPVnQVWhFwwD6VhhhQFZI09BfT-EMQCEcaz-MCWIASHqbtZrpbLS-anTXWgas4\" alt=\"Kirke p&#xE5; gr&#xF8;nt bjerg i Island\" style=\"width:839px;height:auto\"\/><\/figure>\n\n<h3 class=\"wp-block-heading\">Oplev kajakroning  <\/h3>\n\n<p>Vestfjordene har et passende navn. Dybe fjorde sk\u00e6rer sig ind i landet &#8211; deres smaragdgr\u00f8nne vand reflekterer de sned\u00e6kkede tinder, der ofte ses i det fjerne. Forestil dig at sejle i kajak gennem disse rolige fjorde, omgivet af t\u00e5rnh\u00f8je klipper, der er hjemsted for utallige havfugle. Hold \u00f8je med legesyge s\u00e6ler, der soler sig p\u00e5 klipperne.   <\/p>\n\n<figure class=\"wp-block-image is-resized\"><img decoding=\"async\" src=\"https:\/\/lh7-us.googleusercontent.com\/z1eEPT3yKqnwUlubJUyaEBI8BvgRW_Nwag1Y-KFUCZjkHigxtnLV7xlKGLxLZnEO4gGAp1NaViHHFOioMPlgtkqzt0uDG55ZIp2d7a5o9PL_u-l70WWbt2iYAf9KAouw6a_FCu6SMd5NmKNfsl7YeZA\" alt=\"Mand i kajak p&#xE5; Island\" style=\"width:839px;height:auto\"\/><\/figure>\n\n<h3 class=\"wp-block-heading\">Dyp dig i geotermiske pools  <\/h3>\n\n<p>Du vil glemme alt om en femstjernet spa, n\u00e5r du tager et bad i Islands naturlige varme kilder! Og den gode nyhed er, at Vestfjordene er fyldt med disse vidundere. P\u00e5 Drangsnes Hot Pot giver de dampende varme kilder dig mulighed for at slappe af i \u00f8mme muskler efter en dag fuld af eventyr. Desuden ligger bassinerne ude i det fri og er omgivet af barskt terr\u00e6n. Det er en afslappende naturoplevelse, som jeg vil anbefale til alle rejsende.      <\/p>\n\n<p>Men fordi aktiviteten er gratis, er timing altafg\u00f8rende! S\u00f8rg for at opleve badet sent om aftenen eller tidligt om morgenen for at v\u00e6re sikker p\u00e5, at der ikke er for mange mennesker. Og mens du er i gang, s\u00e5 t\u00f8v ikke med at sludre med de lokale.    <\/p>\n\n<figure class=\"wp-block-image is-resized\"><img decoding=\"async\" src=\"https:\/\/lh7-us.googleusercontent.com\/gEuWcVi-plfiAkmaG3gD6NiTuFB9x8TVu3WYh7Uc7rqPM6pcUkzZkYd5RPtPp7HEb9KQ0BMFFrme82I0ZdBQIhuYl3N_Zj7ib_B-qxLCQGEJG1v1lNM1tPOMgti85TojCdjEbjc-hnGNXbqeLccsqGM\" alt=\"tre spabade med havudsigt\" style=\"width:840px;height:auto\"\/><\/figure>\n\n<h3 class=\"wp-block-heading\">Bliv venner med s\u00f8papeg\u00f8jen  <\/h3>\n\n<p>Efter godt 8 m\u00e5neder p\u00e5 havet vender s\u00f8papeg\u00f8jen tilbage til kysten om sommeren for at genforenes med sin mage. De ankommer sidst i april og bliver i sommerm\u00e5nederne. Fun fact: 60% af lundebestanden i Atlanterhavet kalder Island for deres hjem! Det betyder, at du har gode chancer for at f\u00e5 \u00f8je p\u00e5 dem &#8211; og f\u00e5 taget nogle s\u00f8de billeder.     <\/p>\n\n<p>S\u00f8papeg\u00f8jer kan ses over hele landet, men det er mest sandsynligt, at du finder dem langs Vestfjordene og i Nordisland. Jeg s\u00e5 en hel del under min vandretur til Latrabjarg-klipperne i Vestfjordene. (Der er en grund til, at destinationen kaldes &#8220;Europas fugleklipper&#8221;!).  <\/p>\n\n<figure class=\"wp-block-image is-resized\"><img decoding=\"async\" src=\"https:\/\/lh7-us.googleusercontent.com\/cWpI0nlTd7jgyovY40uh9HDYbfKetc5__Q07XQtbILZ6uwbsmFHriHE7CZQGOLSowM5HRi_ytMPg0vOEGKlWJn9S9VQxtWLwPC2W-luSqJFqcYBn_vjLdGk3mSTe07-U7n5XOGyCHaym5o-FmF4DOuE\" alt=\"Lundefugl og blomster p&#xE5; Island\" style=\"width:840px;height:auto\"\/><\/figure>\n\n<h3 class=\"wp-block-heading\">Forundres over Dettifoss  <\/h3>\n\n<p>N\u00e5r man er i Nordisland, er Dettifoss, &#8220;\u00d8stens b\u00e6st&#8221;, simpelthen et must-see. Jeg siger dette, fordi det er <em>Europas kraftigste <a href=\"https:\/\/www.rent.is\/blog\/waterfalls-in-iceland\/\">vandfald<\/a><\/em>. Og det ligger i Vatnaj\u00f6kull Nationalpark, den st\u00f8rste nationalpark i Europa. Her kan du nyde de dramatiske landskaber omkring den enorme vandm\u00e6ngde. Jeg glemte min regnfrakke under mit bes\u00f8g, s\u00e5 jeg fik et godt spr\u00f8jt t\u00e5ge. Du b\u00f8r tage din egen med for at holde dig t\u00f8r.     <\/p>\n\n<p>I n\u00e6rheden ligger ogs\u00e5 den skinnende J\u00f6kuls\u00e1rl\u00f3n-gletsjerlagune, hvor du kan sejle mellem isbjerge. (Og m\u00e5ske endda se nogle s\u00e6ler). <\/p>\n\n<figure class=\"wp-block-image is-resized\"><img decoding=\"async\" src=\"https:\/\/lh7-us.googleusercontent.com\/p2P0nmbnMCmSPerV267yhVXt7V1U43ynz4enKHAMm94sYrA6rMTtPIGpD1Dv6AdKYisVD4YfGsqBWIuqZbb6aXv4oyaA2U45ep_j4NKXWSAVfZLPFTsqkvRkRPduH_mKSWzsOiFxfPiaW495GIMWGmI\" alt=\"Stort vandfald i Island\" style=\"width:840px;height:auto\"\/><\/figure>\n\n<h3 class=\"wp-block-heading\">Udforsk dens byer  <\/h3>\n\n<p>Hvis du vil have en charmerende byoplevelse i det nordlige Island, skal du tage til Akureyri. Dette er den n\u00e6stst\u00f8rste by i landet. Det, der g\u00f8r den til noget s\u00e6rligt, er den farverige havn, den livlige bymidte og de kulturelle perler. Her kan du g\u00e5 gennem islandske butikker, caf\u00e9er og restauranter. Og hvis du vil have en dosis kultur, kan du bes\u00f8ge Akureyri Kunstmuseum eller den imponerende Akureyrarkirkja-kirke.      <\/p>\n\n<p>Akureyri er ogs\u00e5 et godt sted for dagsture til n\u00e6rliggende attraktioner. Fun fact: Byens eget julehus er \u00e5bent \u00e5ret rundt for bes\u00f8gende! <\/p>\n\n<h3 class=\"wp-block-heading\">Bes\u00f8g Flatey Island<\/h3>\n\n<p>Flatey Island i det vestlige Island er en skjult perle, som er et bes\u00f8g v\u00e6rd, is\u00e6r om sommeren. \u00d8en, der er overs\u00e5et med maleriske sm\u00e5 huse bygget for over hundrede \u00e5r siden, giver et indblik i Islands rige historie og naturlige sk\u00f8nhed.   <\/p>\n\n<p>N\u00e5r du kommer af f\u00e6rgen, som tager omkring en time fra Brjanslaekur, bliver du m\u00f8dt af et par f\u00e5r og kyllinger i stedet for biler. Men bare rolig, der er en lille motoriseret vogn, som k\u00f8rer de bes\u00f8gende til det eneste hotel i byen. Andre ting, der kun findes i et eksemplar i Flatey: en kirke, en caf\u00e9, en butik, en campingplads, en kirkeg\u00e5rd og efter sigende en enkelt hund. Det er helt off-the-grid, hvilket g\u00f8r det til det perfekte sted at tr\u00e6kke stikket ud, slappe af og genoprette forbindelsen til de enkle ting i livet.     <\/p>\n\n<h3 class=\"wp-block-heading\">Sov under stjernerne<\/h3>\n\n<p>At sove under stjernerne i Island er en uforglemmelig oplevelse, som du ikke m\u00e5 g\u00e5 glip af, og at <a href=\"https:\/\/www.rent.is\/da\/\">leje en autocamper<\/a> giver dig frihed til at udforske landet og opdage dets skjulte perler p\u00e5 dine egne pr\u00e6misser. I Vestfjordene kan du parkere din autocamper langs den barske kystlinje eller mellem t\u00e5rnh\u00f8je klipper og se den utrolige midnatssol oplyse himlen i lyser\u00f8de og gyldne nuancer.   <\/p>\n\n<p>I Nordisland kan du vove dig ud i den store vildmark p\u00e5 Vatnsnes-halv\u00f8en eller den uber\u00f8rte sk\u00f8nhed p\u00e5 Tr\u00f6llaskagi-halv\u00f8en, hvor du kan sl\u00e5 lejr under et t\u00e6ppe af stjerner. Hvis du er heldig, kan du endda blive vidne til nordlysets magi!   <\/p>\n\n<figure class=\"wp-block-image is-resized\"><img decoding=\"async\" src=\"https:\/\/lh7-us.googleusercontent.com\/B0PNRFo5gcAPXY22Kn8DzCxCiGS6FEIC2lFtJzIJNngCtxziB826VWaiKA3_3b-aFfCTeEp5QWfnVqORAJzinRDyyRqcgFAUvN8XMV3ymLQpILWc_0P9DOA7Wdw5w6B7kW01gBEojIGaunFh-UJAfYo\" alt=\"Byen H&#xFA;sav&#xED;k p&#xE5; Island\" style=\"width:839px;height:auto\"\/><\/figure>\n\n<p><\/p>\n\n<h2 class=\"wp-block-heading\">Rejseomkostninger til Island om sommeren  <\/h2>\n\n<p>N\u00e5r du planl\u00e6gger en rejse, kan du forvente, at en gennemsnitlig <a href=\"https:\/\/www.rent.is\/blog\/iceland-trip-cost\/\">Island-rejse koster<\/a>omkring f\u00f8lgende linjer-.  <\/p>\n\n<p><strong>Overnatning: <\/strong>En budgetrejsende vil sandsynligvis bruge 100 til 150 USD pr. nat. Mellemklassen ligger p\u00e5 op til 300 USD. Og der er ogs\u00e5 luksusmuligheder, der koster over 300 USD.    <\/p>\n\n<p><strong>Mad: <\/strong>Hvis du laver din egen mad, skal du regne med at bruge mellem 30 og 50 USD om dagen. At spise ude vil koste 50 til 100 USD &#8211; men der er ogs\u00e5 mulighed for dyre fine dining.   <\/p>\n\n<p><strong>Transport: <\/strong>For en lejebil skal man regne med en pris p\u00e5 omkring 50 USD pr. dag (plus benzin). At tage bussen er en mere \u00f8konomisk mulighed, men kan selvf\u00f8lgelig v\u00e6re mindre fleksibelt. <\/p>\n\n<h2 class=\"wp-block-heading\">Klar til at rejse rundt i Island?<\/h2>\n\n<p><\/p>\n\n<h2 class=\"wp-block-heading\"><img loading=\"lazy\" decoding=\"async\" width=\"624\" height=\"587\" src=\"https:\/\/lh7-us.googleusercontent.com\/Acu-NDzmLAblPHWQRNtKOnryxwY57naaKZlh2gOdeR4E42IBPsE2H8aKHOi68Ar85zhHnLqpM4qArSjMHW5RdVkRqb_NFKkEbhTeB0KEDF1z0RaB33i0i2hCg55meZIZjaw5IlyHx4EsmqHhq5BzERw\"\/> <\/h2>\n\n<p>Og det var alt! Jeg h\u00e5ber, at denne blog var nyttig, og at du nu ved bedre, hvilke fantastiske perler Island gemmer p\u00e5 til dig.   <\/p>\n\n<p>Bliv ved med at v\u00e6re vild!  <\/p>\n\n<p><\/p>\n","protected":false},"excerpt":{"rendered":"<p>Sommeren forvandler Island p\u00e5 de smukkeste m\u00e5der. Snet\u00e6ppet tynder ud, og du kan se regionens sk\u00f8nhed i sin sande form! P\u00e5 min rejse elskede jeg is\u00e6r de smaragdgr\u00f8nne dale og de brusende vandfald p\u00e5 Island. Det ville ikke v\u00e6re en overdrivelse, hvis jeg sagde, at jeg efterlod et stykke af mit hjerte i de fantastiske [&hellip;]<\/p>\n","protected":false},"author":14,"featured_media":56944,"comment_status":"closed","ping_status":"closed","sticky":false,"template":"","format":"standard","meta":{"_acf_changed":false,"footnotes":""},"categories":[758],"tags":[],"class_list":["post-67329","post","type-post","status-publish","format-standard","has-post-thumbnail","hentry","category-blog-da"],"acf":[],"yoast_head":"<!-- This site is optimized with the Yoast SEO plugin v26.4 - https:\/\/yoast.com\/wordpress\/plugins\/seo\/ -->\n<title>Island om sommeren: Guide til ting at g\u00f8re og se | Rent.is<\/title>\n<meta name=\"description\" content=\"Nyd Island om sommeren med endel\u00f8st dagslys, fantastiske landskaber og udend\u00f8rs aktiviteter. Oplev Islands varmeste \u00e5rstid. \u2713 Udforsk mere!\" \/>\n<meta name=\"robots\" content=\"index, follow, max-snippet:-1, max-image-preview:large, max-video-preview:-1\" \/>\n<link rel=\"canonical\" href=\"https:\/\/www.rent.is\/da\/blog-da\/island-om-sommeren-en-saesonbestemt-guide\/\" \/>\n<meta property=\"og:locale\" content=\"da_DK\" \/>\n<meta property=\"og:type\" content=\"article\" \/>\n<meta property=\"og:title\" content=\"Island om sommeren: Guide til ting at g\u00f8re og se | Rent.is\" \/>\n<meta property=\"og:description\" content=\"Nyd Island om sommeren med endel\u00f8st dagslys, fantastiske landskaber og udend\u00f8rs aktiviteter. Oplev Islands varmeste \u00e5rstid. \u2713 Udforsk mere!\" \/>\n<meta property=\"og:url\" content=\"https:\/\/www.rent.is\/da\/blog-da\/island-om-sommeren-en-saesonbestemt-guide\/\" \/>\n<meta property=\"og:site_name\" content=\"Rent.is\" \/>\n<meta property=\"article:publisher\" content=\"https:\/\/www.facebook.com\/campervansIceland\/\" \/>\n<meta property=\"article:published_time\" content=\"2021-06-10T10:41:00+00:00\" \/>\n<meta property=\"article:modified_time\" content=\"2025-05-16T15:11:51+00:00\" \/>\n<meta property=\"og:image\" content=\"https:\/\/www.rent.is\/wp-content\/uploads\/2023\/12\/Morning-in-Asbyrgi.jpg\" \/>\n\t<meta property=\"og:image:width\" content=\"1440\" \/>\n\t<meta property=\"og:image:height\" content=\"1080\" \/>\n\t<meta property=\"og:image:type\" content=\"image\/jpeg\" \/>\n<meta name=\"author\" content=\"Hlynur Gylfason\" \/>\n<meta name=\"twitter:card\" content=\"summary_large_image\" \/>\n<meta name=\"twitter:creator\" content=\"@CampersIceland\" \/>\n<meta name=\"twitter:site\" content=\"@CampersIceland\" \/>\n<meta name=\"twitter:label1\" content=\"Skrevet af\" \/>\n\t<meta name=\"twitter:data1\" content=\"Hlynur Gylfason\" \/>\n\t<meta name=\"twitter:label2\" content=\"Estimeret l\u00e6setid\" \/>\n\t<meta name=\"twitter:data2\" content=\"12 minutter\" \/>\n<script type=\"application\/ld+json\" class=\"yoast-schema-graph\">{\"@context\":\"https:\/\/schema.org\",\"@graph\":[{\"@type\":[\"Article\",\"BlogPosting\"],\"@id\":\"https:\/\/www.rent.is\/da\/blog-da\/island-om-sommeren-en-saesonbestemt-guide\/#article\",\"isPartOf\":{\"@id\":\"https:\/\/www.rent.is\/da\/blog-da\/island-om-sommeren-en-saesonbestemt-guide\/\"},\"author\":{\"name\":\"Hlynur Gylfason\",\"@id\":\"https:\/\/www.rent.is\/da\/#\/schema\/person\/33cfd2d1c5d8c2a7c986badcfa44ceaa\"},\"headline\":\"Island om sommeren: En s\u00e6sonbestemt guide\",\"datePublished\":\"2021-06-10T10:41:00+00:00\",\"dateModified\":\"2025-05-16T15:11:51+00:00\",\"mainEntityOfPage\":{\"@id\":\"https:\/\/www.rent.is\/da\/blog-da\/island-om-sommeren-en-saesonbestemt-guide\/\"},\"wordCount\":2307,\"publisher\":{\"@id\":\"https:\/\/www.rent.is\/da\/#organization\"},\"image\":{\"@id\":\"https:\/\/www.rent.is\/da\/blog-da\/island-om-sommeren-en-saesonbestemt-guide\/#primaryimage\"},\"thumbnailUrl\":\"https:\/\/www.rent.is\/wp-content\/uploads\/2023\/12\/Morning-in-Asbyrgi.jpg\",\"articleSection\":[\"Blog\"],\"inLanguage\":\"da-DK\"},{\"@type\":\"WebPage\",\"@id\":\"https:\/\/www.rent.is\/da\/blog-da\/island-om-sommeren-en-saesonbestemt-guide\/\",\"url\":\"https:\/\/www.rent.is\/da\/blog-da\/island-om-sommeren-en-saesonbestemt-guide\/\",\"name\":\"Island om sommeren: Guide til ting at g\u00f8re og se | Rent.is\",\"isPartOf\":{\"@id\":\"https:\/\/www.rent.is\/da\/#website\"},\"primaryImageOfPage\":{\"@id\":\"https:\/\/www.rent.is\/da\/blog-da\/island-om-sommeren-en-saesonbestemt-guide\/#primaryimage\"},\"image\":{\"@id\":\"https:\/\/www.rent.is\/da\/blog-da\/island-om-sommeren-en-saesonbestemt-guide\/#primaryimage\"},\"thumbnailUrl\":\"https:\/\/www.rent.is\/wp-content\/uploads\/2023\/12\/Morning-in-Asbyrgi.jpg\",\"datePublished\":\"2021-06-10T10:41:00+00:00\",\"dateModified\":\"2025-05-16T15:11:51+00:00\",\"description\":\"Nyd Island om sommeren med endel\u00f8st dagslys, fantastiske landskaber og udend\u00f8rs aktiviteter. Oplev Islands varmeste \u00e5rstid. \u2713 Udforsk mere!\",\"inLanguage\":\"da-DK\",\"potentialAction\":[{\"@type\":\"ReadAction\",\"target\":[\"https:\/\/www.rent.is\/da\/blog-da\/island-om-sommeren-en-saesonbestemt-guide\/\"]}]},{\"@type\":\"ImageObject\",\"inLanguage\":\"da-DK\",\"@id\":\"https:\/\/www.rent.is\/da\/blog-da\/island-om-sommeren-en-saesonbestemt-guide\/#primaryimage\",\"url\":\"https:\/\/www.rent.is\/wp-content\/uploads\/2023\/12\/Morning-in-Asbyrgi.jpg\",\"contentUrl\":\"https:\/\/www.rent.is\/wp-content\/uploads\/2023\/12\/Morning-in-Asbyrgi.jpg\",\"width\":1440,\"height\":1080,\"caption\":\"Morning in \u00c1sbyrgi\"},{\"@type\":\"WebSite\",\"@id\":\"https:\/\/www.rent.is\/da\/#website\",\"url\":\"https:\/\/www.rent.is\/da\/\",\"name\":\"Rent.is\",\"description\":\"Camper Van Iceland - Rent a camper, RV, or Motorhome\",\"publisher\":{\"@id\":\"https:\/\/www.rent.is\/da\/#organization\"},\"alternateName\":\"Rent\",\"potentialAction\":[{\"@type\":\"SearchAction\",\"target\":{\"@type\":\"EntryPoint\",\"urlTemplate\":\"https:\/\/www.rent.is\/da\/?s={search_term_string}\"},\"query-input\":{\"@type\":\"PropertyValueSpecification\",\"valueRequired\":true,\"valueName\":\"search_term_string\"}}],\"inLanguage\":\"da-DK\"},{\"@type\":\"Organization\",\"@id\":\"https:\/\/www.rent.is\/da\/#organization\",\"name\":\"Rent\",\"alternateName\":\"Rent Campervan Iceland\",\"url\":\"https:\/\/www.rent.is\/da\/\",\"logo\":{\"@type\":\"ImageObject\",\"inLanguage\":\"da-DK\",\"@id\":\"https:\/\/www.rent.is\/da\/#\/schema\/logo\/image\/\",\"url\":\"https:\/\/www.rent.is\/wp-content\/uploads\/2023\/06\/Rent-logo__blue.svg\",\"contentUrl\":\"https:\/\/www.rent.is\/wp-content\/uploads\/2023\/06\/Rent-logo__blue.svg\",\"caption\":\"Rent\"},\"image\":{\"@id\":\"https:\/\/www.rent.is\/da\/#\/schema\/logo\/image\/\"},\"sameAs\":[\"https:\/\/www.facebook.com\/campervansIceland\/\",\"https:\/\/x.com\/CampersIceland\"]},{\"@type\":\"Person\",\"@id\":\"https:\/\/www.rent.is\/da\/#\/schema\/person\/33cfd2d1c5d8c2a7c986badcfa44ceaa\",\"name\":\"Hlynur Gylfason\",\"image\":{\"@type\":\"ImageObject\",\"inLanguage\":\"da-DK\",\"@id\":\"https:\/\/www.rent.is\/da\/#\/schema\/person\/image\/\",\"url\":\"https:\/\/www.rent.is\/wp-content\/uploads\/2024\/10\/hlynur-gylfason_avatar-96x96.jpg\",\"contentUrl\":\"https:\/\/www.rent.is\/wp-content\/uploads\/2024\/10\/hlynur-gylfason_avatar-96x96.jpg\",\"caption\":\"Hlynur Gylfason\"},\"description\":\"Hlynur, CEO of Rent, hails from Reykjavik. An avid enduro enthusiast, he has competed internationally and is passionate about the sport. He also has a deep love for Iceland\u2019s natural beauty and believes nothing beats a good fishing trip in the Icelandic countryside.\",\"url\":\"https:\/\/www.rent.is\/da\/author\/hlynur\/\"}]}<\/script>\n<!-- \/ Yoast SEO plugin. -->","yoast_head_json":{"title":"Island om sommeren: Guide til ting at g\u00f8re og se | Rent.is","description":"Nyd Island om sommeren med endel\u00f8st dagslys, fantastiske landskaber og udend\u00f8rs aktiviteter. Oplev Islands varmeste \u00e5rstid. \u2713 Udforsk mere!","robots":{"index":"index","follow":"follow","max-snippet":"max-snippet:-1","max-image-preview":"max-image-preview:large","max-video-preview":"max-video-preview:-1"},"canonical":"https:\/\/www.rent.is\/da\/blog-da\/island-om-sommeren-en-saesonbestemt-guide\/","og_locale":"da_DK","og_type":"article","og_title":"Island om sommeren: Guide til ting at g\u00f8re og se | Rent.is","og_description":"Nyd Island om sommeren med endel\u00f8st dagslys, fantastiske landskaber og udend\u00f8rs aktiviteter. Oplev Islands varmeste \u00e5rstid. \u2713 Udforsk mere!","og_url":"https:\/\/www.rent.is\/da\/blog-da\/island-om-sommeren-en-saesonbestemt-guide\/","og_site_name":"Rent.is","article_publisher":"https:\/\/www.facebook.com\/campervansIceland\/","article_published_time":"2021-06-10T10:41:00+00:00","article_modified_time":"2025-05-16T15:11:51+00:00","og_image":[{"width":1440,"height":1080,"url":"https:\/\/www.rent.is\/wp-content\/uploads\/2023\/12\/Morning-in-Asbyrgi.jpg","type":"image\/jpeg"}],"author":"Hlynur Gylfason","twitter_card":"summary_large_image","twitter_creator":"@CampersIceland","twitter_site":"@CampersIceland","twitter_misc":{"Skrevet af":"Hlynur Gylfason","Estimeret l\u00e6setid":"12 minutter"},"schema":{"@context":"https:\/\/schema.org","@graph":[{"@type":["Article","BlogPosting"],"@id":"https:\/\/www.rent.is\/da\/blog-da\/island-om-sommeren-en-saesonbestemt-guide\/#article","isPartOf":{"@id":"https:\/\/www.rent.is\/da\/blog-da\/island-om-sommeren-en-saesonbestemt-guide\/"},"author":{"name":"Hlynur Gylfason","@id":"https:\/\/www.rent.is\/da\/#\/schema\/person\/33cfd2d1c5d8c2a7c986badcfa44ceaa"},"headline":"Island om sommeren: En s\u00e6sonbestemt guide","datePublished":"2021-06-10T10:41:00+00:00","dateModified":"2025-05-16T15:11:51+00:00","mainEntityOfPage":{"@id":"https:\/\/www.rent.is\/da\/blog-da\/island-om-sommeren-en-saesonbestemt-guide\/"},"wordCount":2307,"publisher":{"@id":"https:\/\/www.rent.is\/da\/#organization"},"image":{"@id":"https:\/\/www.rent.is\/da\/blog-da\/island-om-sommeren-en-saesonbestemt-guide\/#primaryimage"},"thumbnailUrl":"https:\/\/www.rent.is\/wp-content\/uploads\/2023\/12\/Morning-in-Asbyrgi.jpg","articleSection":["Blog"],"inLanguage":"da-DK"},{"@type":"WebPage","@id":"https:\/\/www.rent.is\/da\/blog-da\/island-om-sommeren-en-saesonbestemt-guide\/","url":"https:\/\/www.rent.is\/da\/blog-da\/island-om-sommeren-en-saesonbestemt-guide\/","name":"Island om sommeren: Guide til ting at g\u00f8re og se | Rent.is","isPartOf":{"@id":"https:\/\/www.rent.is\/da\/#website"},"primaryImageOfPage":{"@id":"https:\/\/www.rent.is\/da\/blog-da\/island-om-sommeren-en-saesonbestemt-guide\/#primaryimage"},"image":{"@id":"https:\/\/www.rent.is\/da\/blog-da\/island-om-sommeren-en-saesonbestemt-guide\/#primaryimage"},"thumbnailUrl":"https:\/\/www.rent.is\/wp-content\/uploads\/2023\/12\/Morning-in-Asbyrgi.jpg","datePublished":"2021-06-10T10:41:00+00:00","dateModified":"2025-05-16T15:11:51+00:00","description":"Nyd Island om sommeren med endel\u00f8st dagslys, fantastiske landskaber og udend\u00f8rs aktiviteter. Oplev Islands varmeste \u00e5rstid. \u2713 Udforsk mere!","inLanguage":"da-DK","potentialAction":[{"@type":"ReadAction","target":["https:\/\/www.rent.is\/da\/blog-da\/island-om-sommeren-en-saesonbestemt-guide\/"]}]},{"@type":"ImageObject","inLanguage":"da-DK","@id":"https:\/\/www.rent.is\/da\/blog-da\/island-om-sommeren-en-saesonbestemt-guide\/#primaryimage","url":"https:\/\/www.rent.is\/wp-content\/uploads\/2023\/12\/Morning-in-Asbyrgi.jpg","contentUrl":"https:\/\/www.rent.is\/wp-content\/uploads\/2023\/12\/Morning-in-Asbyrgi.jpg","width":1440,"height":1080,"caption":"Morning in \u00c1sbyrgi"},{"@type":"WebSite","@id":"https:\/\/www.rent.is\/da\/#website","url":"https:\/\/www.rent.is\/da\/","name":"Rent.is","description":"Camper Van Iceland - Rent a camper, RV, or Motorhome","publisher":{"@id":"https:\/\/www.rent.is\/da\/#organization"},"alternateName":"Rent","potentialAction":[{"@type":"SearchAction","target":{"@type":"EntryPoint","urlTemplate":"https:\/\/www.rent.is\/da\/?s={search_term_string}"},"query-input":{"@type":"PropertyValueSpecification","valueRequired":true,"valueName":"search_term_string"}}],"inLanguage":"da-DK"},{"@type":"Organization","@id":"https:\/\/www.rent.is\/da\/#organization","name":"Rent","alternateName":"Rent Campervan Iceland","url":"https:\/\/www.rent.is\/da\/","logo":{"@type":"ImageObject","inLanguage":"da-DK","@id":"https:\/\/www.rent.is\/da\/#\/schema\/logo\/image\/","url":"https:\/\/www.rent.is\/wp-content\/uploads\/2023\/06\/Rent-logo__blue.svg","contentUrl":"https:\/\/www.rent.is\/wp-content\/uploads\/2023\/06\/Rent-logo__blue.svg","caption":"Rent"},"image":{"@id":"https:\/\/www.rent.is\/da\/#\/schema\/logo\/image\/"},"sameAs":["https:\/\/www.facebook.com\/campervansIceland\/","https:\/\/x.com\/CampersIceland"]},{"@type":"Person","@id":"https:\/\/www.rent.is\/da\/#\/schema\/person\/33cfd2d1c5d8c2a7c986badcfa44ceaa","name":"Hlynur Gylfason","image":{"@type":"ImageObject","inLanguage":"da-DK","@id":"https:\/\/www.rent.is\/da\/#\/schema\/person\/image\/","url":"https:\/\/www.rent.is\/wp-content\/uploads\/2024\/10\/hlynur-gylfason_avatar-96x96.jpg","contentUrl":"https:\/\/www.rent.is\/wp-content\/uploads\/2024\/10\/hlynur-gylfason_avatar-96x96.jpg","caption":"Hlynur Gylfason"},"description":"Hlynur, CEO of Rent, hails from Reykjavik. An avid enduro enthusiast, he has competed internationally and is passionate about the sport. He also has a deep love for Iceland\u2019s natural beauty and believes nothing beats a good fishing trip in the Icelandic countryside.","url":"https:\/\/www.rent.is\/da\/author\/hlynur\/"}]}},"_links":{"self":[{"href":"https:\/\/www.rent.is\/da\/wp-json\/wp\/v2\/posts\/67329","targetHints":{"allow":["GET"]}}],"collection":[{"href":"https:\/\/www.rent.is\/da\/wp-json\/wp\/v2\/posts"}],"about":[{"href":"https:\/\/www.rent.is\/da\/wp-json\/wp\/v2\/types\/post"}],"author":[{"embeddable":true,"href":"https:\/\/www.rent.is\/da\/wp-json\/wp\/v2\/users\/14"}],"replies":[{"embeddable":true,"href":"https:\/\/www.rent.is\/da\/wp-json\/wp\/v2\/comments?post=67329"}],"version-history":[{"count":0,"href":"https:\/\/www.rent.is\/da\/wp-json\/wp\/v2\/posts\/67329\/revisions"}],"wp:featuredmedia":[{"embeddable":true,"href":"https:\/\/www.rent.is\/da\/wp-json\/wp\/v2\/media\/56944"}],"wp:attachment":[{"href":"https:\/\/www.rent.is\/da\/wp-json\/wp\/v2\/media?parent=67329"}],"wp:term":[{"taxonomy":"category","embeddable":true,"href":"https:\/\/www.rent.is\/da\/wp-json\/wp\/v2\/categories?post=67329"},{"taxonomy":"post_tag","embeddable":true,"href":"https:\/\/www.rent.is\/da\/wp-json\/wp\/v2\/tags?post=67329"}],"curies":[{"name":"wp","href":"https:\/\/api.w.org\/{rel}","templated":true}]}}