{"id":67325,"date":"2021-07-09T00:00:00","date_gmt":"2021-07-09T00:00:00","guid":{"rendered":"https:\/\/www.rent.is\/uncategorized-da\/smukke-islandske-kirker-historie-og-information\/"},"modified":"2021-07-09T00:00:00","modified_gmt":"2021-07-09T00:00:00","slug":"smukke-islandske-kirker-historie-og-information","status":"publish","type":"post","link":"https:\/\/www.rent.is\/da\/blog-da\/smukke-islandske-kirker-historie-og-information\/","title":{"rendered":"Smukke islandske kirker: Historie og information"},"content":{"rendered":"<p><span style=\"font-weight: 400;\">I Island finder du mere end 350 kirker fordelt over hele \u00f8en. Med en befolkning p\u00e5 omkring 360.000 mennesker i 2020 er det ikke et lavt tal.<br \/>\n<\/span><\/p>\n<p><span style=\"font-weight: 400;\">N\u00e5r isl\u00e6ndinge bliver f\u00f8dt, bliver de for det meste registreret som kristne i den lutherske kirke i Island. I en alder af 14 \u00e5r bliver de konfirmeret (p\u00e5 islandsk &#8220;Ferming&#8221;) og g\u00e5r dermed &#8220;ind i voksenlivet&#8221;.   <\/span><span style=\"font-weight: 400;\">Uanset om du er en del af den<\/span> <span style=\"font-weight: 400;\">religion<\/span> <span style=\"font-weight: 400;\">eller ej, s\u00e5 er disse <\/span><span style=\"font-weight: 400;\">bygninger<\/span> <span style=\"font-weight: 400;\">er stadig<\/span> <span style=\"font-weight: 400;\">smukke<\/span> <span style=\"font-weight: 400;\">at se p\u00e5.<\/span><\/p>\n<p><span style=\"font-weight: 400;\">I<\/span> <span style=\"font-weight: 400;\">Island findes der kirker<\/span> <span style=\"font-weight: 400;\">findes overalt<\/span><\/p>\n<p><span style=\"font-weight: 400;\"> <\/span><\/p>\n<p><span style=\"font-weight: 400;\">  &#8211; i alle byer og selv p\u00e5 de mest tilf\u00e6ldige steder midt ude i ingenting&#8230;<\/span><\/p>\n<p><span style=\"font-weight: 400;\"><img loading=\"lazy\" decoding=\"async\" class=\"alignnone size-full wp-image-72960\" src=\"https:\/\/www.rent.is\/wp-content\/uploads\/2023\/07\/rent.is-pic-1-e1608240213271.png\" alt=\"\" width=\"356\" height=\"512\"><\/span><\/p>\n<p><span style=\"font-weight: 400;\">Kristendommens historie p\u00e5 Island g\u00e5r tilbage til de f\u00f8rste irske eneboere i den tidlige middelalder, omkring 100 \u00e5r f\u00f8r nordboerne kom til \u00f8en. Indf\u00f8relsen af kristendommen kom som et kompromis mellem de hedenske og kristne ledere. &#8220;Kirkja&#8221; er ordet for kirke p\u00e5 islandsk. Og selv om de fleste isl\u00e6ndinge ikke g\u00e5r til gudstjeneste regelm\u00e6ssigt, har de stor respekt for deres rolle i den islandske historie og s\u00e6tter stor pris p\u00e5 kirkens sk\u00f8nhed og vedligeholdelse.   <\/span><\/p>\n<p><span style=\"font-weight: 400;\">Hvis du vil have mulighed for at se nogle af Islands kirker indefra, skal du tjekke de lokale \u00e5bningstider.  <\/span><\/p>\n<p><span style=\"font-weight: 400;\">En af Islands tidligste kirker ligger i <\/span><a href=\"https:\/\/en.wikipedia.org\/wiki\/%C3%9Eingvellir\"><span style=\"font-weight: 400;\">\u00deingvellir<\/span><\/a><span style=\"font-weight: 400;\">  Nationalpark, et af de mest bes\u00f8gte steder i Island. Den blev bygget i 1859 og indeholder klokker fra den oprindelige tr\u00e6kirke, der blev bygget i 1015 af kong Olaf II fra Norge. <\/span><br \/>\n<img loading=\"lazy\" decoding=\"async\" class=\"alignnone wp-image-72961 size-full\" src=\"https:\/\/www.rent.is\/wp-content\/uploads\/2023\/07\/rent.is-image-2-e1608240334999.png\" alt=\"Kirkerne ligger i \u00deingvellir\" width=\"512\" height=\"240\"><\/p>\n<p><span style=\"font-weight: 400;\">Foto: Reykjavik Excursions Blog &#8211; \u00deingvellir<\/span><\/p>\n<p><span style=\"font-weight: 400;\">En popul\u00e6r kirke at fotografere er &#8220;B\u00fa\u00f0akirkja&#8221;, den sorte kirke fra B\u00fa\u00f0ir p\u00e5 Sn\u00e6fellsnes-halv\u00f8en. Du finder et utroligt malerisk omr\u00e5de omkring B\u00fa\u00f0akirkja p\u00e5 grund af lavamarker, stranden og islandsk gr\u00f8nt gr\u00e6s og mos hele vejen rundt. B\u00fa\u00f0ir har v\u00e6ret en rig fiskerlandsby og handelsplads siden 1703.  <\/span><img loading=\"lazy\" decoding=\"async\" class=\"size-full wp-image-72962 alignleft\" src=\"https:\/\/www.rent.is\/wp-content\/uploads\/2023\/07\/rent.is-image-3.png\" alt=\"Islandske kirker 2\" width=\"512\" height=\"384\"><\/p>\n<p><span style=\"font-weight: 400;\">L\u00e6ngere mod \u00f8st, i Sey\u00f0isfj\u00f6r\u00f0ur<\/span> <span style=\"font-weight: 400;\">kan du bes\u00f8ge en af <\/span><span style=\"font-weight: 400;\">de<\/span><span style=\"font-weight: 400;\"> \u00f8<\/span><span style=\"font-weight: 400;\"> smukkeste <\/span><span style=\"font-weight: 400;\">kirker.<\/span><span style=\"font-weight: 400;\">  Den bl\u00e5 kirke, eller som isl\u00e6ndingene siger &#8220;Bl\u00e1an Kirkjan&#8221; eller &#8220;Sey\u00f0isfjar\u00f0arkirkja&#8221;. Navnet er selvforklarende &#8211; se billedet nedenfor. F\u00f8rst stod kirken p\u00e5 en bakke over Vestdalseyri, men i 1894 blev den bl\u00e6st omkuld og beskadiget af en k\u00e6mpe storm. Kirken blev genopbygget, men senere, i 1920, blev det besluttet at flytte den til dens nuv\u00e6rende placering. I 1989 blev kirken beskadiget af en brand under nogle renoveringsarbejder.      <\/span><span style=\"font-weight: 400;\">Naturen<\/span> <span style=\"font-weight: 400;\">tog sin del af ansvaret for denne<\/span> <span style=\"font-weight: 400;\">s\u00e6rlige<\/span> <span style=\"font-weight: 400;\">religi\u00f8se<\/span> <span style=\"font-weight: 400;\">sted<\/span><span style=\"font-weight: 400;\">.<\/span><\/p>\n<p><span style=\"font-weight: 400;\">Den Bl\u00e5 Kirke er \u00e5ben for bes\u00f8gende fra juni til august. Tjek \u00e5bningstiderne p\u00e5   <\/span><a href=\"http:\/\/www.visitseydisfjordur.com\/activity\/blaa-kirkjan\/\"><span style=\"font-weight: 400;\">www.visitseydisfjordur.com\/activity\/blaa-kirkjan\/<\/span><\/a><\/p>\n<p><img loading=\"lazy\" decoding=\"async\" class=\"alignnone wp-image-72963 size-full\" src=\"https:\/\/www.rent.is\/wp-content\/uploads\/2023\/07\/rent.is-image-4-e1608240593469.jpg\" alt=\"sey\u00f0isfj\u00f6r\u00f0ur kirke\" width=\"341\" height=\"512\"><\/p>\n<p><img loading=\"lazy\" decoding=\"async\" class=\"wp-image-72964 size-full alignleft\" src=\"https:\/\/www.rent.is\/wp-content\/uploads\/2023\/07\/rent.is-image-5-e1608240637791.png\" alt=\"inde i sey\u00f0isfj\u00f6r\u00f0ur kirke\" width=\"512\" height=\"342\"><\/p>\n<p><span style=\"font-weight: 400;\">Billeder: TripAdvisor<\/span><\/p>\n<p><span style=\"font-weight: 400;\">Kirken i V\u00edk er m\u00e5ske en af de mest ber\u00f8mte kirker i Island. Landsbyen V\u00edk (fuldt navn V\u00edk \u00ed M\u00fdrdal) er den sydligste og en meget popul\u00e6r by p\u00e5 Island, lige rundt om hj\u00f8rnet fra Reynisfjara, den betagende Blacksand-strand. P\u00e5 grund af V\u00edks beliggenhed t\u00e6t p\u00e5 vulkanen Katla, syd for M\u00fdrdalsj\u00f6kull, er befolkningen tr\u00e6net i at skynde sig til kirken f\u00f8rst i tilf\u00e6lde af et udbrud. Grunden til det er, at V\u00edkurkirkja ligger p\u00e5 det h\u00f8jeste punkt i omr\u00e5det, og man mener, at det ogs\u00e5 er den eneste bygning, der ville overleve Katlas lavastr\u00f8m.   <\/span><\/p>\n<p><img loading=\"lazy\" decoding=\"async\" class=\"aligncenter wp-image-72965 size-full\" src=\"https:\/\/www.rent.is\/wp-content\/uploads\/2023\/07\/rent.is-image-6-e1608240753297.png\" alt=\"kirke og landsby i v\u00edk\" width=\"512\" height=\"341\">  Foto: MishMoments<\/p>\n<p><span style=\"font-weight: 400;\">Islands &#8220;hovedstad i nord&#8221; er uden tvivl Akureyri. Og &#8220;Akureyrarkirkja&#8221; er byens symbol og ligger i centrum. Den blev designet af den ber\u00f8mte arkitekt    <\/span><a href=\"https:\/\/en.wikipedia.org\/wiki\/Gu%C3%B0j%C3%B3n_Sam%C3%BAelsson\"><span style=\"font-weight: 400;\">Gu\u00f0j\u00f3n Sam\u00faelsson<\/span><\/a><span style=\"font-weight: 400;\">  (1887-1950) og f\u00e6rdiggjort i 1940. Inde i kirken h\u00e6nger der et skib fra loftet, som afspejler en gammel   <\/span><a href=\"https:\/\/en.wikipedia.org\/wiki\/Nordic_countries\"><span style=\"font-weight: 400;\">Nordisk<\/span><\/a><span style=\"font-weight: 400;\">  Traditionen med at ofre for at beskytte sine k\u00e6re til s\u00f8s og minde om dem, der er omkommet p\u00e5 havet. Kirken har ogs\u00e5 et stort orgel med i alt 3.200 piber. Tjek \u00e5bningstiderne p\u00e5    <\/span><a href=\"http:\/\/www.visitakureyri.is\/en\/see-and-do\/attractions\/akureyri-church\"><span style=\"font-weight: 400;\">www.visitakureyri.is\/en\/see-and-do\/attractions\/akureyri-church<\/span><\/a><\/p>\n<p><img loading=\"lazy\" decoding=\"async\" class=\"alignleft wp-image-72966 size-full\" src=\"https:\/\/www.rent.is\/wp-content\/uploads\/2023\/07\/rent.is-image-7-e1608241056764.png\" alt=\"Kirken i Akureyri\" width=\"512\" height=\"350\"><\/p>\n<p><span style=\"font-weight: 400;\">Foto: visitakureyri.is<\/span><\/p>\n<p><span style=\"font-weight: 400;\">Stafkirkjan i Heimaey var en gave fra Norge til Island i forbindelse med tusind\u00e5rsdagen for Olav Tryggvassons omvendelse af Island til kristendommen i \u00e5r 1000. Den er en kopi af Haltdalen stavkirke i Norge og ligger i havnen fra Heimaey p\u00e5 Island.   <\/span><a href=\"https:\/\/en.wikipedia.org\/wiki\/Vestmannaeyjar\"><span style=\"font-weight: 400;\">Vestmannaeyjar<\/span><\/a><span style=\"font-weight: 400;\">  (Westmen Islands), et omr\u00e5de dannet af lava fra Eldfell-vulkanens udbrud i 1973. Der blev tilf\u00f8jet et galleri rundt om bygningen, inspireret af andre stavkirker, for at beskytte bygningen mod det stormfulde vejr p\u00e5 Vestmannaeyjar. <\/span><img loading=\"lazy\" decoding=\"async\" class=\"alignleft wp-image-72967 size-full\" src=\"https:\/\/www.rent.is\/wp-content\/uploads\/2023\/07\/image10-e1608241137967.jpg\" alt=\"Stafkirkjan er en kopi af Haltdalen stavkirke i Norge\" width=\"970\" height=\"647\"><\/p>\n<p><span style=\"font-weight: 400;\">Stafkirkjan Heimaey, Foto: mbl.is<\/span><\/p>\n<p><img loading=\"lazy\" decoding=\"async\" class=\"alignleft wp-image-72968 size-full\" src=\"https:\/\/www.rent.is\/wp-content\/uploads\/2023\/07\/image1-e1608241402489.jpg\" alt=\"Haltdalen Stavkirke\" width=\"587\" height=\"587\"><\/p>\n<p><span style=\"font-weight: 400;\">Haltdalen Stavkirke, Foto: visitnorway.no<\/span><\/p>\n<p><span style=\"font-weight: 400;\">Kirker i Skagafj\u00f6r\u00f0ur<br \/>\n<\/span><\/p>\n<p><span style=\"font-weight: 400;\">V\u00ed\u00f0im\u00fdrarkirkja er en af Islands f\u00e5 gr\u00e6st\u00f8rvskirker, som stadig er i brug. Kirken blev bygget i 1834 af politikeren og medlemmet af Althingi, J\u00f3n Samsonarsson. De udvendige sider og taget er d\u00e6kket af gr\u00e6st\u00f8rv, mens for- og bagsiden har tr\u00e6facader. V\u00ed\u00f0im\u00fdrarkirkja er \u00e5ben for bes\u00f8gende hver dag fra kl. 9 til 18 fra 1. januar til 2. oktober.   <\/span><span style=\"font-weight: 400;\">st<\/span><span style=\"font-weight: 400;\"> juni til 31.<\/span><span style=\"font-weight: 400;\">st<\/span><span style=\"font-weight: 400;\">  i august. Men den kan \u00e5bnes p\u00e5 andre tidspunkter efter aftale med vicev\u00e6rterne Einar \u00d6rn Einarsson, telefon 849 5674 eller 453 5095, og Sigr\u00ed\u00f0ur Stef\u00e1nsd\u00f3ttir, telefon 899 2053.<br \/>\n<img loading=\"lazy\" decoding=\"async\" class=\"alignleft wp-image-72969 size-large\" src=\"https:\/\/www.rent.is\/wp-content\/uploads\/2023\/07\/image4-e1608241516284.jpg\" alt=\"Den \u00e6ldste gr\u00e6st\u00f8rvskirke i Island, Grafarkirkja.\" width=\"1024\" height=\"681\"><\/span><\/p>\n<p><span style=\"font-weight: 400;\">Foto: Regina Hr\u00f6nn, Guide til Island<\/span><\/p>\n<p><span style=\"font-weight: 400;\">Den \u00e6ldste gr\u00e6st\u00f8rvskirke i Island er <\/span><span style=\"font-weight: 400;\">Grafarkirkja<\/span><span style=\"font-weight: 400;\"> Grafarkirkja, der ligger i H\u00f6f\u00f0astr\u00f6nd, den \u00f8stlige del af Skagafj\u00f6r\u00f0ur <\/span><span style=\"font-weight: 400;\">er den<\/span> <span style=\"font-weight: 400;\">\u00e6ldste kirke i Island<\/span> <span style=\"font-weight: 400;\">med gr\u00e6st\u00f8rv<\/span><span style=\"font-weight: 400;\">. Infinity-swimmingpoolen i Hofs\u00f3s med en betagende udsigt ligger t\u00e6t p\u00e5. Den \u00e6ldste beretning om Grafarkirkja er fra omkring 1240 og findes i Sturlunga Saga, som er en samling af islandske sagaer fra det 12. og 13. \u00e5rhundrede. De fleste gr\u00e6st\u00f8rvskirker i Island lignede sandsynligvis Grafarkirkja i gamle dage. At se p\u00e5 denne kirke er som at se tilbage i tiden. P\u00e5 grund af den \u00f8gede trafik er kirken blevet lukket for bes\u00f8gende. Kirken er bygget af tr\u00e6 og gr\u00e6st\u00f8rv og kan ikke t\u00e5le for meget trafik og skal derfor bevares s\u00e5 godt som muligt. For et kig udefra:        <\/span><i><span style=\"font-weight: 400;\">GPS: <\/span><\/i><a href=\"https:\/\/www.google.com\/maps\/place\/65%C2%B052%2710.7%22N+19%C2%B022%2705.9%22W\/@65.8696389,-19.4033245,13z\/data=!4m5!3m4!1s0x0:0x0!8m2!3d65.8696389!4d-19.3683056\"><i><span style=\"font-weight: 400;\">65\u00b052&#8217;10.7&#8243;N 19\u00b022&#8217;05.9&#8243;W<\/span><\/i><\/a><\/p>\n<p><img loading=\"lazy\" decoding=\"async\" class=\"alignleft wp-image-72970 size-full\" src=\"https:\/\/www.rent.is\/wp-content\/uploads\/2023\/07\/unnamed-e1608241582310.jpg\" alt=\"gammel kirke\" width=\"512\" height=\"384\"><\/p>\n<p>Foto: trover.com<\/p>\n<p>\u00c1rb\u00e6jarkirkja blev oprindeligt bygget i Skagafj\u00f6r\u00f0ur, men blev flyttet til \u00c1rb\u00e6jarsafn, friluftsmuseet i Reykjav\u00edk. Kirken blev restaureret til sit oprindelige udseende og gjort til en del af museet i 1960. For mere information: <a href=\"http:\/\/www.reykjavikcitymuseum.is\/arbaer-open-air-museum\">www.reykjavikcitymuseum.is\/arbaer-open-air-museum<\/a> eller <a href=\"http:\/\/www.borgarsogusafn.is\/arbaejarsafn\">www.borgarsogusafn.is\/arbaejarsafn<\/a>  <\/p>\n<p><img loading=\"lazy\" decoding=\"async\" class=\"alignleft wp-image-72973 size-full\" src=\"https:\/\/www.rent.is\/wp-content\/uploads\/2023\/07\/image6-e1608241773587.jpg\" alt=\"\u00c1rb\u00e6jarkirkja\" width=\"800\" height=\"600\"><\/p>\n<p><span style=\"font-weight: 400;\">Foto: borgarsogusafn.is<\/span><\/p>\n<p><span style=\"font-weight: 400;\">Nu har vi mere end 340 <\/span><span style=\"font-weight: 400;\">islandske<\/span> <span style=\"font-weight: 400;\">kirker<\/span><span style=\"font-weight: 400;\"> tilbage <\/span><span style=\"font-weight: 400;\">i Island<\/span><span style=\"font-weight: 400;\">  at tale om. Men vi b\u00f8r v\u00e6re opm\u00e6rksomme p\u00e5 vores &#8220;Grande Dame&#8221; eller &#8220;Vagten&#8221; over Reykjav\u00edk by. Hallgr\u00edmskirkja er en luthersk sognekirke og opkaldt efter den islandske digter og pr\u00e6st Hallgr\u00edmur P\u00e9tursson (1614-1674). Det er den st\u00f8rste kirke i Island med en h\u00f8jde p\u00e5 74,5 meter og er designet af     <\/span><a href=\"https:\/\/en.wikipedia.org\/wiki\/Gu%C3%B0j%C3%B3n_Sam%C3%BAelsson\"><span style=\"font-weight: 400;\">Gu\u00f0j\u00f3n Sam\u00faelsson<\/span><\/a><span style=\"font-weight: 400;\">  for at ligne klipperne, bjergene og gletsjerne i Islands landskab. Det tog 41 \u00e5r at bygge kirken; byggeriet startede i 1945 og sluttede i 1986. Kirken har et stort pibeorgel af den tyske orgelbygger Johannes Klais fra Bonn. Det er 15 meter h\u00f8jt, og der er 102 r\u00e6kker, 72 stemmer og 5.275 piber. Kirken bruges ogs\u00e5 som udsigtst\u00e5rn. Der findes ingen bedre udsigt over Reykjav\u00edks farverige huse og omgivelserne, som man kan nyde ved at tage en elevator op til udsigtsplatformen. Statuen af Leifur Eriksson (ca. 970 &#8211; ca. 1020) foran kirken var en gave fra USA til \u00e6re for de 1.000 \u00e5r i Reykjav\u00edk.      <\/span><span style=\"font-weight: 400;\">e<\/span><span style=\"font-weight: 400;\"> \u00e5rsdagen for Islands parlament <\/span><a href=\"https:\/\/en.wikipedia.org\/wiki\/%C3%9Eingvellir\"><span style=\"font-weight: 400;\">\u00deingvellir<\/span><\/a><span style=\"font-weight: 400;\"> i 1930.<br \/>\n<\/span><img loading=\"lazy\" decoding=\"async\" class=\"wp-image-72974 size-full alignleft\" src=\"https:\/\/www.rent.is\/wp-content\/uploads\/2023\/07\/unnamed-1-1-e1608241831823.jpg\" alt=\"Hallgr\u00edmskirkja\" width=\"384\" height=\"512\"><\/p>\n<p><a href=\"http:\/\/www.en.hallgrimskirkja.is\/\"><span style=\"font-weight: 400;\">www.en.hallgrimskirkja.is\/<\/span><\/a><\/p>\n","protected":false},"excerpt":{"rendered":"<p>I Island finder du mere end 350 kirker fordelt over hele \u00f8en. Med en befolkning p\u00e5 omkring 360.000 mennesker i 2020 er det ikke et lavt tal. N\u00e5r isl\u00e6ndinge bliver f\u00f8dt, bliver de for det meste registreret som kristne i den lutherske kirke i Island. I en alder af 14 \u00e5r bliver de konfirmeret (p\u00e5 [&hellip;]<\/p>\n","protected":false},"author":15,"featured_media":14719,"comment_status":"closed","ping_status":"closed","sticky":false,"template":"","format":"standard","meta":{"_acf_changed":false,"footnotes":""},"categories":[758],"tags":[],"class_list":["post-67325","post","type-post","status-publish","format-standard","has-post-thumbnail","hentry","category-blog-da"],"acf":[],"yoast_head":"<!-- This site is optimized with the Yoast SEO plugin v26.4 - https:\/\/yoast.com\/wordpress\/plugins\/seo\/ -->\n<title>Smukke islandske kirker: Historie og information<\/title>\n<meta name=\"description\" content=\"Islandske kirker har en rig historie og er topdestinationer for turister og lokale. \u2713 Klik for at se, hvad der g\u00f8r disse smukke bygninger s\u00e5 popul\u00e6re.\" \/>\n<meta name=\"robots\" content=\"index, follow, max-snippet:-1, max-image-preview:large, max-video-preview:-1\" \/>\n<link rel=\"canonical\" href=\"https:\/\/www.rent.is\/da\/blog-da\/smukke-islandske-kirker-historie-og-information\/\" \/>\n<meta property=\"og:locale\" content=\"da_DK\" \/>\n<meta property=\"og:type\" content=\"article\" \/>\n<meta property=\"og:title\" content=\"Smukke islandske kirker: Historie og information\" \/>\n<meta property=\"og:description\" content=\"Islandske kirker har en rig historie og er topdestinationer for turister og lokale. \u2713 Klik for at se, hvad der g\u00f8r disse smukke bygninger s\u00e5 popul\u00e6re.\" \/>\n<meta property=\"og:url\" content=\"https:\/\/www.rent.is\/da\/blog-da\/smukke-islandske-kirker-historie-og-information\/\" \/>\n<meta property=\"og:site_name\" content=\"Rent.is\" \/>\n<meta property=\"article:publisher\" content=\"https:\/\/www.facebook.com\/campervansIceland\/\" \/>\n<meta property=\"article:published_time\" content=\"2021-07-09T00:00:00+00:00\" \/>\n<meta property=\"og:image\" content=\"https:\/\/www.rent.is\/wp-content\/uploads\/2023\/07\/rent.is-image-4-e1608240593469.jpg\" \/>\n\t<meta property=\"og:image:width\" content=\"341\" \/>\n\t<meta property=\"og:image:height\" content=\"512\" \/>\n\t<meta property=\"og:image:type\" content=\"image\/jpeg\" \/>\n<meta name=\"author\" content=\"Theodor Palsson\" \/>\n<meta name=\"twitter:card\" content=\"summary_large_image\" \/>\n<meta name=\"twitter:creator\" content=\"@CampersIceland\" \/>\n<meta name=\"twitter:site\" content=\"@CampersIceland\" \/>\n<meta name=\"twitter:label1\" content=\"Skrevet af\" \/>\n\t<meta name=\"twitter:data1\" content=\"Theodor Palsson\" \/>\n\t<meta name=\"twitter:label2\" content=\"Estimeret l\u00e6setid\" \/>\n\t<meta name=\"twitter:data2\" content=\"6 minutter\" \/>\n<script type=\"application\/ld+json\" class=\"yoast-schema-graph\">{\"@context\":\"https:\/\/schema.org\",\"@graph\":[{\"@type\":[\"Article\",\"BlogPosting\"],\"@id\":\"https:\/\/www.rent.is\/da\/blog-da\/smukke-islandske-kirker-historie-og-information\/#article\",\"isPartOf\":{\"@id\":\"https:\/\/www.rent.is\/da\/blog-da\/smukke-islandske-kirker-historie-og-information\/\"},\"author\":{\"name\":\"Theodor Palsson\",\"@id\":\"https:\/\/www.rent.is\/da\/#\/schema\/person\/59a30e88162ceb34fad74fd3d0e54d36\"},\"headline\":\"Smukke islandske kirker: Historie og information\",\"datePublished\":\"2021-07-09T00:00:00+00:00\",\"mainEntityOfPage\":{\"@id\":\"https:\/\/www.rent.is\/da\/blog-da\/smukke-islandske-kirker-historie-og-information\/\"},\"wordCount\":1222,\"publisher\":{\"@id\":\"https:\/\/www.rent.is\/da\/#organization\"},\"image\":{\"@id\":\"https:\/\/www.rent.is\/da\/blog-da\/smukke-islandske-kirker-historie-og-information\/#primaryimage\"},\"thumbnailUrl\":\"https:\/\/www.rent.is\/wp-content\/uploads\/2023\/07\/rent.is-image-4-e1608240593469.jpg\",\"articleSection\":[\"Blog\"],\"inLanguage\":\"da-DK\"},{\"@type\":\"WebPage\",\"@id\":\"https:\/\/www.rent.is\/da\/blog-da\/smukke-islandske-kirker-historie-og-information\/\",\"url\":\"https:\/\/www.rent.is\/da\/blog-da\/smukke-islandske-kirker-historie-og-information\/\",\"name\":\"Smukke islandske kirker: Historie og information\",\"isPartOf\":{\"@id\":\"https:\/\/www.rent.is\/da\/#website\"},\"primaryImageOfPage\":{\"@id\":\"https:\/\/www.rent.is\/da\/blog-da\/smukke-islandske-kirker-historie-og-information\/#primaryimage\"},\"image\":{\"@id\":\"https:\/\/www.rent.is\/da\/blog-da\/smukke-islandske-kirker-historie-og-information\/#primaryimage\"},\"thumbnailUrl\":\"https:\/\/www.rent.is\/wp-content\/uploads\/2023\/07\/rent.is-image-4-e1608240593469.jpg\",\"datePublished\":\"2021-07-09T00:00:00+00:00\",\"description\":\"Islandske kirker har en rig historie og er topdestinationer for turister og lokale. \u2713 Klik for at se, hvad der g\u00f8r disse smukke bygninger s\u00e5 popul\u00e6re.\",\"inLanguage\":\"da-DK\",\"potentialAction\":[{\"@type\":\"ReadAction\",\"target\":[\"https:\/\/www.rent.is\/da\/blog-da\/smukke-islandske-kirker-historie-og-information\/\"]}]},{\"@type\":\"ImageObject\",\"inLanguage\":\"da-DK\",\"@id\":\"https:\/\/www.rent.is\/da\/blog-da\/smukke-islandske-kirker-historie-og-information\/#primaryimage\",\"url\":\"https:\/\/www.rent.is\/wp-content\/uploads\/2023\/07\/rent.is-image-4-e1608240593469.jpg\",\"contentUrl\":\"https:\/\/www.rent.is\/wp-content\/uploads\/2023\/07\/rent.is-image-4-e1608240593469.jpg\",\"width\":341,\"height\":512,\"caption\":\"the blue church in sey\u00f0isfj\u00f6r\u00f0ur\"},{\"@type\":\"WebSite\",\"@id\":\"https:\/\/www.rent.is\/da\/#website\",\"url\":\"https:\/\/www.rent.is\/da\/\",\"name\":\"Rent.is\",\"description\":\"Camper Van Iceland - Rent a camper, RV, or Motorhome\",\"publisher\":{\"@id\":\"https:\/\/www.rent.is\/da\/#organization\"},\"alternateName\":\"Rent\",\"potentialAction\":[{\"@type\":\"SearchAction\",\"target\":{\"@type\":\"EntryPoint\",\"urlTemplate\":\"https:\/\/www.rent.is\/da\/?s={search_term_string}\"},\"query-input\":{\"@type\":\"PropertyValueSpecification\",\"valueRequired\":true,\"valueName\":\"search_term_string\"}}],\"inLanguage\":\"da-DK\"},{\"@type\":\"Organization\",\"@id\":\"https:\/\/www.rent.is\/da\/#organization\",\"name\":\"Rent\",\"alternateName\":\"Rent Campervan Iceland\",\"url\":\"https:\/\/www.rent.is\/da\/\",\"logo\":{\"@type\":\"ImageObject\",\"inLanguage\":\"da-DK\",\"@id\":\"https:\/\/www.rent.is\/da\/#\/schema\/logo\/image\/\",\"url\":\"https:\/\/www.rent.is\/wp-content\/uploads\/2023\/06\/Rent-logo__blue.svg\",\"contentUrl\":\"https:\/\/www.rent.is\/wp-content\/uploads\/2023\/06\/Rent-logo__blue.svg\",\"caption\":\"Rent\"},\"image\":{\"@id\":\"https:\/\/www.rent.is\/da\/#\/schema\/logo\/image\/\"},\"sameAs\":[\"https:\/\/www.facebook.com\/campervansIceland\/\",\"https:\/\/x.com\/CampersIceland\"]},{\"@type\":\"Person\",\"@id\":\"https:\/\/www.rent.is\/da\/#\/schema\/person\/59a30e88162ceb34fad74fd3d0e54d36\",\"name\":\"Theodor Palsson\",\"image\":{\"@type\":\"ImageObject\",\"inLanguage\":\"da-DK\",\"@id\":\"https:\/\/www.rent.is\/da\/#\/schema\/person\/image\/\",\"url\":\"https:\/\/www.rent.is\/wp-content\/uploads\/2024\/10\/theodor-palsson_avatar-96x96.jpg\",\"contentUrl\":\"https:\/\/www.rent.is\/wp-content\/uploads\/2024\/10\/theodor-palsson_avatar-96x96.jpg\",\"caption\":\"Theodor Palsson\"},\"description\":\"Theod\u00f3r, known as Teddi, is from Reykjavik and works in customer service at Rent. A passionate traveler, he\u2019s also an enduro enthusiast and loves mountain hiking, especially in Iceland\u2019s stunning landscapes.\",\"url\":\"https:\/\/www.rent.is\/da\/author\/teddi\/\"}]}<\/script>\n<!-- \/ Yoast SEO plugin. -->","yoast_head_json":{"title":"Smukke islandske kirker: Historie og information","description":"Islandske kirker har en rig historie og er topdestinationer for turister og lokale. \u2713 Klik for at se, hvad der g\u00f8r disse smukke bygninger s\u00e5 popul\u00e6re.","robots":{"index":"index","follow":"follow","max-snippet":"max-snippet:-1","max-image-preview":"max-image-preview:large","max-video-preview":"max-video-preview:-1"},"canonical":"https:\/\/www.rent.is\/da\/blog-da\/smukke-islandske-kirker-historie-og-information\/","og_locale":"da_DK","og_type":"article","og_title":"Smukke islandske kirker: Historie og information","og_description":"Islandske kirker har en rig historie og er topdestinationer for turister og lokale. \u2713 Klik for at se, hvad der g\u00f8r disse smukke bygninger s\u00e5 popul\u00e6re.","og_url":"https:\/\/www.rent.is\/da\/blog-da\/smukke-islandske-kirker-historie-og-information\/","og_site_name":"Rent.is","article_publisher":"https:\/\/www.facebook.com\/campervansIceland\/","article_published_time":"2021-07-09T00:00:00+00:00","og_image":[{"width":341,"height":512,"url":"https:\/\/www.rent.is\/wp-content\/uploads\/2023\/07\/rent.is-image-4-e1608240593469.jpg","type":"image\/jpeg"}],"author":"Theodor Palsson","twitter_card":"summary_large_image","twitter_creator":"@CampersIceland","twitter_site":"@CampersIceland","twitter_misc":{"Skrevet af":"Theodor Palsson","Estimeret l\u00e6setid":"6 minutter"},"schema":{"@context":"https:\/\/schema.org","@graph":[{"@type":["Article","BlogPosting"],"@id":"https:\/\/www.rent.is\/da\/blog-da\/smukke-islandske-kirker-historie-og-information\/#article","isPartOf":{"@id":"https:\/\/www.rent.is\/da\/blog-da\/smukke-islandske-kirker-historie-og-information\/"},"author":{"name":"Theodor Palsson","@id":"https:\/\/www.rent.is\/da\/#\/schema\/person\/59a30e88162ceb34fad74fd3d0e54d36"},"headline":"Smukke islandske kirker: Historie og information","datePublished":"2021-07-09T00:00:00+00:00","mainEntityOfPage":{"@id":"https:\/\/www.rent.is\/da\/blog-da\/smukke-islandske-kirker-historie-og-information\/"},"wordCount":1222,"publisher":{"@id":"https:\/\/www.rent.is\/da\/#organization"},"image":{"@id":"https:\/\/www.rent.is\/da\/blog-da\/smukke-islandske-kirker-historie-og-information\/#primaryimage"},"thumbnailUrl":"https:\/\/www.rent.is\/wp-content\/uploads\/2023\/07\/rent.is-image-4-e1608240593469.jpg","articleSection":["Blog"],"inLanguage":"da-DK"},{"@type":"WebPage","@id":"https:\/\/www.rent.is\/da\/blog-da\/smukke-islandske-kirker-historie-og-information\/","url":"https:\/\/www.rent.is\/da\/blog-da\/smukke-islandske-kirker-historie-og-information\/","name":"Smukke islandske kirker: Historie og information","isPartOf":{"@id":"https:\/\/www.rent.is\/da\/#website"},"primaryImageOfPage":{"@id":"https:\/\/www.rent.is\/da\/blog-da\/smukke-islandske-kirker-historie-og-information\/#primaryimage"},"image":{"@id":"https:\/\/www.rent.is\/da\/blog-da\/smukke-islandske-kirker-historie-og-information\/#primaryimage"},"thumbnailUrl":"https:\/\/www.rent.is\/wp-content\/uploads\/2023\/07\/rent.is-image-4-e1608240593469.jpg","datePublished":"2021-07-09T00:00:00+00:00","description":"Islandske kirker har en rig historie og er topdestinationer for turister og lokale. \u2713 Klik for at se, hvad der g\u00f8r disse smukke bygninger s\u00e5 popul\u00e6re.","inLanguage":"da-DK","potentialAction":[{"@type":"ReadAction","target":["https:\/\/www.rent.is\/da\/blog-da\/smukke-islandske-kirker-historie-og-information\/"]}]},{"@type":"ImageObject","inLanguage":"da-DK","@id":"https:\/\/www.rent.is\/da\/blog-da\/smukke-islandske-kirker-historie-og-information\/#primaryimage","url":"https:\/\/www.rent.is\/wp-content\/uploads\/2023\/07\/rent.is-image-4-e1608240593469.jpg","contentUrl":"https:\/\/www.rent.is\/wp-content\/uploads\/2023\/07\/rent.is-image-4-e1608240593469.jpg","width":341,"height":512,"caption":"the blue church in sey\u00f0isfj\u00f6r\u00f0ur"},{"@type":"WebSite","@id":"https:\/\/www.rent.is\/da\/#website","url":"https:\/\/www.rent.is\/da\/","name":"Rent.is","description":"Camper Van Iceland - Rent a camper, RV, or Motorhome","publisher":{"@id":"https:\/\/www.rent.is\/da\/#organization"},"alternateName":"Rent","potentialAction":[{"@type":"SearchAction","target":{"@type":"EntryPoint","urlTemplate":"https:\/\/www.rent.is\/da\/?s={search_term_string}"},"query-input":{"@type":"PropertyValueSpecification","valueRequired":true,"valueName":"search_term_string"}}],"inLanguage":"da-DK"},{"@type":"Organization","@id":"https:\/\/www.rent.is\/da\/#organization","name":"Rent","alternateName":"Rent Campervan Iceland","url":"https:\/\/www.rent.is\/da\/","logo":{"@type":"ImageObject","inLanguage":"da-DK","@id":"https:\/\/www.rent.is\/da\/#\/schema\/logo\/image\/","url":"https:\/\/www.rent.is\/wp-content\/uploads\/2023\/06\/Rent-logo__blue.svg","contentUrl":"https:\/\/www.rent.is\/wp-content\/uploads\/2023\/06\/Rent-logo__blue.svg","caption":"Rent"},"image":{"@id":"https:\/\/www.rent.is\/da\/#\/schema\/logo\/image\/"},"sameAs":["https:\/\/www.facebook.com\/campervansIceland\/","https:\/\/x.com\/CampersIceland"]},{"@type":"Person","@id":"https:\/\/www.rent.is\/da\/#\/schema\/person\/59a30e88162ceb34fad74fd3d0e54d36","name":"Theodor Palsson","image":{"@type":"ImageObject","inLanguage":"da-DK","@id":"https:\/\/www.rent.is\/da\/#\/schema\/person\/image\/","url":"https:\/\/www.rent.is\/wp-content\/uploads\/2024\/10\/theodor-palsson_avatar-96x96.jpg","contentUrl":"https:\/\/www.rent.is\/wp-content\/uploads\/2024\/10\/theodor-palsson_avatar-96x96.jpg","caption":"Theodor Palsson"},"description":"Theod\u00f3r, known as Teddi, is from Reykjavik and works in customer service at Rent. A passionate traveler, he\u2019s also an enduro enthusiast and loves mountain hiking, especially in Iceland\u2019s stunning landscapes.","url":"https:\/\/www.rent.is\/da\/author\/teddi\/"}]}},"_links":{"self":[{"href":"https:\/\/www.rent.is\/da\/wp-json\/wp\/v2\/posts\/67325","targetHints":{"allow":["GET"]}}],"collection":[{"href":"https:\/\/www.rent.is\/da\/wp-json\/wp\/v2\/posts"}],"about":[{"href":"https:\/\/www.rent.is\/da\/wp-json\/wp\/v2\/types\/post"}],"author":[{"embeddable":true,"href":"https:\/\/www.rent.is\/da\/wp-json\/wp\/v2\/users\/15"}],"replies":[{"embeddable":true,"href":"https:\/\/www.rent.is\/da\/wp-json\/wp\/v2\/comments?post=67325"}],"version-history":[{"count":0,"href":"https:\/\/www.rent.is\/da\/wp-json\/wp\/v2\/posts\/67325\/revisions"}],"wp:featuredmedia":[{"embeddable":true,"href":"https:\/\/www.rent.is\/da\/wp-json\/wp\/v2\/media\/14719"}],"wp:attachment":[{"href":"https:\/\/www.rent.is\/da\/wp-json\/wp\/v2\/media?parent=67325"}],"wp:term":[{"taxonomy":"category","embeddable":true,"href":"https:\/\/www.rent.is\/da\/wp-json\/wp\/v2\/categories?post=67325"},{"taxonomy":"post_tag","embeddable":true,"href":"https:\/\/www.rent.is\/da\/wp-json\/wp\/v2\/tags?post=67325"}],"curies":[{"name":"wp","href":"https:\/\/api.w.org\/{rel}","templated":true}]}}